{"id":194318,"date":"2026-01-08T17:57:10","date_gmt":"2026-01-08T17:57:10","guid":{"rendered":"https:\/\/www.europesays.com\/pl\/194318\/"},"modified":"2026-01-08T17:57:10","modified_gmt":"2026-01-08T17:57:10","slug":"ustalenia-w-podcascie-polityczny-wf-dot-pis-czarnek-reaguje","status":"publish","type":"post","link":"https:\/\/www.europesays.com\/pl\/194318\/","title":{"rendered":"Ustalenia w podca\u015bcie &#8222;Polityczny WF&#8221; dot. PiS. Czarnek reaguje"},"content":{"rendered":"<ul class=\"typography ids-typeset-body ids-typeset-body--preset-large list ids-list ids-list--unordered ids-list--size-large \" datatype=\"disc\">\n<li class=\"ids-list-item\">\n<p>Czarnek odni\u00f3s\u0142 si\u0119 do mo\u017cliwo\u015bci konstruktywnego wotum nieufno\u015bci i ewentualnej zmiany premiera, podkre\u015blaj\u0105c, \u017ce PiS rozwa\u017ca r\u00f3\u017cne scenariusze polityczne.<\/p>\n<\/li>\n<li class=\"ids-list-item\">\n<p>By\u0142y minister edukacji skomentowa\u0142 spekulacje dotycz\u0105ce kandydat\u00f3w na premiera technicznego, nie potwierdzaj\u0105c jednak \u017cadnych konkretnych nazwisk.<\/p>\n<\/li>\n<li class=\"ids-list-item\">\n<p>Czarnek zaznaczy\u0142, \u017ce PiS jest otwarte na wsp\u00f3\u0142prac\u0119 w koalicji, cho\u0107 podkre\u015bli\u0142 wykluczenie wsp\u00f3\u0142pracy z Grzegorzem Braunem ze wzgl\u0119du na jego kontrowersyjne pogl\u0105dy.<\/p>\n<\/li>\n<li class=\"ids-list-item\">Wi\u0119cej wa\u017cnych informacji znajdziesz na <a class=\"ids-undecorated-link link ids-link link\" href=\"https:\/\/www.interia.pl\/#utm_source=wydarzenia&amp;utm_medium=bullet&amp;utm_campaign=powrot_z_wew&amp;iwa_source=bullet\" target=\"_blank\" rel=\"nofollow noopener\">stronie g\u0142\u00f3wnej Interii<\/a><\/li>\n<\/ul>\n<p class=\"typography ids-typeset-body ids-typeset-body--preset-large link paragraph ids-paragraph ids-paragraph--default\">By\u0142y minister edukacji <a href=\"https:\/\/wydarzenia.interia.pl\/tematy-przemyslaw-czarnek,gsbi,373\" rel=\"nofollow noopener\" target=\"_blank\">Przemys\u0142aw Czarnek<\/a> o planach <a href=\"https:\/\/wydarzenia.interia.pl\/tematy-pis,gsbi,6580\" rel=\"nofollow noopener\" target=\"_blank\">PiS<\/a> rozmawia\u0142 w programie &#8222;T\u0142it&#8221; Wirtualnej Polski. &#8211; Premierem ma szans\u0119 by\u0107 ka\u017cdy, kto b\u0119dzie w koalicji rz\u0105dz\u0105cej. My na razie w takiej nie jeste\u015bmy, wi\u0119c m\u00f3wienie o tym, kto b\u0119dzie premierem w sytuacji, kiedy nie mamy w\u0142adzy,\u00a0jest absurdem &#8211; stwierdzi\u0142.<\/p>\n<p class=\"typography ids-typeset-body ids-typeset-body--preset-large link paragraph ids-paragraph ids-paragraph--default\">Doda\u0142, \u017ce obecnie w PiS m\u00f3wi si\u0119 w szczeg\u00f3lno\u015bci o tym, jak &#8222;stanowi\u0105c jedno\u015b\u0107, przy skrzyd\u0142ach, kt\u00f3re mamy, przy pogl\u0105dach, kt\u00f3re mamy r\u00f3\u017cne, i przy wsp\u00f3lnym fundamencie &#8211; niepodleg\u0142o\u015b\u0107, suwerenno\u015b\u0107, patriotyzm, konserwatyzm &#8211;\u00a0wyrwa\u0107 w\u0142adz\u0119 z r\u0105k Tuska, kt\u00f3ry dusi pa\u0144stwo polskie&#8221;.<\/p>\n<p>Czarnek o ustaleniach z podcastu &#8222;Polityczny WF&#8221;. &#8222;Jest mo\u017cliwo\u015b\u0107 przed nami&#8221;<\/p>\n<p class=\"typography ids-typeset-body ids-typeset-body--preset-large link paragraph ids-paragraph ids-paragraph--default\">&#8211; Nie s\u0142ysza\u0142em o tego rodzaju zabiegach i tego rodzaju propozycjach, natomiast wszystko jest przed nami. By\u0107 mo\u017ce i taka b\u0119dzie propozycja PiS w tym 2026 roku &#8211; zacz\u0105\u0142.<\/p>\n<p class=\"typography ids-typeset-body ids-typeset-body--preset-large link paragraph ids-paragraph ids-paragraph--default\">Dopytywany, czy jest to krok faktycznie rozwa\u017cany, Czarnek odpar\u0142: &#8211; Absolutnie wykluczy\u0107 nie mo\u017cna. My mamy ca\u0142\u0105 palet\u0119 dzia\u0142a\u0144, kt\u00f3re mo\u017cna podj\u0105\u0107, je\u015bli one maj\u0105 by\u0107 skuteczne. Je\u015bli by\u0142aby skuteczno\u015b\u0107 r\u00f3wnie\u017c we wniosku o konstruktywne wotum nieufno\u015bci, kt\u00f3ry wi\u0105\u017ce si\u0119 r\u00f3wnie\u017c ze wskazaniem kandydata na premiera (\u2026), to jest taka mo\u017cliwo\u015b\u0107 przed nami.<\/p>\n<p>Kogo Kaczy\u0144ski chcia\u0142by na premiera? Czarnek oceni\u0142 nazwiska<\/p>\n<p class=\"typography ids-typeset-body ids-typeset-body--preset-large link paragraph ids-paragraph ids-paragraph--default\">Z ustale\u0144 Witwickiego i Fijo\u0142ka wynika, \u017ce PiS mog\u0142oby rozwa\u017ca\u0107 dw\u00f3ch kandydat\u00f3w na premiera &#8222;technicznego&#8221; &#8211; chodzi o by\u0142ego ambasadora <a href=\"https:\/\/wydarzenia.interia.pl\/tematy-polska,gsbi,2628\" rel=\"nofollow noopener\" target=\"_blank\">Polski<\/a> przy <a href=\"https:\/\/wydarzenia.interia.pl\/tematy-nato,gsbi,1028\" rel=\"nofollow noopener\" target=\"_blank\">NATO<\/a> Tomasza Szatkowskiego\u00a0oraz\u00a0Piotra Nowaka, kt\u00f3ry przez kr\u00f3tki czas kierowa\u0142 resortem rozwoju i technologii.<\/p>\n<p class=\"typography ids-typeset-body ids-typeset-body--preset-large link paragraph ids-paragraph ids-paragraph--default\">&#8211; Nie s\u0142ysza\u0142em o \u017cadnych tego rodzaju propozycjach &#8211; zareagowa\u0142 w programie WP Przemys\u0142aw Czarnek. &#8211; W ostatnim czasie &#8211; doda\u0142 po chwili.<\/p>\n<p class=\"typography ids-typeset-body ids-typeset-body--preset-large link paragraph ids-paragraph ids-paragraph--default\">&#8211; Zar\u00f3wno jeden, jak i drugi to s\u0105 wybitni specjali\u015bci w swoich dziedzinach. By\u0107 mo\u017ce mogliby by\u0107 brani pod uwag\u0119. Ale raz jeszcze powtarzam &#8211; nie by\u0142o o tym mowy wczoraj &#8211; zaznaczy\u0142 by\u0142y minister.<\/p>\n<p class=\"typography ids-typeset-body ids-typeset-body--preset-large link paragraph ids-paragraph ids-paragraph--default\">Zobacz nowy odcinek podcastu Interii &#8222;Polityczny WF&#8221;!<\/p>\n<p class=\"typography ids-typeset-body ids-typeset-body--preset-large link paragraph ids-paragraph ids-paragraph--default\">Ci\u0105g dalszy artyku\u0142u pod wideo<\/p>\n<p>&#8222;Polityczny WF&#8221;: Kto na premiera technicznego z PiS? Nieoczywiste nazwiskoINTERIA.PL<\/p>\n<p>PiS mog\u0142oby rz\u0105dzi\u0107 w koalicji. Czarnek: Z kimkolwiek<\/p>\n<p class=\"typography ids-typeset-body ids-typeset-body--preset-large link paragraph ids-paragraph ids-paragraph--default\">Prowadz\u0105cy program WP przypomnia\u0142 Czarnkowi, \u017ce w rozmowie na antenie Polsat News nie wyklucza\u0142 on koalicji PiS z <a href=\"https:\/\/wydarzenia.interia.pl\/tematy-grzegorz-braun,gsbi,1076\" rel=\"nofollow noopener\" target=\"_blank\">Grzegorzem Braunem<\/a>, podczas gdy inni politycy PiS stanowczo si\u0119 jej sprzeciwiaj\u0105.<\/p>\n<p class=\"typography ids-typeset-body ids-typeset-body--preset-large link paragraph ids-paragraph ids-paragraph--default\">&#8211; Nie zgadzamy si\u0119 z Grzegorzem Braunem w wielu sprawach. Natomiast mamy \u015bwiadomo\u015b\u0107, \u017ce r\u00f3wnie\u017c cz\u0119\u015b\u0107 elektoratu, cz\u0119\u015b\u0107 opinii publicznej dzisiaj popiera Grzegorza Brauna; to w jakiej\u015b cz\u0119\u015bci nasz by\u0142y elektorat. Dlatego chcemy stworzy\u0107 propozycj\u0119 odpowiedzialnej prawicy, \u017ceby zobaczyli: Nie musicie by\u0107 w ugrupowaniu, kt\u00f3re nie proponuje powa\u017cnych rozwi\u0105za\u0144 dla Polski &#8211; t\u0142umaczy\u0142 wiceprezes PiS.<\/p>\n<p class=\"typography ids-typeset-body ids-typeset-body--preset-large link paragraph ids-paragraph ids-paragraph--default\">&#8211; Nie walczymy o koalicj\u0119 z Grzegorzem Braunem. Walczymy o to, \u017ceby przej\u0105\u0107 w\u0142adz\u0119 samodzielnie, b\u0105d\u017a w koalicji z kimkolwiek innym &#8211; doda\u0142<\/p>\n<p class=\"typography ids-typeset-body ids-typeset-body--preset-large link paragraph ids-paragraph ids-paragraph--default\">Wed\u0142ug Czarnka w obecnej sytuacji, kiedy Polska musi liczy\u0107 na sojusze (w tym z USA), &#8222;niekt\u00f3re wyst\u0105pienia Grzegorza Brauna przekre\u015blaj\u0105 mo\u017cliwo\u015b\u0107 wsp\u00f3\u0142pracy z nim&#8221;. &#8211; Negacjonizm jest nie do przyj\u0119cia. Kropka &#8211; podsumowa\u0142.<\/p>\n<ul class=\"typography ids-typeset-body ids-typeset-body--preset-small list--article-list ids-list ids-list--unordered ids-list--size-small \" datatype=\"disc\">\n<li class=\"ids-list-item ids-list-item__content brief-list-item\"><a class=\"ids-undecorated-link link ids-link \" data-spons=\"false\" href=\"https:\/\/wydarzenia.interia.pl\/kraj\/news-andrzej-duda-o-relacjach-z-karolem-nawrockim-czasem-dzwoni,nId,22506217\" rel=\"nofollow noopener\" target=\"_blank\">Andrzej Duda o relacjach z Karolem Nawrockim. &#8222;Czasem dzwoni&#8221;<\/a><\/li>\n<li class=\"ids-list-item ids-list-item__content brief-list-item\"><a class=\"ids-undecorated-link link ids-link \" data-spons=\"false\" href=\"https:\/\/wydarzenia.interia.pl\/kraj\/news-sprawa-kilometrowek-rozpoczal-sie-proces-ryszarda-czarneckie,nId,22506096\" rel=\"nofollow noopener\" target=\"_blank\">Sprawa kilometr\u00f3wek. Rozpocz\u0105\u0142 si\u0119 proces Ryszarda Czarneckiego<\/a><\/li>\n<\/ul>\n<p>\u017burek: Stworzy\u0142em plan utworzenia 13 nowych s\u0105d\u00f3w pracyPolsat NewsPolsat News<\/p>\n<p><a class=\"ids-undecorated-link source ids-page-info--source__link\" href=\"https:\/\/www.interia.pl\" rel=\"nofollow noopener\" target=\"_blank\"><img decoding=\"async\" class=\"ids-image-holder__img\" loading=\"lazy\" alt=\"\" title=\"\" height=\"24px\" src=\"https:\/\/www.europesays.com\/pl\/wp-content\/uploads\/2026\/01\/1767782590_880_0009A60QQ5I2TYF7-C202-F4.webp.webp\"\/><\/a><\/p>\n<p>Masz sugestie, uwagi albo widzisz b\u0142\u0105d? Napisz do nas<\/p>\n","protected":false},"excerpt":{"rendered":"Czarnek odni\u00f3s\u0142 si\u0119 do mo\u017cliwo\u015bci konstruktywnego wotum nieufno\u015bci i ewentualnej zmiany premiera, podkre\u015blaj\u0105c, \u017ce PiS rozwa\u017ca r\u00f3\u017cne scenariusze&hellip;\n","protected":false},"author":2,"featured_media":194319,"comment_status":"","ping_status":"","sticky":false,"template":"","format":"standard","meta":{"footnotes":""},"categories":[12],"tags":[32,33,36,37,27,34,35,28,31,25,42,38,40,39,41,29,30,26],"class_list":{"0":"post-194318","1":"post","2":"type-post","3":"status-publish","4":"format-standard","5":"has-post-thumbnail","7":"category-polska","8":"tag-breaking-news","9":"tag-breakingnews","10":"tag-featured-news","11":"tag-featurednews","12":"tag-headlines","13":"tag-latest-news","14":"tag-latestnews","15":"tag-naglowki","16":"tag-najwazniejsze-artykuly","17":"tag-news","18":"tag-pl","19":"tag-poland","20":"tag-polish","21":"tag-polska","22":"tag-polski","23":"tag-top-stories","24":"tag-topstories","25":"tag-wiadomosci"},"share_on_mastodon":{"url":"https:\/\/pubeurope.com\/@pl\/115860776194846376","error":""},"_links":{"self":[{"href":"https:\/\/www.europesays.com\/pl\/wp-json\/wp\/v2\/posts\/194318","targetHints":{"allow":["GET"]}}],"collection":[{"href":"https:\/\/www.europesays.com\/pl\/wp-json\/wp\/v2\/posts"}],"about":[{"href":"https:\/\/www.europesays.com\/pl\/wp-json\/wp\/v2\/types\/post"}],"author":[{"embeddable":true,"href":"https:\/\/www.europesays.com\/pl\/wp-json\/wp\/v2\/users\/2"}],"replies":[{"embeddable":true,"href":"https:\/\/www.europesays.com\/pl\/wp-json\/wp\/v2\/comments?post=194318"}],"version-history":[{"count":0,"href":"https:\/\/www.europesays.com\/pl\/wp-json\/wp\/v2\/posts\/194318\/revisions"}],"wp:featuredmedia":[{"embeddable":true,"href":"https:\/\/www.europesays.com\/pl\/wp-json\/wp\/v2\/media\/194319"}],"wp:attachment":[{"href":"https:\/\/www.europesays.com\/pl\/wp-json\/wp\/v2\/media?parent=194318"}],"wp:term":[{"taxonomy":"category","embeddable":true,"href":"https:\/\/www.europesays.com\/pl\/wp-json\/wp\/v2\/categories?post=194318"},{"taxonomy":"post_tag","embeddable":true,"href":"https:\/\/www.europesays.com\/pl\/wp-json\/wp\/v2\/tags?post=194318"}],"curies":[{"name":"wp","href":"https:\/\/api.w.org\/{rel}","templated":true}]}}