{"id":194320,"date":"2026-01-08T17:58:07","date_gmt":"2026-01-08T17:58:07","guid":{"rendered":"https:\/\/www.europesays.com\/pl\/194320\/"},"modified":"2026-01-08T17:58:07","modified_gmt":"2026-01-08T17:58:07","slug":"w-rosji-wrze-po-decyzji-polski-domagaja-sie-kary","status":"publish","type":"post","link":"https:\/\/www.europesays.com\/pl\/194320\/","title":{"rendered":"W Rosji wrze po decyzji Polski. Domagaj\u0105 si\u0119 kary"},"content":{"rendered":"<p class=\"Paragraph_desktopParagraph__Fd2e9\">Spraw\u0119 nag\u0142o\u015bni\u0142a rosyjska agencja TASS, kt\u00f3ra informuje, \u017ce decyzja polskich w\u0142adz zosta\u0142a w kraju rz\u0105dzonym przez W\u0142adimira Putina odebrana jako przejaw antyrosyjskich nastroj\u00f3w. G\u0142os zabra\u0142a m.in. matka zawodniczki, Jekaterina Fedorowcewa. W rozmowie z rosyjskimi mediami nazwa\u0142a ca\u0142\u0105 sytuacj\u0119 &#8222;skandalem&#8221; i podkre\u015bli\u0142a, \u017ce jej c\u00f3rka w 2025 r. wielokrotnie podr\u00f3\u017cowa\u0142a po krajach strefy Schengen.<\/p>\n<p class=\"VideoPlayerText_videoPlayerText__zrtJk\">Dalszy ci\u0105g materia\u0142u pod wideo<\/p>\n<p class=\"Paragraph_desktopParagraph__Fd2e9\">\u2014 Odmowa wydania sportowcowi wizy na udzia\u0142 w fazie grupowej Ligi Mistrz\u00f3w narusza zasady uczciwej rywalizacji sportowej i jest przejawem braku szacunku nie tylko wobec sportowca i Fenerbah\u00e7e, ale tak\u017ce wobec ca\u0142ej Turcji \u2014 stwierdzi\u0142a Fedorowcewa.<\/p>\n<p>\u017b\u0105dania walkowera i krytyka Polski<\/p>\n<p class=\"Paragraph_desktopParagraph__Fd2e9\">Jeszcze dalej posz\u0142a Swiet\u0142ana \u017burowa, deputowana Dumy Pa\u0144stwowej i by\u0142a mistrzyni olimpijska. Po meczu Ligi Mistrzy\u0144 zasugerowa\u0142a, \u017ce polski klub powinien ponie\u015b\u0107 konsekwencje. \u2014 Jeden walkower wystarczy\u0142by, \u017ceby Polacy zacz\u0119li wydawa\u0107 wizy wszystkim rosyjskim sportowcom \u2014 powiedzia\u0142a \u017burowa, cytowana przez portal sport.ru.<\/p>\n<p class=\"Paragraph_desktopParagraph__Fd2e9\">Do sprawy odnios\u0142y si\u0119 r\u00f3wnie\u017c media zagraniczne. W\u0142oski serwis ivolleymagazine.it zwr\u00f3ci\u0142 uwag\u0119 na nier\u00f3wne traktowanie rosyjskich zawodniczek w europejskich rozgrywkach. Jako przyk\u0142ad podano Tatian\u0119 To\u0142ok, inn\u0105 rosyjsk\u0105 siatkark\u0119, kt\u00f3ra mog\u0142a bez przeszk\u00f3d zagra\u0107 we W\u0142oszech dzi\u0119ki posiadanemu tam zezwoleniu na pobyt.<\/p>\n<p>Symboliczny gest w Lidze Mistrzy\u0144<\/p>\n<p class=\"Paragraph_desktopParagraph__Fd2e9\">Sytuacja odbi\u0142a si\u0119 tak\u017ce szerokim echem w samej dru\u017cynie Fenerbahce. Kapitan zespo\u0142u, Eda Erdem, pojawi\u0142a si\u0119 na pomeczowym wywiadzie z lalk\u0105 Barbie w r\u0119ku. By\u0142 to symboliczny gest wsparcia dla Fedorowcewej, kt\u00f3ra \u2014 jak podkre\u015blano \u2014 nie tylko nie otrzyma\u0142a wizy do Polski, ale r\u00f3wnie\u017c nie mog\u0142a z\u0142o\u017cy\u0107 nowego wniosku w innym kraju.<\/p>\n<p class=\"Paragraph_desktopParagraph__Fd2e9\">\u2014 Ta Barbie to nasza Arina. Nie mog\u0142a przyjecha\u0107 z powodu problem\u00f3w wizowych, dlatego postanowi\u0142am wesprze\u0107 j\u0105 w ten spos\u00f3b. Kochamy ci\u0119, Arina \u2014 powiedzia\u0142a Erdem.<\/p>\n<p class=\"Paragraph_desktopParagraph__Fd2e9\">Mecz zako\u0144czy\u0142 si\u0119 zdecydowanym zwyci\u0119stwem Fenerbahce, kt\u00f3re pokona\u0142o \u0141KS Commercecon \u0141\u00f3d\u017a 3:0 (26:15, 25:20, 25:11) i umocni\u0142o swoj\u0105 pozycj\u0119 w Lidze Mistrzy\u0144.<\/p>\n<p class=\"Paragraph_desktopParagraph__Fd2e9\">Arina Fedorowcewa od 2021 r. jest zawodniczk\u0105 Fenerbah\u00e7e Stambu\u0142. W 2024 r. wyst\u0119powa\u0142a w chi\u0144skim Shanghai, a w styczniu 2025 wr\u00f3ci\u0142a do Turcji. W barwach stambulskiego klubu zdoby\u0142a ju\u017c dwa mistrzostwa, dwa Puchary oraz dwa Superpuchary Turcji i uchodzi za jedn\u0105 z kluczowych postaci zespo\u0142u.<\/p>\n","protected":false},"excerpt":{"rendered":"Spraw\u0119 nag\u0142o\u015bni\u0142a rosyjska agencja TASS, kt\u00f3ra informuje, \u017ce decyzja polskich w\u0142adz zosta\u0142a w kraju rz\u0105dzonym przez W\u0142adimira Putina&hellip;\n","protected":false},"author":2,"featured_media":194321,"comment_status":"","ping_status":"","sticky":false,"template":"","format":"standard","meta":{"footnotes":""},"categories":[5],"tags":[32,33,36,37,33192,27,67,34,35,746,28,31,25,42,38,40,39,41,136,128,87,47,131,135,23763,29,30,192,26,130],"class_list":{"0":"post-194320","1":"post","2":"type-post","3":"status-publish","4":"format-standard","5":"has-post-thumbnail","7":"category-naglowki","8":"tag-breaking-news","9":"tag-breakingnews","10":"tag-featured-news","11":"tag-featurednews","12":"tag-fenerbahce_sk","13":"tag-headlines","14":"tag-intextvideo_splayer","15":"tag-latest-news","16":"tag-latestnews","17":"tag-lysy","18":"tag-naglowki","19":"tag-najwazniejsze-artykuly","20":"tag-news","21":"tag-pl","22":"tag-poland","23":"tag-polish","24":"tag-polska","25":"tag-polski","26":"tag-ps_detal_new","27":"tag-psv2","28":"tag-rosja","29":"tag-screening_general","30":"tag-siatkowka","31":"tag-sport_sport","32":"tag-swietlana_zurowa","33":"tag-top-stories","34":"tag-topstories","35":"tag-turcja","36":"tag-wiadomosci","37":"tag-wiadomosci_sportowe"},"share_on_mastodon":{"url":"https:\/\/pubeurope.com\/@pl\/115860780398381463","error":""},"_links":{"self":[{"href":"https:\/\/www.europesays.com\/pl\/wp-json\/wp\/v2\/posts\/194320","targetHints":{"allow":["GET"]}}],"collection":[{"href":"https:\/\/www.europesays.com\/pl\/wp-json\/wp\/v2\/posts"}],"about":[{"href":"https:\/\/www.europesays.com\/pl\/wp-json\/wp\/v2\/types\/post"}],"author":[{"embeddable":true,"href":"https:\/\/www.europesays.com\/pl\/wp-json\/wp\/v2\/users\/2"}],"replies":[{"embeddable":true,"href":"https:\/\/www.europesays.com\/pl\/wp-json\/wp\/v2\/comments?post=194320"}],"version-history":[{"count":0,"href":"https:\/\/www.europesays.com\/pl\/wp-json\/wp\/v2\/posts\/194320\/revisions"}],"wp:featuredmedia":[{"embeddable":true,"href":"https:\/\/www.europesays.com\/pl\/wp-json\/wp\/v2\/media\/194321"}],"wp:attachment":[{"href":"https:\/\/www.europesays.com\/pl\/wp-json\/wp\/v2\/media?parent=194320"}],"wp:term":[{"taxonomy":"category","embeddable":true,"href":"https:\/\/www.europesays.com\/pl\/wp-json\/wp\/v2\/categories?post=194320"},{"taxonomy":"post_tag","embeddable":true,"href":"https:\/\/www.europesays.com\/pl\/wp-json\/wp\/v2\/tags?post=194320"}],"curies":[{"name":"wp","href":"https:\/\/api.w.org\/{rel}","templated":true}]}}