{"id":194326,"date":"2026-01-08T18:01:07","date_gmt":"2026-01-08T18:01:07","guid":{"rendered":"https:\/\/www.europesays.com\/pl\/194326\/"},"modified":"2026-01-08T18:01:07","modified_gmt":"2026-01-08T18:01:07","slug":"medyczny-problem-w-kosmosie-nasa-rozwaza-skrocenie-misji","status":"publish","type":"post","link":"https:\/\/www.europesays.com\/pl\/194326\/","title":{"rendered":"Medyczny problem w kosmosie. NASA rozwa\u017ca skr\u00f3cenie misji"},"content":{"rendered":"<p class=\"ods-c-paragraph \">W \u015brod\u0119 ameryka\u0144ska agencja kosmiczna w kr\u00f3tkim wpisie na oficjalnym blogu Mi\u0119dzynarodowej Stacji Kosmicznej (ISS) poinformowa\u0142a o prze\u0142o\u017ceniu zaplanowanego na 8 stycznia 6,5-godzinnego spaceru kosmicznego. Celem spaceru mia\u0142 by\u0107 monta\u017c nowego sprz\u0119tu na zewn\u0119trznej cz\u0119\u015bci stacji.<\/p>\n<p>Dalszy ci\u0105g artyku\u0142u pod materia\u0142em wideo<\/p>\n<p> Jaki jest problem medyczny na ISS? <\/p>\n<p> Kiedy mia\u0142 odby\u0107 si\u0119 prze\u0142o\u017cony spacer kosmiczny? <\/p>\n<p> Ilu cz\u0142onk\u00f3w ma za\u0142oga misji Crew-11? <\/p>\n<p> Jakie by\u0142y wcze\u015bniejsze powody odwo\u0142ania spacer\u00f3w kosmicznych? <\/p>\n<p>  Problem zdrowotny na ISS. NASA analizuje wszystkie mo\u017cliwo\u015bci<\/p>\n<p class=\"ods-c-paragraph \">Jednocze\u015bnie poinformowano, \u017ce decyzja o prze\u0142o\u017ceniu spaceru ma zwi\u0105zek ze stanem zdrowia jednego z cz\u0142onk\u00f3w za\u0142ogi. Jednak ze wzgl\u0119du na ochron\u0119 prywatno\u015bci, nie ujawniono ani szczeg\u00f3\u0142\u00f3w dotycz\u0105cych stanu zdrowia tej osoby, ani jej to\u017csamo\u015bci.<\/p>\n<p class=\"ods-c-paragraph \">Niestety sytuacja nie zosta\u0142a rozwi\u0105zana. W czwartek poinformowano o rozwa\u017caniu kolejnych krok\u00f3w w tej sprawie.<\/p>\n<p class=\"ods-c-paragraph \">&#8222;Jako uzupe\u0142nienie naszej wcze\u015bniejszej komunikacji dotycz\u0105cej sytuacji medycznej na pok\u0142adzie Mi\u0119dzynarodowej Stacji Kosmicznej informujemy, \u017ce dotyczy\u0142a ona jednego cz\u0142onka za\u0142ogi, kt\u00f3rego stan jest stabilny&#8221; \u2014 czytamy w nowym komunikacie. &#8222;Bezpieczne prowadzenie naszych misji jest naszym najwy\u017cszym priorytetem i aktywnie analizujemy wszystkie opcje, w tym mo\u017cliwo\u015b\u0107 wcze\u015bniejszego zako\u0144czenia misji Crew-11. To s\u0105 sytuacje, do kt\u00f3rych NASA i nasi partnerzy szkol\u0105 si\u0119 i przygotowuj\u0105, aby realizowa\u0107 je w spos\u00f3b bezpieczny&#8221; \u2014 dodano.<\/p>\n<p class=\"ods-c-paragraph \">NASA zapowiada wydanie kolejnego komunikatu w ci\u0105gu 24 godzin.<\/p>\n<p>   Za\u0142oga misji Crew-11 ma planowo wr\u00f3ci\u0107 na Ziemi\u0119 w maju<\/p>\n<p class=\"ods-c-paragraph \">Za\u0142oga misji Crew-11 sk\u0142ada si\u0119 z czterech os\u00f3b: Amerykan\u00f3w Zeny Cardman i Mike\u2019a Fincke\u2019a, Japo\u0144czyka Kimiyi Yuiego oraz Rosjanina Olega P\u0142atonowa. Na stacji przebywaj\u0105 od sierpnia 2025 r., a w kosmosie mieli pozosta\u0107 do maja b.r.<\/p>\n<p class=\"ods-c-paragraph \">Samo odwo\u0142anie spacer\u00f3w z powod\u00f3w zdrowotnych zdarza si\u0119 ju\u017c nie pierwszy raz na pok\u0142adzie stacji. Do podobnych decyzji dosz\u0142o w 2024 r. z powodu &#8222;dyskomfortu w skafandrze&#8221;, czy w 2021 r., gdy ameryka\u0144ski astronauta Mark Vande Hei zrezygnowa\u0142 z wyj\u015bcia w przestrze\u0144 kosmiczn\u0105 z powodu ucisku nerwu.<\/p>\n<p class=\"ods-c-paragraph \">Ewentualne skr\u00f3cenie misji a\u017c o p\u00f3\u0142 roku by\u0142oby niezwykle wyj\u0105tkow\u0105 sytuacj\u0105.<\/p>\n","protected":false},"excerpt":{"rendered":"W \u015brod\u0119 ameryka\u0144ska agencja kosmiczna w kr\u00f3tkim wpisie na oficjalnym blogu Mi\u0119dzynarodowej Stacji Kosmicznej (ISS) poinformowa\u0142a o prze\u0142o\u017ceniu&hellip;\n","protected":false},"author":2,"featured_media":194327,"comment_status":"","ping_status":"","sticky":false,"template":"","format":"standard","meta":{"footnotes":""},"categories":[20],"tags":[4903,48,120,118,119,46,42,38,40,39,41,116,114,115,47,80,121,117,71,4904],"class_list":{"0":"post-194326","1":"post","2":"type-post","3":"status-publish","4":"format-standard","5":"has-post-thumbnail","7":"category-nauka-i-technika","8":"tag-nasa","9":"tag-nat_styl","10":"tag-nauka","11":"tag-nauka-i-technika","12":"tag-naukatechnika","13":"tag-omp","14":"tag-pl","15":"tag-poland","16":"tag-polish","17":"tag-polska","18":"tag-polski","19":"tag-science","20":"tag-science-and-technology","21":"tag-sciencetechnology","22":"tag-screening_general","23":"tag-swiat","24":"tag-technika","25":"tag-technology","26":"tag-usa","27":"tag-wszechswiat_astronomia_loty_w_kosmos"},"share_on_mastodon":{"url":"https:\/\/pubeurope.com\/@pl\/115860791981357973","error":""},"_links":{"self":[{"href":"https:\/\/www.europesays.com\/pl\/wp-json\/wp\/v2\/posts\/194326","targetHints":{"allow":["GET"]}}],"collection":[{"href":"https:\/\/www.europesays.com\/pl\/wp-json\/wp\/v2\/posts"}],"about":[{"href":"https:\/\/www.europesays.com\/pl\/wp-json\/wp\/v2\/types\/post"}],"author":[{"embeddable":true,"href":"https:\/\/www.europesays.com\/pl\/wp-json\/wp\/v2\/users\/2"}],"replies":[{"embeddable":true,"href":"https:\/\/www.europesays.com\/pl\/wp-json\/wp\/v2\/comments?post=194326"}],"version-history":[{"count":0,"href":"https:\/\/www.europesays.com\/pl\/wp-json\/wp\/v2\/posts\/194326\/revisions"}],"wp:featuredmedia":[{"embeddable":true,"href":"https:\/\/www.europesays.com\/pl\/wp-json\/wp\/v2\/media\/194327"}],"wp:attachment":[{"href":"https:\/\/www.europesays.com\/pl\/wp-json\/wp\/v2\/media?parent=194326"}],"wp:term":[{"taxonomy":"category","embeddable":true,"href":"https:\/\/www.europesays.com\/pl\/wp-json\/wp\/v2\/categories?post=194326"},{"taxonomy":"post_tag","embeddable":true,"href":"https:\/\/www.europesays.com\/pl\/wp-json\/wp\/v2\/tags?post=194326"}],"curies":[{"name":"wp","href":"https:\/\/api.w.org\/{rel}","templated":true}]}}