{"id":194354,"date":"2026-01-08T18:17:10","date_gmt":"2026-01-08T18:17:10","guid":{"rendered":"https:\/\/www.europesays.com\/pl\/194354\/"},"modified":"2026-01-08T18:17:10","modified_gmt":"2026-01-08T18:17:10","slug":"iran-caly-kraj-odciety-od-sieci-doszlo-do-starc-z-policja","status":"publish","type":"post","link":"https:\/\/www.europesays.com\/pl\/194354\/","title":{"rendered":"Iran. Ca\u0142y kraj odci\u0119ty od sieci. Dosz\u0142o do star\u0107 z policj\u0105"},"content":{"rendered":"<p class=\"typography ids-typeset-body ids-typeset-body--preset-large link paragraph ids-paragraph ids-paragraph--default\">Wkr\u00f3tce wi\u0119cej informacji&#8230;<\/p>\n<p class=\"typography ids-typeset-body ids-typeset-body--preset-large link paragraph ids-paragraph ids-paragraph--default\">Organizacje pozarz\u0105dowe poinformowa\u0142y, \u017ce policja u\u017cy\u0142a gazu \u0142zawi\u0105cego m.in. w miastach Kerman na po\u0142udniowym wschodzie <a href=\"https:\/\/wydarzenia.interia.pl\/tematy-iran,gsbi,2646\" rel=\"nofollow noopener\" target=\"_blank\">Iranu<\/a> oraz Tonekabon nad Morzem Kaspijskim.<\/p>\n<p class=\"typography ids-typeset-body ids-typeset-body--preset-large link paragraph ids-paragraph ids-paragraph--default\">Grupa monitoruj\u0105ca internet Netblocks poinformowa\u0142a, \u017ce kraj zosta\u0142 pozbawiony po\u0142\u0105czenia z sieci\u0105.<\/p>\n<p>Protesty w Iranie. Pod Teheranem zgin\u0105\u0142 policjant<\/p>\n<p class=\"typography ids-typeset-body ids-typeset-body--preset-large link paragraph ids-paragraph ids-paragraph--default\">Ira\u0144ska agencja prasowa Fars powiadomi\u0142a r\u00f3wnie\u017c, \u017ce pod pod <a href=\"https:\/\/wydarzenia.interia.pl\/tematy-teheran,gsbi,6810\" rel=\"nofollow noopener\" target=\"_blank\">Teheranem<\/a> zosta\u0142 ugodzony no\u017cem i po kilku godzinach zmar\u0142 policjant &#8222;uczestnicz\u0105cy w wysi\u0142kach, maj\u0105cych na celu opanowanie zamieszek&#8221;.<\/p>\n<p class=\"typography ids-typeset-body ids-typeset-body--preset-large link paragraph ids-paragraph ids-paragraph--default\">Z opublikowanych w czwartek nowych oblicze\u0144 organizacji pozarz\u0105dowej Iran Human Rights z siedzib\u0105 w Norwegii wynika, \u017ce od pocz\u0105tku protest\u00f3w zgin\u0119\u0142o co najmniej 45 manifestant\u00f3w.<\/p>\n<p class=\"typography ids-typeset-body ids-typeset-body--preset-large link paragraph ids-paragraph ids-paragraph--default\">Przypomnijmy, \u017ce protesty w Iranie rozpocz\u0119\u0142y si\u0119 28 grudnia od strajku zwi\u0105zanego z gwa\u0142townym spadkiem warto\u015bci krajowej waluty i trudn\u0105 sytuacj\u0105 ekonomiczn\u0105. Szybko jednak nabra\u0142y one charakteru politycznego.<\/p>\n<p class=\"typography ids-typeset-body ids-typeset-body--preset-large link paragraph ids-paragraph ids-paragraph--default\">W trakcie manifestacji pojawi\u0142y si\u0119 bowiem has\u0142a wymierzone w rz\u0105d i w\u0142adz\u0119 ajatollah\u00f3w. W ci\u0105gu kilkunastu dni protesty obj\u0119\u0142y &#8211; zdaniem opozycyjnego portalu Iran International &#8211; powy\u017cej 200 miast.<\/p>\n<p>Do udzia\u0142u w protestach zach\u0119ca\u0142 syn by\u0142ego szacha<\/p>\n<p class=\"typography ids-typeset-body ids-typeset-body--preset-large link paragraph ids-paragraph ids-paragraph--default\">Do udzia\u0142u w manifestacjach zach\u0119ca\u0142 w czwartek m.in. syn by\u0142ego szacha i mieszkaj\u0105cy na uchod\u017astwie opozycjonista Reza Pahlavi.<\/p>\n<p class=\"typography ids-typeset-body ids-typeset-body--preset-large link paragraph ids-paragraph ids-paragraph--default\">&#8222;Re\u017cim jest panicznie przera\u017cony i po raz kolejny usi\u0142uje wy\u0142\u0105czy\u0107 internet, aby utrudni\u0107 mobilizacj\u0119&#8221; &#8211; napisa\u0142 w mediach spo\u0142eczno\u015bciowych.<\/p>\n<p class=\"typography ids-typeset-body ids-typeset-body--preset-large link paragraph ids-paragraph ids-paragraph--default\">Dodatkowo siedem opozycyjnych partii kurdyjskich w <a href=\"https:\/\/wydarzenia.interia.pl\/tematy-irak,gsbi,4414\" rel=\"nofollow noopener\" target=\"_blank\">Iraku<\/a> zaapelowa\u0142o o strajk generalny Kurd\u00f3w w Iranie na znak poparcia demonstracji.<\/p>\n<p class=\"typography ids-typeset-body ids-typeset-body--preset-large link paragraph ids-paragraph ids-paragraph--default\">Ruch obrony praw cz\u0142owieka Hengaw wyliczy\u0142, \u017ce wezwanie to spotka\u0142o si\u0119\u00a0z odzewem w oko\u0142o 30 miastach i miejscowo\u015bciach, gdzie mieszkaj\u0105 Kurdowie.<\/p>\n<p>Iran. Czy Donald Trump p\u00f3jdzie \u015bladem Wenezueli?<\/p>\n<p class=\"typography ids-typeset-body ids-typeset-body--preset-large link paragraph ids-paragraph ids-paragraph--default\">&#8211; <a href=\"https:\/\/wydarzenia.interia.pl\/tematy-stany-zjednoczone,gsbi,4230\" rel=\"nofollow noopener\" target=\"_blank\">Stany Zjednoczone<\/a> nie\u00a0s\u0105 w stanie skutecznie prowadzi\u0107 kilku du\u017cych wojen jednocze\u015bnie. Dlatego Trump chce dzia\u0142a\u0107 szybko i niskim kosztem, ale nie chce anga\u017cowa\u0107 wojsk na d\u0142u\u017cej. Bo, po pierwsze &#8211; opinia publiczna jest przeciwko, po drugie &#8211; to du\u017co kosztuje, po trzecie &#8211; jest logistycznie niewykonalne &#8211; wylicza\u0142.<\/p>\n<p class=\"typography ids-typeset-body ids-typeset-body--preset-large link paragraph ids-paragraph ids-paragraph--default\">Ekspert doda\u0142 jednocze\u015bnie, \u017ce prezydent USA &#8222;chorobliwie potrzebuje sukcesu&#8221;. &#8211; My\u015bl\u0119, \u017ce pokazanie si\u0142y i pot\u0119gi dla Trumpa, kt\u00f3ry przecie\u017c w tym roku ko\u0144czy 80 lat i zmaga si\u0119 z rekordowo niskimi sonda\u017cami &#8211; jest bardzo wa\u017cne &#8211; dodawa\u0142.<\/p>\n<p>\u017burek: Stworzy\u0142em plan utworzenia 13 nowych s\u0105d\u00f3w pracyPolsat NewsPolsat News<\/p>\n<p><a class=\"ids-undecorated-link source ids-page-info--source__link\" href=\"https:\/\/p.iplsc.com\/-\/000L0SCEGA4O3ESS.pdf\" rel=\"nofollow noopener\" target=\"_blank\"><img decoding=\"async\" class=\"ids-image-holder__img\" loading=\"lazy\" alt=\"\" title=\"\" height=\"24px\" src=\"https:\/\/www.europesays.com\/pl\/wp-content\/uploads\/2026\/01\/1767424989_457_0009A6098CYXTC6T-C202-F4.webp.webp\"\/><\/a><a class=\"ids-undecorated-link source ids-page-info--source__link\" href=\"https:\/\/www.interia.pl\" rel=\"nofollow noopener\" target=\"_blank\"><img decoding=\"async\" class=\"ids-image-holder__img\" loading=\"lazy\" alt=\"\" title=\"\" height=\"24px\" src=\"https:\/\/www.europesays.com\/pl\/wp-content\/uploads\/2026\/01\/1767782590_880_0009A60QQ5I2TYF7-C202-F4.webp.webp\"\/><\/a><\/p>\n<p>Masz sugestie, uwagi albo widzisz b\u0142\u0105d? Napisz do nas<\/p>\n","protected":false},"excerpt":{"rendered":"Wkr\u00f3tce wi\u0119cej informacji&#8230; Organizacje pozarz\u0105dowe poinformowa\u0142y, \u017ce policja u\u017cy\u0142a gazu \u0142zawi\u0105cego m.in. w miastach Kerman na po\u0142udniowym wschodzie&hellip;\n","protected":false},"author":2,"featured_media":194355,"comment_status":"","ping_status":"","sticky":false,"template":"","format":"standard","meta":{"footnotes":""},"categories":[14],"tags":[32,33,27,34,35,28,31,25,40,41,80,29,30,26,82,83,84],"class_list":{"0":"post-194354","1":"post","2":"type-post","3":"status-publish","4":"format-standard","5":"has-post-thumbnail","7":"category-swiat","8":"tag-breaking-news","9":"tag-breakingnews","10":"tag-headlines","11":"tag-latest-news","12":"tag-latestnews","13":"tag-naglowki","14":"tag-najwazniejsze-artykuly","15":"tag-news","16":"tag-polish","17":"tag-polski","18":"tag-swiat","19":"tag-top-stories","20":"tag-topstories","21":"tag-wiadomosci","22":"tag-world","23":"tag-world-news","24":"tag-worldnews"},"share_on_mastodon":{"url":"https:\/\/pubeurope.com\/@pl\/115860854882776448","error":""},"_links":{"self":[{"href":"https:\/\/www.europesays.com\/pl\/wp-json\/wp\/v2\/posts\/194354","targetHints":{"allow":["GET"]}}],"collection":[{"href":"https:\/\/www.europesays.com\/pl\/wp-json\/wp\/v2\/posts"}],"about":[{"href":"https:\/\/www.europesays.com\/pl\/wp-json\/wp\/v2\/types\/post"}],"author":[{"embeddable":true,"href":"https:\/\/www.europesays.com\/pl\/wp-json\/wp\/v2\/users\/2"}],"replies":[{"embeddable":true,"href":"https:\/\/www.europesays.com\/pl\/wp-json\/wp\/v2\/comments?post=194354"}],"version-history":[{"count":0,"href":"https:\/\/www.europesays.com\/pl\/wp-json\/wp\/v2\/posts\/194354\/revisions"}],"wp:featuredmedia":[{"embeddable":true,"href":"https:\/\/www.europesays.com\/pl\/wp-json\/wp\/v2\/media\/194355"}],"wp:attachment":[{"href":"https:\/\/www.europesays.com\/pl\/wp-json\/wp\/v2\/media?parent=194354"}],"wp:term":[{"taxonomy":"category","embeddable":true,"href":"https:\/\/www.europesays.com\/pl\/wp-json\/wp\/v2\/categories?post=194354"},{"taxonomy":"post_tag","embeddable":true,"href":"https:\/\/www.europesays.com\/pl\/wp-json\/wp\/v2\/tags?post=194354"}],"curies":[{"name":"wp","href":"https:\/\/api.w.org\/{rel}","templated":true}]}}