{"id":194360,"date":"2026-01-08T18:20:12","date_gmt":"2026-01-08T18:20:12","guid":{"rendered":"https:\/\/www.europesays.com\/pl\/194360\/"},"modified":"2026-01-08T18:20:12","modified_gmt":"2026-01-08T18:20:12","slug":"klopp-proponowal-lewandowskiemu-transfer-do-liverpoolu-rozesmialem-sie","status":"publish","type":"post","link":"https:\/\/www.europesays.com\/pl\/194360\/","title":{"rendered":"Klopp proponowa\u0142 Lewandowskiemu transfer do Liverpoolu. &#8222;Roze\u015bmia\u0142em si\u0119&#8221;"},"content":{"rendered":"<p class=\"typography ids-typeset-body ids-typeset-body--preset-large link paragraph ids-paragraph ids-paragraph--default\">Gdy latem 2010 roku Robert Lewandowski\u00a0opu\u015bci\u0142 Lecha Pozna\u0144 i do\u0142\u0105czy\u0142 do Borussii Dortmund nikt nie m\u00f3g\u0142 by\u0107 pewien tego, \u017ce napastnik zostanie jedn\u0105 z najwi\u0119kszych gwiazd \u015bwiatowego futbolu.<\/p>\n<p class=\"typography ids-typeset-body ids-typeset-body--preset-large link paragraph ids-paragraph ids-paragraph--default\">Oczywi\u015bcie &#8222;Lewy&#8221; ju\u017c w\u00f3wczas mia\u0142 na krajowym podw\u00f3rku wyrobion\u0105 wi\u0119cej ni\u017c solidn\u0105 mark\u0119 ale&#8230; historia pokazywa\u0142a ju\u017c wcze\u015bniej wielokrotnie, \u017ce na Zachodzie potrafi\u0142y przepa\u015b\u0107 nawet najwi\u0119ksze polskie talenty. Napastnik jednak mia\u0142 to szcz\u0119\u015bcie, \u017ce trafi\u0142 pod skrzyd\u0142a naprawd\u0119 wy\u015bmienitego mened\u017cera.<\/p>\n<p class=\"typography ids-typeset-body ids-typeset-body--preset-large link paragraph ids-paragraph ids-paragraph--default\">Mowa oczywi\u015bcie o Jurgenie Kloppie, kt\u00f3ry pom\u00f3g\u0142 &#8222;RL9&#8221; osi\u0105gn\u0105\u0107 poziom jednego z najskuteczniejszych graczy Bundesligi, a sam pi\u0142karz do dzi\u015b podkre\u015bla, \u017ce praca pod okiem Niemca by\u0142a dla niego wielkim prze\u0142omem. Drogi obu pan\u00f3w rozesz\u0142y si\u0119 jednak w 2014 roku, kiedy to Lewandowski zdecydowa\u0142 si\u0119 na do\u0142\u0105czenie do wielkich rywali Borussii &#8211; ekipy Bayernu Monachium.<\/p>\n<p>\u00a0Napoli &#8211; Verona. Skr\u00f3t meczu. WIDEO (Eleven Sports)\u00a0Eleven Sports<\/p>\n<p>Klopp i Lewandowski zn\u00f3w w kooperacji? Trener wprost proponowa\u0142 transfer do Liverpoolu<\/p>\n<p class=\"typography ids-typeset-body ids-typeset-body--preset-large link paragraph ids-paragraph ids-paragraph--default\">W nast\u0119pnych latach jednak co jaki\u015b czas powraca\u0142y spekulacje o potencjalnym powrocie wsp\u00f3\u0142pracy mi\u0119dzy oboma panami &#8211; wiele m\u00f3wi\u0142o si\u0119 o tym, \u017ce Klopp mo\u017ce spr\u00f3bowa\u0107 \u015bci\u0105gn\u0105\u0107 Polaka do Liverpoolu, w kt\u00f3rym w\u00f3wczas &#8211; z wielkimi sukcesami &#8211; pracowa\u0142. Pierwsze takie domniemania pojawi\u0142y si\u0119 w zasadzie zaraz po tym, jak trener zameldowa\u0142 si\u0119 na Anfield w 2015 roku.<\/p>\n<p class=\"typography ids-typeset-body ids-typeset-body--preset-large link paragraph ids-paragraph ids-paragraph--default\">Faktyczna i jak si\u0119 zdaje najbardziej bezpo\u015brednia propozycja z tym zwi\u0105zana pojawi\u0142a si\u0119 w 2017 roku, o czym Robert Lewandowski opowiedzia\u0142 dopiero po latach &#8211; w roku 2023, podczas wywiadu z &#8222;Bildem&#8221;. Jak jednak przyzna\u0142&#8230; nie by\u0142 pewien, czy potraktowa\u0107 j\u0105 powa\u017cnie.<\/p>\n<p class=\"typography ids-typeset-body ids-typeset-body--preset-large link paragraph ids-paragraph ids-paragraph--default\">&#8222;W 2017 roku podejmowali\u015bmy jako Bayern Liverpool F.C. w ramach Audi Cup w Monachium i porozmawiali\u015bmy wtedy ze sob\u0105. Klopp zapyta\u0142 mnie: 'Nie chcia\u0142by\u015b do\u0142\u0105czy\u0107 do Liverpoolu?'&#8221; &#8211; opisa\u0142 zawodnik i jak sam przyzna\u0142&#8230; zbi\u0142o go to w\u00f3wczas mocno z tropu.<\/p>\n<blockquote role=\"blockquote\" class=\"quote ids-quote ids-quote--nosurface--short--medium\"><p>Spojrzeli\u015bmy na siebie, a potem si\u0119 roze\u015bmia\u0142em. Nie wiem, czy m\u00f3wi\u0142 do ko\u0144ca powa\u017cnie, ale wyjazd do Liverpoolu nigdy nie by\u0142 w moich planach<\/p><\/blockquote>\n<p class=\"typography ids-typeset-body ids-typeset-body--preset-large link paragraph ids-paragraph ids-paragraph--default\">Nie by\u0142 to jedyny &#8222;angielski w\u0105tek&#8221; w spekulacjach dotycz\u0105cych pi\u0142karza &#8211; w 2010 roku, jak powszechnie wiadomo, istnia\u0142a szansa na to, \u017ce do\u0142\u0105czy\u0142by on do Blackburn Rovers. W wspominanym ju\u017c wywiadzie dla &#8222;Bilda&#8221; przypomnia\u0142 on tak\u017ce, \u017ce znalaz\u0142 si\u0119 r\u00f3wnie\u017c i na celowniku Manchesteru United w czasach, gdy dru\u017cyn\u0105 rz\u0105dzi\u0142 sir Alex Ferguson. Ostatecznie jednak gdy Lewandowskiemu przysz\u0142o opuszcza\u0107 Niemcy, to sta\u0142o si\u0119 to na rzecz hiszpa\u0144skiej La Ligi.<\/p>\n<p>Klopp w FC Barcelona? Te spekulacje pobudzi\u0142y wyobra\u017ani\u0119 kibic\u00f3w<\/p>\n<p class=\"typography ids-typeset-body ids-typeset-body--preset-large link paragraph ids-paragraph ids-paragraph--default\">Tutaj warto napomkn\u0105\u0107 jeszcze o jednym &#8211; w pewnej chwili role w pewien spos\u00f3b si\u0119 odwr\u00f3ci\u0142y i du\u017co m\u00f3wi\u0142o si\u0119 o tym, \u017ce to&#8230; Klopp m\u00f3g\u0142by do\u0142\u0105czy\u0107 do &#8222;RL9&#8221;, tym razem w FC Barcelona. Na pocz\u0105tku 2024 roku szkoleniowiec og\u0142osi\u0142 swoje rozstanie z Liverpoolem i <a href=\"https:\/\/sport.interia.pl\/robert-lewandowski\/news-to-bedzie-nowy-trener-lewandowskiego-karuzela-ruszyla-znow-p,nId,7293412\" target=\"_blank\" rel=\"nofollow noopener\">szybko zacz\u0119to go przypisywa\u0107 do roli kogo\u015b, kto powinien zast\u0105pi\u0107 Xaviego Hernandeza w roli sternika &#8222;Blaugrany&#8221;<\/a>. Ostatecznie postawiono na Hansiego Flicka, ale kto wie, jak wygl\u0105da\u0142aby FCB gdyby to alternatywny, mimo wszystko raczej ma\u0142o prawdopodobny w og\u00f3lnym rozrachunku scenariusz, sta\u0142 si\u0119 faktem&#8230;<\/p>\n<p><img decoding=\"async\" class=\"ids-image-holder__img\" loading=\"lazy\" alt=\"M\u0119\u017cczyzna w bordowej kurtce sportowej na ciemnym, rozmytym tle, lekko zwr\u00f3cony w bok, z powa\u017cnym wyrazem twarzy.\" title=\"Robert Lewandowski\" width=\"2000\" height=\"1333\" src=\"https:\/\/www.europesays.com\/pl\/wp-content\/uploads\/2025\/12\/000LRQV7T8R35I3W-C323-F4.webp.webp\"\/><\/p>\n<p>Robert LewandowskiGrzegorz Wajda\/REPORTER East News<\/p>\n<p><img decoding=\"async\" class=\"ids-image-holder__img\" loading=\"lazy\" alt=\"M\u0119\u017cczyzna w sportowym stroju wykonuje rozgrzewkowe \u0107wiczenie, unosi nog\u0119 wysoko do g\u00f3ry, a na pierwszym planie widoczny jest jasny, neonowy but pi\u0142karski pokryty traw\u0105.\" title=\"Robert Lewandowski\u00a0\" width=\"2000\" height=\"1202\" src=\"https:\/\/www.europesays.com\/pl\/wp-content\/uploads\/2026\/01\/000M1P3RJX4QERP9-C323-F4.webp.webp\"\/><\/p>\n<p>Robert Lewandowski\u00a0Bradley CollyerEast News<\/p>\n<p><img decoding=\"async\" class=\"ids-image-holder__img\" loading=\"lazy\" alt=\"Elegancko ubrany m\u0119\u017cczyzna w garniturze i okularach przeciws\u0142onecznych z plecakiem na ramionach, w tle flaga Polski i fragment samolotu.\" title=\"Robert Lewandowski\" width=\"4656\" height=\"2553\" src=\"https:\/\/www.europesays.com\/pl\/wp-content\/uploads\/2026\/01\/000M15SV1PF34CCR-C323-F4.webp.webp\"\/><\/p>\n<p>Robert LewandowskiAFP<\/p>\n<p><a class=\"ids-undecorated-link source ids-page-info--source__link\" href=\"https:\/\/www.interia.pl\" rel=\"nofollow noopener\" target=\"_blank\"><img decoding=\"async\" class=\"ids-image-holder__img\" loading=\"lazy\" alt=\"\" title=\"\" height=\"24px\" src=\"https:\/\/www.europesays.com\/pl\/wp-content\/uploads\/2026\/01\/1767782590_880_0009A60QQ5I2TYF7-C202-F4.webp.webp\"\/><\/a><\/p>\n<p>Masz sugestie, uwagi albo widzisz b\u0142\u0105d? Napisz do nas<\/p>\n","protected":false},"excerpt":{"rendered":"Gdy latem 2010 roku Robert Lewandowski\u00a0opu\u015bci\u0142 Lecha Pozna\u0144 i do\u0142\u0105czy\u0142 do Borussii Dortmund nikt nie m\u00f3g\u0142 by\u0107 pewien&hellip;\n","protected":false},"author":2,"featured_media":194361,"comment_status":"","ping_status":"","sticky":false,"template":"","format":"standard","meta":{"footnotes":""},"categories":[24],"tags":[42,38,40,39,41,127,126],"class_list":{"0":"post-194360","1":"post","2":"type-post","3":"status-publish","4":"format-standard","5":"has-post-thumbnail","7":"category-sport","8":"tag-pl","9":"tag-poland","10":"tag-polish","11":"tag-polska","12":"tag-polski","13":"tag-sport","14":"tag-sports"},"share_on_mastodon":{"url":"https:\/\/pubeurope.com\/@pl\/115860866803663153","error":""},"_links":{"self":[{"href":"https:\/\/www.europesays.com\/pl\/wp-json\/wp\/v2\/posts\/194360","targetHints":{"allow":["GET"]}}],"collection":[{"href":"https:\/\/www.europesays.com\/pl\/wp-json\/wp\/v2\/posts"}],"about":[{"href":"https:\/\/www.europesays.com\/pl\/wp-json\/wp\/v2\/types\/post"}],"author":[{"embeddable":true,"href":"https:\/\/www.europesays.com\/pl\/wp-json\/wp\/v2\/users\/2"}],"replies":[{"embeddable":true,"href":"https:\/\/www.europesays.com\/pl\/wp-json\/wp\/v2\/comments?post=194360"}],"version-history":[{"count":0,"href":"https:\/\/www.europesays.com\/pl\/wp-json\/wp\/v2\/posts\/194360\/revisions"}],"wp:featuredmedia":[{"embeddable":true,"href":"https:\/\/www.europesays.com\/pl\/wp-json\/wp\/v2\/media\/194361"}],"wp:attachment":[{"href":"https:\/\/www.europesays.com\/pl\/wp-json\/wp\/v2\/media?parent=194360"}],"wp:term":[{"taxonomy":"category","embeddable":true,"href":"https:\/\/www.europesays.com\/pl\/wp-json\/wp\/v2\/categories?post=194360"},{"taxonomy":"post_tag","embeddable":true,"href":"https:\/\/www.europesays.com\/pl\/wp-json\/wp\/v2\/tags?post=194360"}],"curies":[{"name":"wp","href":"https:\/\/api.w.org\/{rel}","templated":true}]}}