{"id":194410,"date":"2026-01-08T18:47:14","date_gmt":"2026-01-08T18:47:14","guid":{"rendered":"https:\/\/www.europesays.com\/pl\/194410\/"},"modified":"2026-01-08T18:47:14","modified_gmt":"2026-01-08T18:47:14","slug":"ryszard-linard-bogucki-opuscil-wiezienie-po-25-latach-nowe-zycie-po-wyroku","status":"publish","type":"post","link":"https:\/\/www.europesays.com\/pl\/194410\/","title":{"rendered":"Ryszard Linard-Bogucki opu\u015bci\u0142 wi\u0119zienie po 25 latach. Nowe \u017cycie po wyroku"},"content":{"rendered":"<p class=\"article-p\" data-section=\"detail-body\">Bogucki opu\u015bci\u0142 <a href=\"https:\/\/www.fakt.pl\/wydarzenia\/zlocieniec-tragedia-w-boze-narodzenie-zapadl-wyrok-za-ojcobojstwo\/4v349s1\" id=\"01b32753-1c3a-41bd-a586-e32b7f259be5\" rel=\"nofollow noopener\" target=\"_blank\">zak\u0142ad karny<\/a> w Herbach pod Cz\u0119stochow\u0105 w czwartek, 8 grudnia, w kr\u00f3tko przed godz. 14.00. Wychodz\u0105c, by\u0142 rozpromieniony. Zatrzyma\u0142 si\u0119 przed czekaj\u0105cymi na niego dziennikarzami i powiedzia\u0142 par\u0119 s\u0142\u00f3w.<\/p>\n<p>        Ryszard Linard-Bogucki po opuszczeniu wi\u0119zienia chce odpocz\u0105\u0107. I nabra\u0107 nowej perspektywy. Nie wi\u0119ziennej<\/p>\n<p class=\"article-p\" data-section=\"detail-body\">\u2014 To pierwszy dzie\u0144 reszty mojego \u017cycia. To jest czas dla moich bliskich, dla mojej rodziny \u2014 powiedzia\u0142.<\/p>\n<p class=\"article-p\" data-section=\"detail-body\">Linard-Bogucki by\u0142 w bardzo dobrym nastroju. Elegancko ubrany w bia\u0142\u0105 koszul\u0119, krawat, garnitur i p\u0142aszcz swobodnie odpowiada\u0142 na pytania dziennikarzy.<\/p>\n<p class=\"article-p\" data-section=\"detail-body\">\u2014 Chcia\u0142bym nabra\u0107 nowej perspektywy. Nie tylko tej wi\u0119ziennej, ale tej zwyczajnej, \u017cyciowej. Chcia\u0142bym prosi\u0107 pa\u0144stwa, \u017ceby\u015bcie trzymali za mnie kciuki. \u017bebym m\u00f3g\u0142 wr\u00f3ci\u0107 do normalnego \u017cycia \u2014 m\u00f3wi\u0142 z u\u015bmiechem.<\/p>\n<p class=\"article-p\" data-section=\"detail-body\">To fantastyczne uczucie. Ciesz\u0119 si\u0119, \u017ce odzyska\u0142em po 25 latach wolno\u015b\u0107. Wyrok odby\u0142em w ca\u0142o\u015bci, od pierwszego do ostatniego dnia. Bez przerwy, bez przepustki<\/p>\n<p class=\"article-p\" data-section=\"detail-body\">\u2014 t\u0142umaczy\u0142 zgromadzonym przed bram\u0105 wi\u0119zienia 57-latek.<\/p>\n<p class=\"article-p\" data-section=\"detail-body\">Ryszard Linard-Bogucki sp\u0119dzi\u0142 ostatnie 25 lat w r\u00f3\u017cnych<a href=\"https:\/\/przegladsportowy.onet.pl\/pilka-nozna\/ekstraklasa\/kim-jest-staruch-dodzwonil-sie-z-prosba-do-prezydenta-nawrockiego\/7sv99rd\" id=\"9c4ebda0-24ef-4893-a97e-7df401e11422\" rel=\"nofollow noopener\" target=\"_blank\"> zak\u0142adach karnych<\/a> na terenie Polski, m.in. w Wadowicach, Katowicach, Poznaniu i Herbach.<\/p>\n<p class=\"article-p\" data-section=\"detail-body\">Zosta\u0142 skazany za zab\u00f3jstwo gangstera Andrzeja Kolikowskiego, ps. &#8222;Pershing&#8221;, szefa grupy pruszkowskiej, cho\u0107 nigdy nie przyzna\u0142 si\u0119 do tej zbrodni.<\/p>\n<p class=\"article-p\" data-section=\"detail-body\">Linard-Bogucki by\u0142 tak\u017ce oskar\u017cony w sprawie zab\u00f3jstwa gen. Marka Papa\u0142y, ale zosta\u0142 uniewinniony. Od lat toczy si\u0119 sprawa o odszkodowanie za jego nies\u0142uszne aresztowanie w tej sprawie oraz w sprawie gospodarczej. \u0141\u0105cznie chodzi o oko\u0142o 30 mln z\u0142.<\/p>\n<p class=\"article-p\" data-section=\"detail-body\">Po wyj\u015bciu na wolno\u015b\u0107 Ryszard Bogucki stanie przed wieloma wyzwaniami.<\/p>\n<p class=\"article-p\" data-section=\"detail-body\">\u2014 Po raz pierwszy od 25 lat we\u017amie do r\u0119ki metalowy n\u00f3\u017c i widelec. W wi\u0119zieniu u\u017cywa si\u0119 wy\u0142\u0105cznie plastikowych sztu\u0107c\u00f3w \u2014 m\u00f3wi\u0142 adwokat.<\/p>\n<p class=\"article-p\" data-section=\"detail-body\">B\u0119dzie musia\u0142 nauczy\u0107 si\u0119 obs\u0142ugi telefonu kom\u00f3rkowego oraz funkcjonowania w \u015bwiecie nowoczesnych technologii, kt\u00f3re ca\u0142kowicie zmieni\u0142y rzeczywisto\u015b\u0107 od czasu jego aresztowania.<\/p>\n<p class=\"article-p\" data-section=\"detail-body\">Zaraz po rozmowie z dziennikarzami Linard-Bogucki wy\u015bciska\u0142 si\u0119 z czekaj\u0105c\u0105 na niego przed <a href=\"https:\/\/wiadomosci.onet.pl\/lodz\/cba-zatrzymalo-straznikow-wieziennych-w-lodzi-mieli-przyjmowac-lapowki\/qkx23mh\" id=\"1fb5b00c-18ba-42f6-96db-716031d51551\" rel=\"nofollow noopener\" target=\"_blank\">wi\u0119zieniem <\/a>rodzin\u0105 i znajomymi. Potem odjecha\u0142.<\/p>\n<p>        \/12<\/p>\n<p>                    <img decoding=\"async\" class=\"article-image-img\" loading=\"lazy\" alt=\"\" src=\"https:\/\/www.europesays.com\/pl\/wp-content\/uploads\/2026\/01\/nS0k9kuTURBXy85NjI0Y2ZjYi1mZDgwLTQ1MWEtYWMzZS1mMzVjYWNjZTVhMTMuanBlZ5GTAs0DSM0B2N4AAqEwAaExAQ.jpeg\" width=\"840\" height=\"472\"\/><\/p>\n<p>                  Dawid Markysz \/ Edytor<\/p>\n<p class=\"article-gallery-p\">\n        Ryszard Linard-Bogucki opu\u015bci\u0142 zak\u0142ad karny.\n    <\/p>\n<p>        \/12<\/p>\n<p>                    <img decoding=\"async\" class=\"article-image-img\" loading=\"lazy\" alt=\"\" src=\"https:\/\/www.europesays.com\/pl\/wp-content\/uploads\/2026\/01\/Hkak9kuTURBXy84OWE1MWFjNS00MjBkLTQ2YzctODUzYy02NDkxNDE1NzViYTIuanBlZ5GTAs0DSM0CL94AAqEwAaExAQ.jpeg\" width=\"840\" height=\"559\"\/><\/p>\n<p>                  Dawid Markysz \/ Edytor<\/p>\n<p class=\"article-gallery-p\">\n        Ryszard Linard-Bogucki opu\u015bci\u0142 zak\u0142ad karny.\n    <\/p>\n","protected":false},"excerpt":{"rendered":"Bogucki opu\u015bci\u0142 zak\u0142ad karny w Herbach pod Cz\u0119stochow\u0105 w czwartek, 8 grudnia, w kr\u00f3tko przed godz. 14.00. Wychodz\u0105c,&hellip;\n","protected":false},"author":2,"featured_media":194411,"comment_status":"","ping_status":"","sticky":false,"template":"","format":"standard","meta":{"footnotes":""},"categories":[5],"tags":[32,33,36,37,27,34,35,28,31,25,42,38,40,39,41,29,30,26],"class_list":{"0":"post-194410","1":"post","2":"type-post","3":"status-publish","4":"format-standard","5":"has-post-thumbnail","7":"category-naglowki","8":"tag-breaking-news","9":"tag-breakingnews","10":"tag-featured-news","11":"tag-featurednews","12":"tag-headlines","13":"tag-latest-news","14":"tag-latestnews","15":"tag-naglowki","16":"tag-najwazniejsze-artykuly","17":"tag-news","18":"tag-pl","19":"tag-poland","20":"tag-polish","21":"tag-polska","22":"tag-polski","23":"tag-top-stories","24":"tag-topstories","25":"tag-wiadomosci"},"share_on_mastodon":{"url":"https:\/\/pubeurope.com\/@pl\/115860972730074689","error":""},"_links":{"self":[{"href":"https:\/\/www.europesays.com\/pl\/wp-json\/wp\/v2\/posts\/194410","targetHints":{"allow":["GET"]}}],"collection":[{"href":"https:\/\/www.europesays.com\/pl\/wp-json\/wp\/v2\/posts"}],"about":[{"href":"https:\/\/www.europesays.com\/pl\/wp-json\/wp\/v2\/types\/post"}],"author":[{"embeddable":true,"href":"https:\/\/www.europesays.com\/pl\/wp-json\/wp\/v2\/users\/2"}],"replies":[{"embeddable":true,"href":"https:\/\/www.europesays.com\/pl\/wp-json\/wp\/v2\/comments?post=194410"}],"version-history":[{"count":0,"href":"https:\/\/www.europesays.com\/pl\/wp-json\/wp\/v2\/posts\/194410\/revisions"}],"wp:featuredmedia":[{"embeddable":true,"href":"https:\/\/www.europesays.com\/pl\/wp-json\/wp\/v2\/media\/194411"}],"wp:attachment":[{"href":"https:\/\/www.europesays.com\/pl\/wp-json\/wp\/v2\/media?parent=194410"}],"wp:term":[{"taxonomy":"category","embeddable":true,"href":"https:\/\/www.europesays.com\/pl\/wp-json\/wp\/v2\/categories?post=194410"},{"taxonomy":"post_tag","embeddable":true,"href":"https:\/\/www.europesays.com\/pl\/wp-json\/wp\/v2\/tags?post=194410"}],"curies":[{"name":"wp","href":"https:\/\/api.w.org\/{rel}","templated":true}]}}