{"id":194505,"date":"2026-01-08T19:44:08","date_gmt":"2026-01-08T19:44:08","guid":{"rendered":"https:\/\/www.europesays.com\/pl\/194505\/"},"modified":"2026-01-08T19:44:08","modified_gmt":"2026-01-08T19:44:08","slug":"los-sebastiana-szymanskiego-w-turcji-przesadzony-ta-historia-jest-juz-definitywnie-zakonczona-sport-tvp-pl","status":"publish","type":"post","link":"https:\/\/www.europesays.com\/pl\/194505\/","title":{"rendered":"Los Sebastiana Szyma\u0144skiego w Turcji przes\u0105dzony. &quot;Ta historia jest ju\u017c definitywnie zako\u0144czona&quot; &#8211; sport.tvp.pl"},"content":{"rendered":"<ol>\n<li><a href=\"https:\/\/news.google.com\/rss\/articles\/CBMiwAFBVV95cUxPV3R5QzlCeXo1SFVDbzZkMEhpS25iV3JIMFhxaW1YczBLZ3Uxa0pmMGhBNHVEUHg0VkFsOUpJN0JRNmNISUt2MjlmLWkwTE1IN185bTYwZ21JczVvWk1kTWVxQ24wUFNuZ1lrV3MwQktBYzY5bVZCbWdZYkhTdm1wV0kxc1hOUVNSbXFjVXh0NmFYYnRJV0ZWRTZYVXlTRFBVWjNwSzlsb0h2T1hMX291VTFHYmp2NDZiWG55VmhKNDnSAcYBQVVfeXFMT013N0c5Z090OFNfU29zZHB4bjMzaEhUUlBvOHRLeXFhenoxakNUcWpvSUZ2emVINFBqVU5ZLUFIWGlPQXIyZVBvUTRrYTdrNVl6R2ZCRWE1OGpOa2lOajJJWUZtSXMxcnIwbmtjVTFMMkVwS3pBd21paUdPU1lJV1ZNalplOC1FWnEtTF9zTmNYSU12S1FCdmpsLXpGVVdzbTNDUHByMExIOFJuMHE0NldKWWIybVJieDgzQ0FhbE8tbjVQdll3?oc=5\" target=\"_blank\" rel=\"nofollow noopener\">Los Sebastiana Szyma\u0144skiego w Turcji przes\u0105dzony. &#8222;Ta historia jest ju\u017c definitywnie zako\u0144czona&#8221;<\/a>&nbsp;&nbsp;sport.tvp.pl<\/li>\n<li><a href=\"https:\/\/news.google.com\/rss\/articles\/CBMiqAFBVV95cUxOSG5NYjRnaUpabmlkRVg5N2VIMVJwVk9aY2NISF9NWmVLcFpZV0pSY0RXcW1LaUxzdFJyWV9DU1R6Zy1MRmJ3U0w5ckVtOTFObnNBalNvMTg5QUNxTy1PNXdrMUZlX09wcjhfQ1M5dVFnTXNMV0lyekxUNFRUWGZDT1ptdTlvelBJcnBaLW0wUXBEZTZ5dWZjWkdDU1c5ZlRraGxodnlQQ2M?oc=5\" target=\"_blank\" rel=\"nofollow noopener\">Ten klub chce reprezentanta Polski! &#8222;Rozmowy si\u0119 tocz\u0105&#8221;<\/a>&nbsp;&nbsp;Przegl\u0105d Sportowy Onet<\/li>\n<li><a href=\"https:\/\/news.google.com\/rss\/articles\/CBMitwFBVV95cUxOS1hXOU1ldGFkWXVnRTMxaFROcHZET29FaU9sdE1tQ3J3T0puZ00yNUdUMDBsTFhZektCYUg2ZmRCVi1TQTJVcTR4SnZFeXhDam9IdFI1N1F2cTdod29OQnVKb3BGRFN6ZzAyWkp4MS12bjR0dWYtcEZ1QXBTbVVpcVNPa21Td2V4NDVfLWZHYUdiTnA2R2k4RWpTOFM3ZF9ESUY4MW9VZXRBamRSd3RrQXdEYzdvcDQ?oc=5\" target=\"_blank\" rel=\"nofollow noopener\">Klub z Ligi Mistrz\u00f3w chce Szyma\u0144skiego! Di Marzio przekaza\u0142 szczeg\u00f3\u0142y<\/a>&nbsp;&nbsp;Meczyki.pl<\/li>\n<li><a href=\"https:\/\/news.google.com\/rss\/articles\/CBMiwAFBVV95cUxQRVYxSkUya3FhZTNraTRkdVByQnczMExVNlgwWjU5SHFzdm05NXFDYmRDNFdxRTdQYUU3VTdfRE1Nbnp6Y184WVg2WlVGeDc1am1iRVk1VDdoLVpySncxbDVTWXpjLVVPZzA1MVVjQlgxYldlV1VxcTRBTEx4a09JX0RuVnR3NVF6eF9vdTZSemhFZWlUZlpmeko5RGdZUmpNRW1kX3UzUFQ1OUs2LTg1QmVjOURVcGF3QTJrMkZaSk4?oc=5\" target=\"_blank\" rel=\"nofollow noopener\">Nie tylko Porto b\u0119dzie bardziej &#8222;polskie&#8221;. To by\u0142by hit, reprezentant rozmawia ze znanym klubem<\/a>&nbsp;&nbsp;Sport w INTERIA.PL<\/li>\n<li><a href=\"https:\/\/news.google.com\/rss\/articles\/CBMitAFBVV95cUxPT1k2WE96MVd1S1ZWc09uaGxCRWJ4S25pV0JHYWlHN3Z6VnAzYzlsODNTZUVxWG1abTd0S2ZMeU1sVHpYVUkwTk9GZjN4UVlpZWowMnNDZ0NaZXBvRm9xVno0emhENm1xRDBfeUM4NUV2YkdwekhTVHN3Ymc0SmwxTTRsbU5nMWFyOUZXU0l5UUtNMmtQRUhxOXZGLTJldWFKNXFRQWdzM3NGZWpGTnNENkFhbno?oc=5\" target=\"_blank\" rel=\"nofollow noopener\">Jest wi\u0119cej ch\u0119tnych na Szyma\u0144skiego. Media: s\u0142ynny klub chce Polaka<\/a>&nbsp;&nbsp;SportoweFakty<\/li>\n<\/ol>\n","protected":false},"excerpt":{"rendered":"Los Sebastiana Szyma\u0144skiego w Turcji przes\u0105dzony. &#8222;Ta historia jest ju\u017c definitywnie zako\u0144czona&#8221;&nbsp;&nbsp;sport.tvp.pl Ten klub chce reprezentanta Polski! &#8222;Rozmowy&hellip;\n","protected":false},"author":2,"featured_media":194506,"comment_status":"","ping_status":"","sticky":false,"template":"","format":"standard","meta":{"footnotes":""},"categories":[24],"tags":[2290,9293,269,42,38,40,39,41,5241,127,334,126,2817],"class_list":{"0":"post-194505","1":"post","2":"type-post","3":"status-publish","4":"format-standard","5":"has-post-thumbnail","7":"category-sport","8":"tag-fenerbahce-sk","9":"tag-liga-turecka","10":"tag-pilka-nozna","11":"tag-pl","12":"tag-poland","13":"tag-polish","14":"tag-polska","15":"tag-polski","16":"tag-sebastian-szymanski","17":"tag-sport","18":"tag-sport-tvp-pl","19":"tag-sports","20":"tag-transfery"},"share_on_mastodon":{"url":"https:\/\/pubeurope.com\/@pl\/115861197056382572","error":""},"_links":{"self":[{"href":"https:\/\/www.europesays.com\/pl\/wp-json\/wp\/v2\/posts\/194505","targetHints":{"allow":["GET"]}}],"collection":[{"href":"https:\/\/www.europesays.com\/pl\/wp-json\/wp\/v2\/posts"}],"about":[{"href":"https:\/\/www.europesays.com\/pl\/wp-json\/wp\/v2\/types\/post"}],"author":[{"embeddable":true,"href":"https:\/\/www.europesays.com\/pl\/wp-json\/wp\/v2\/users\/2"}],"replies":[{"embeddable":true,"href":"https:\/\/www.europesays.com\/pl\/wp-json\/wp\/v2\/comments?post=194505"}],"version-history":[{"count":0,"href":"https:\/\/www.europesays.com\/pl\/wp-json\/wp\/v2\/posts\/194505\/revisions"}],"wp:featuredmedia":[{"embeddable":true,"href":"https:\/\/www.europesays.com\/pl\/wp-json\/wp\/v2\/media\/194506"}],"wp:attachment":[{"href":"https:\/\/www.europesays.com\/pl\/wp-json\/wp\/v2\/media?parent=194505"}],"wp:term":[{"taxonomy":"category","embeddable":true,"href":"https:\/\/www.europesays.com\/pl\/wp-json\/wp\/v2\/categories?post=194505"},{"taxonomy":"post_tag","embeddable":true,"href":"https:\/\/www.europesays.com\/pl\/wp-json\/wp\/v2\/tags?post=194505"}],"curies":[{"name":"wp","href":"https:\/\/api.w.org\/{rel}","templated":true}]}}