{"id":194509,"date":"2026-01-08T19:47:18","date_gmt":"2026-01-08T19:47:18","guid":{"rendered":"https:\/\/www.europesays.com\/pl\/194509\/"},"modified":"2026-01-08T19:47:18","modified_gmt":"2026-01-08T19:47:18","slug":"polacy-uciekaja-przed-inflacja-na-gielde-skokowy-wzrost-rozliczen-pit-38","status":"publish","type":"post","link":"https:\/\/www.europesays.com\/pl\/194509\/","title":{"rendered":"Polacy uciekaj\u0105 przed inflacj\u0105 na gie\u0142d\u0119? Skokowy wzrost rozlicze\u0144 PIT-38"},"content":{"rendered":"<p>2026-01-08 07:38<\/p>\n<p>publikacja<br \/>2026-01-08 07:38<\/p>\n<p>Podziel si\u0119<\/p>\n<p>Liczba os\u00f3b rozliczaj\u0105cych zyski kapita\u0142owe podwoi\u0142a si\u0119 \u2013 do 970 tys. \u2013 czytamy w czwartkowym wydaniu \u201eRzeczpospolitej\u201d.<\/p>\n<p><img decoding=\"async\" class=\"o-graphics-multiobject__inner-blurry-picture-img\" src=\"https:\/\/www.europesays.com\/pl\/wp-content\/uploads\/2026\/01\/325b4f17b41000-948-568-518-614-2576-1545.jpg\" width=\"948\" height=\"568\" alt=\"Polacy uciekaj\u0105 przed inflacj\u0105 na gie\u0142d\u0119? Skokowy wzrost rozlicze\u0144 PIT-38\" loading=\"lazy\"\/><img decoding=\"async\" class=\"o-graphics-multiobject__item webfeedsFeaturedVisual\" src=\"https:\/\/www.europesays.com\/pl\/wp-content\/uploads\/2026\/01\/325b4f17b41000-948-568-518-614-2576-1545.jpg\" width=\"948\" height=\"568\" alt=\"Polacy uciekaj\u0105 przed inflacj\u0105 na gie\u0142d\u0119? Skokowy wzrost rozlicze\u0144 PIT-38\" loading=\"lazy\"\/>fot. TommyStockProject \/ \/\u00a0Shutterstock<\/p>\n<p>Jak podaje dziennik, pod koniec ub. r. resort finans\u00f3w opublikowa\u0142 informacj\u0119 dotycz\u0105c\u0105 rozliczenia PIT za 2024 r. Wynika z niej, \u017ce \u015bredni doch\u00f3d (po odliczeniu sk\u0142adek spo\u0142ecznych) na podatnika b\u0119d\u0105cego pracownikiem lub emerytem zwi\u0119kszy\u0142 si\u0119 o prawie 7 tys. z\u0142.<\/p>\n<p>Najwi\u0119kszym zaskoczeniem jest jednak \u2013 jak podaje \u201eRz\u201d \u2013 skokowy wzrost liczby os\u00f3b rozliczaj\u0105cych zyski kapita\u0142owe. W 2024 r. by\u0142o ich 970 943. To ponaddwukrotnie wi\u0119cej ni\u017c rok wcze\u015bniej.<\/p>\n<p>\u201eRz\u201d zwraca uwag\u0119 r\u00f3wnie\u017c na rosn\u0105ce zainteresowanie ulg\u0105 na Indywidualne Konto Zabezpieczenia Emerytalnego \u2013 2024 r. skorzysta\u0142o z niej 303 tys. os\u00f3b, czyli o 59 tys. wi\u0119cej ni\u017c w 2023 r.<\/p>\n<p>Jak czytamy w publikacji \u201eRz\u201d, widoczny jest wyra\u017any wzrost obci\u0105\u017ce\u0144 dla os\u00f3b rozliczaj\u0105cych si\u0119 wed\u0142ug skali podatkowej. W 2024 r. odprowadzili oni 112 mld. z\u0142otych podatku nale\u017cnego, podczas gdy w rok wcze\u015bniej \u2013 88 mld z\u0142.<\/p>\n<p>gru\/ sp\/<\/p>\n<p>Podziel si\u0119<\/p>\n<p>Tematy<\/p>\n","protected":false},"excerpt":{"rendered":"2026-01-08 07:38 publikacja2026-01-08 07:38 Podziel si\u0119 Liczba os\u00f3b rozliczaj\u0105cych zyski kapita\u0142owe podwoi\u0142a si\u0119 \u2013 do 970 tys. \u2013&hellip;\n","protected":false},"author":2,"featured_media":194510,"comment_status":"","ping_status":"","sticky":false,"template":"","format":"standard","meta":{"footnotes":""},"categories":[16],"tags":[113,112,42,38,40,39,41],"class_list":{"0":"post-194509","1":"post","2":"type-post","3":"status-publish","4":"format-standard","5":"has-post-thumbnail","7":"category-biznes","8":"tag-biznes","9":"tag-business","10":"tag-pl","11":"tag-poland","12":"tag-polish","13":"tag-polska","14":"tag-polski"},"share_on_mastodon":{"url":"https:\/\/pubeurope.com\/@pl\/115861208618001365","error":""},"_links":{"self":[{"href":"https:\/\/www.europesays.com\/pl\/wp-json\/wp\/v2\/posts\/194509","targetHints":{"allow":["GET"]}}],"collection":[{"href":"https:\/\/www.europesays.com\/pl\/wp-json\/wp\/v2\/posts"}],"about":[{"href":"https:\/\/www.europesays.com\/pl\/wp-json\/wp\/v2\/types\/post"}],"author":[{"embeddable":true,"href":"https:\/\/www.europesays.com\/pl\/wp-json\/wp\/v2\/users\/2"}],"replies":[{"embeddable":true,"href":"https:\/\/www.europesays.com\/pl\/wp-json\/wp\/v2\/comments?post=194509"}],"version-history":[{"count":0,"href":"https:\/\/www.europesays.com\/pl\/wp-json\/wp\/v2\/posts\/194509\/revisions"}],"wp:featuredmedia":[{"embeddable":true,"href":"https:\/\/www.europesays.com\/pl\/wp-json\/wp\/v2\/media\/194510"}],"wp:attachment":[{"href":"https:\/\/www.europesays.com\/pl\/wp-json\/wp\/v2\/media?parent=194509"}],"wp:term":[{"taxonomy":"category","embeddable":true,"href":"https:\/\/www.europesays.com\/pl\/wp-json\/wp\/v2\/categories?post=194509"},{"taxonomy":"post_tag","embeddable":true,"href":"https:\/\/www.europesays.com\/pl\/wp-json\/wp\/v2\/tags?post=194509"}],"curies":[{"name":"wp","href":"https:\/\/api.w.org\/{rel}","templated":true}]}}