{"id":194521,"date":"2026-01-08T19:58:08","date_gmt":"2026-01-08T19:58:08","guid":{"rendered":"https:\/\/www.europesays.com\/pl\/194521\/"},"modified":"2026-01-08T19:58:08","modified_gmt":"2026-01-08T19:58:08","slug":"transferowy-hit-media-klub-ekstraklasy-chce-reprezentanta-kraju","status":"publish","type":"post","link":"https:\/\/www.europesays.com\/pl\/194521\/","title":{"rendered":"Transferowy hit! Media: Klub Ekstraklasy chce reprezentanta kraju"},"content":{"rendered":"<p class=\"art_paragraph\">GKS Katowice rund\u0119 jesienn\u0105 Ekstraklasy zako\u0144czy\u0142 na miejscu spadkowym. 20 punkt\u00f3w zdobyte w 17 spotkaniach wystarczy\u0142o do zaj\u0119cia zaledwie 16. lokaty.\u00a0<\/p>\n<p>\n    Zobacz wideo Trener Wieczystej dosta\u0142 kartk\u0119 ze sk\u0142adem. &#8222;Troch\u0119 si\u0119 zaczerwieni\u0142&#8221;\n  <\/p>\n<p class=\"art_paragraph\">Dwie rzeczy mog\u0105 pociesza\u0107 spo\u0142eczno\u015b\u0107 zwi\u0105zan\u0105 z GKS-em. Po pierwsze, katowiczanie rozegrali jeden <a href=\"https:\/\/www.sport.pl\/mecz#anchorLink\" rel=\"nofollow noopener\" target=\"_blank\">mecz<\/a> mniej od wi\u0119kszo\u015bci <a href=\"https:\/\/www.sport.pl\/pilka\/0,65044.html#anchorLink\" rel=\"nofollow noopener\" target=\"_blank\">ligi<\/a> &#8211; w listopadzie nie odby\u0142 si\u0119 mecz z Jagielloni\u0105 Bia\u0142ystok. Po drugie, strata do 10. Pogoni Szczecin wynosi zaledwie jeden punkt. Par\u0119 udanych wyst\u0119p\u00f3w mog\u0105 przemieni\u0107 kandydata do spadku w dru\u017cyn\u0119 \u015brodka tabeli.<\/p>\n<p> GKS Katowice wzmacnia obron\u0119<\/p>\n<p class=\"art_paragraph\">Nic dziwnego wi\u0119c, \u017ce GKS chce si\u0119 wzmocni\u0107. Du\u017co wskazuje na to, \u017ce ju\u017c niebawem do klubu trafi nowy \u015brodkowy obro\u0144ca. Defensywa katowiczan jest jedn\u0105 ze s\u0142abszych w lidze &#8211; wi\u0119cej bramek straci\u0142o zaledwie pi\u0119\u0107 dru\u017cyn. Jak informuje <a href=\"https:\/\/www.goal.pl\" class=\"art_link\" rel=\"nofollow noopener\" target=\"_blank\">goal.pl<\/a>, trop wiedzie do Rumunii.<\/p>\n<p class=\"art_paragraph\">Zobacz te\u017c:\u00a0<a href=\"https:\/\/www.sport.pl\/pilka\/7,64946,32514667,oficjalnie-reprezentant-polski-wraca-do-europy-drugi-najdrozszy.html\" class=\"art_link\" rel=\"dofollow noopener\" target=\"_blank\">Oficjalnie! Reprezentant Polski wraca do Europy. Drugi najdro\u017cszy transfer w historii<\/a><\/p>\n<p class=\"art_paragraph\">Do Katowic ma bowiem trafi\u0107 Denis Ciobotariu. 27-latek reprezentuje obecnie Rapid Bukareszt &#8211; drug\u0105 dru\u017cyn\u0119 rumu\u0144skiej Superligi.\u00a0Obro\u0144ca do tej pory wyst\u0119powa\u0142 wy\u0142\u0105cznie na krajowych boiskach.\u00a0Ma na swoim koncie 180 <a href=\"https:\/\/www.sport.pl\/mecze#anchorLink\" rel=\"nofollow noopener\" target=\"_blank\">mecz\u00f3w<\/a> w Superlidze. Strzeli\u0142 w nich 13 bramek.\u00a0<\/p>\n<p> Reprezentant Rumunii trafi na \u015al\u0105sk<\/p>\n<p class=\"art_paragraph\">Ciobotariu w swojej karierze gra\u0142 w najwi\u0119kszych rumu\u0144skich klubach. Jest wychowankiem Dinama Bukareszt, z kt\u00f3rego w 2020 roku trafi\u0142 do CFR Cluj. Z t\u0105 dru\u017cyn\u0105 trzykrotnie z rz\u0119du zdoby\u0142 mistrzostwo Rumunii. Gra\u0142 te\u017c w Sepsi Sf. Gheorghe &#8211; z t\u0105 dru\u017cyn\u0105 m\u00f3g\u0142 cieszy\u0107 si\u0119 z triumfu w krajowym pucharze.<\/p>\n<p class=\"art_paragraph\">Obro\u0144ca ma na swoim koncie jeden wyst\u0119p w reprezentacji Rumunii. W marcu 2025 roku wszed\u0142 z \u0142awki w meczu z San Marino (5:1). Wyst\u0119powa\u0142 r\u00f3wnie\u017c w europejskich pucharach &#8211; chocia\u017c by\u0142y to przede wszystkim mecze eliminacji.\u00a0<\/p>\n<p class=\"art_paragraph\">GKS Katowice nie og\u0142osi\u0142 jeszcze \u017cadnego nowego zawodnika, ale z medialnych doniesie\u0144 wynika, \u017ce dzia\u0142acze szykuj\u0105 \u015bwietnie zapowiadaj\u0105ce si\u0119 <a href=\"https:\/\/www.sport.pl\/transfery#anchorLink\" rel=\"nofollow noopener\" target=\"_blank\">transfery<\/a>.\u00a0<a href=\"https:\/\/www.sport.pl\/pilka\/7,65039,32511379,klub-ekstraklasy-szaleje-chce-zawodnika-z-ligi-konferencji.html\" class=\"art_link\" rel=\"dofollow noopener\" target=\"_blank\">Wczoraj przekazywali\u015bmy informacj\u0119, \u017ce do dru\u017cyny ma do\u0142\u0105czy\u0107 Nikolas Panagiotou &#8211; inny \u015brodkowy obro\u0144ca<\/a>.<\/p>\n<p class=\"art_paragraph\">Podopieczni Rafa\u0142a G\u00f3raka do rundy wiosennej przygotowywa\u0107 si\u0119 b\u0119d\u0105 na obozie treningowym w tureckiej Larze. Rozegraj\u0105 tam cztery sparingi. GKS Katowice otworzy ekstraklasowe zmagania po zimowej przerwie. Wyjazdowe spotkanie z Zag\u0142\u0119biem Lubin zaplanowane jest na pi\u0105tek, 30 stycznia na godzin\u0119 18:00.<\/p>\n","protected":false},"excerpt":{"rendered":"GKS Katowice rund\u0119 jesienn\u0105 Ekstraklasy zako\u0144czy\u0142 na miejscu spadkowym. 20 punkt\u00f3w zdobyte w 17 spotkaniach wystarczy\u0142o do zaj\u0119cia&hellip;\n","protected":false},"author":2,"featured_media":194522,"comment_status":"","ping_status":"","sticky":false,"template":"","format":"standard","meta":{"footnotes":""},"categories":[24],"tags":[42,38,40,39,41,127,126],"class_list":{"0":"post-194521","1":"post","2":"type-post","3":"status-publish","4":"format-standard","5":"has-post-thumbnail","7":"category-sport","8":"tag-pl","9":"tag-poland","10":"tag-polish","11":"tag-polska","12":"tag-polski","13":"tag-sport","14":"tag-sports"},"share_on_mastodon":{"url":"https:\/\/pubeurope.com\/@pl\/115861251971415237","error":""},"_links":{"self":[{"href":"https:\/\/www.europesays.com\/pl\/wp-json\/wp\/v2\/posts\/194521","targetHints":{"allow":["GET"]}}],"collection":[{"href":"https:\/\/www.europesays.com\/pl\/wp-json\/wp\/v2\/posts"}],"about":[{"href":"https:\/\/www.europesays.com\/pl\/wp-json\/wp\/v2\/types\/post"}],"author":[{"embeddable":true,"href":"https:\/\/www.europesays.com\/pl\/wp-json\/wp\/v2\/users\/2"}],"replies":[{"embeddable":true,"href":"https:\/\/www.europesays.com\/pl\/wp-json\/wp\/v2\/comments?post=194521"}],"version-history":[{"count":0,"href":"https:\/\/www.europesays.com\/pl\/wp-json\/wp\/v2\/posts\/194521\/revisions"}],"wp:featuredmedia":[{"embeddable":true,"href":"https:\/\/www.europesays.com\/pl\/wp-json\/wp\/v2\/media\/194522"}],"wp:attachment":[{"href":"https:\/\/www.europesays.com\/pl\/wp-json\/wp\/v2\/media?parent=194521"}],"wp:term":[{"taxonomy":"category","embeddable":true,"href":"https:\/\/www.europesays.com\/pl\/wp-json\/wp\/v2\/categories?post=194521"},{"taxonomy":"post_tag","embeddable":true,"href":"https:\/\/www.europesays.com\/pl\/wp-json\/wp\/v2\/tags?post=194521"}],"curies":[{"name":"wp","href":"https:\/\/api.w.org\/{rel}","templated":true}]}}