{"id":194523,"date":"2026-01-08T19:59:07","date_gmt":"2026-01-08T19:59:07","guid":{"rendered":"https:\/\/www.europesays.com\/pl\/194523\/"},"modified":"2026-01-08T19:59:07","modified_gmt":"2026-01-08T19:59:07","slug":"te-aktorke-zobaczymy-w-nowej-edycji-tanca-z-gwiazdami-byla-nominowana-do-jupiterow-roku-plotek-pl","status":"publish","type":"post","link":"https:\/\/www.europesays.com\/pl\/194523\/","title":{"rendered":"T\u0119 aktork\u0119 zobaczymy w nowej edycji &#039;Ta\u0144ca z gwiazdami&#039;. By\u0142a nominowana do Jupiter\u00f3w Roku &#8211; Plotek.pl"},"content":{"rendered":"<ol>\n<li><a href=\"https:\/\/news.google.com\/rss\/articles\/CBMirwFBVV95cUxQVlRzeFA5cldnaU9Mc1FfYUZGQnBYbTk4Y3FLTVUyVkY3M3N3amF6T2N4ZTBuWGFwUDBHaUNMR1dxOFBzZGswdTlLVThXN2FvYmREV0d4STZqclQyX3UycmdSRVBjVnBXQlJQQTZMMDJhcWZVcHk4WlgzaDA2ME9oNmROQ01NUHhWNlRtLUJJU2JGTmQzSU9TWkFCZm94NHNaODF3UDZaNTFkSXg0OHNB?oc=5\" target=\"_blank\" rel=\"nofollow noopener\">T\u0119 aktork\u0119 zobaczymy w nowej edycji 'Ta\u0144ca z gwiazdami&#8217;. By\u0142a nominowana do Jupiter\u00f3w Roku<\/a>&nbsp;&nbsp;Plotek.pl<\/li>\n<li><a href=\"https:\/\/news.google.com\/rss\/articles\/CBMi9wFBVV95cUxPU1dkbHJHM0dWV1REcnFtNDZjOUdaR0VhTEIwTG9PU2E4RzZ4MnkyUm4wQmpDb2Rxb19ZUjltdlJiYTJuTFBoRWRiZnVTTzMzbW9Jb0FMUXNFeDRldWlkNGtBa2lEMmhGQmpTMXdqR1Bvby15TzQxTy1nY2lCMHItQl9OQ3BMNEJRc0tlNk1yUWZFSFdEOUFXclNqMU5pU3kwQV9ZY0JUOTBEOWliMjhGX1N6Z1hpNGdyNXRDV2RFUk5aVmFYQ210WllSeHhtNnFqRWdrMTgxS3l5RDVqek1yR3J5TENOcEoyZFFnVGVIalNzaEphOXNz?oc=5\" target=\"_blank\" rel=\"nofollow noopener\">Joanna Kulig wyst\u0105pi w &#8222;Ta\u0144cu z Gwiazdami&#8221;! Postawi\u0142a warunek<\/a>&nbsp;&nbsp;Pudelek<\/li>\n<li><a href=\"https:\/\/news.google.com\/rss\/articles\/CBMiugFBVV95cUxNY01rNExIVExaZkc5NVJjNzlxang4U1I4UWZBTVo0ZkFhckJmYWkxRU9wWUI1Vkhkb3g2R2hoTmtYd1M3TjB3SDZ6TGVFSnR6cGFaQjN6M051U0RYOEdLVGZ4eTVNU1ZpVlF6UTRzN2dGOXNaMnh5Mmh5cUxRN3RUNDNxa0hIRTZWTXB5ekltU3Q0bzkzVTlkVkRXVDFzMmFFTVg3cnpKbWpkMUh1VDlBdDRyTGpfeEI0eUE?oc=5\" target=\"_blank\" rel=\"nofollow noopener\">Podda\u0142 walk\u0119 w FAME MMA po 11 sekundach. Teraz wyst\u0105pi w &#8222;Ta\u0144cu z Gwiazdami&#8221;<\/a>&nbsp;&nbsp;Sport w INTERIA.PL<\/li>\n<li><a href=\"https:\/\/news.google.com\/rss\/articles\/CBMitAFBVV95cUxNZlZ1MkgycVJyZXlSNm56QmRMMmhuWkhWLS13OE40Yzk3MHp1U0NiX1hsSnUzOVFIWjljX0dvY3ZHc3J4REN2U1JfMDBMYjRkbFBaTklZYkEyRWFSRllaaXVheHRlZDhjV0VmMnA0dXdkbWVSelRmTUVxck9GU3RLQ19vYVZIRTlDV0pYTGVpcVJSMFRIeWJnREJmSFpUeHY2ajBwR3lBSjlIMk94STRzUXp6MXM?oc=5\" target=\"_blank\" rel=\"nofollow noopener\">Widok jej brzucha zaskakuje. To dlatego zrezygnowa\u0142a z \u201eTzG\u201d?!<\/a>&nbsp;&nbsp;Telemagazyn<\/li>\n<li><a href=\"https:\/\/news.google.com\/rss\/articles\/CBMisgFBVV95cUxORGRka2d0YWdZWk9Panp1NTJ3cFNaSndKMjR2VzkwU3JYOG5XMWJKUGpvSTl2NmRoWFlObks5MGJ3ek9jbW5WdmIwM1lxbmRmX0VYY2c4eEh1YUhWZ2twdXNXNGlwT0hMOS1wd3djZHNNYzkxRXlZQ2psMk9EdS13NUFMNkxkRWd1VGx6RTZMWFVpXzNORDVHcWpINjBnMFRGN2tWai1CSE5HZk5fbUZnWVJR?oc=5\" target=\"_blank\" rel=\"nofollow noopener\">Helena Englert w &#8222;Ta\u0144cu z gwiazdami&#8221;? &#8222;Ja si\u0119 na tym programie wychowa\u0142am&#8221;<\/a>&nbsp;&nbsp;Plejada<\/li>\n<\/ol>\n","protected":false},"excerpt":{"rendered":"T\u0119 aktork\u0119 zobaczymy w nowej edycji 'Ta\u0144ca z gwiazdami&#8217;. By\u0142a nominowana do Jupiter\u00f3w Roku&nbsp;&nbsp;Plotek.pl Joanna Kulig wyst\u0105pi w&hellip;\n","protected":false},"author":2,"featured_media":194524,"comment_status":"","ping_status":"","sticky":false,"template":"","format":"standard","meta":{"footnotes":""},"categories":[22],"tags":[122,42,38,40,39,41,123],"class_list":{"0":"post-194523","1":"post","2":"type-post","3":"status-publish","4":"format-standard","5":"has-post-thumbnail","7":"category-rozrywka","8":"tag-entertainment","9":"tag-pl","10":"tag-poland","11":"tag-polish","12":"tag-polska","13":"tag-polski","14":"tag-rozrywka"},"share_on_mastodon":{"url":"https:\/\/pubeurope.com\/@pl\/115861255815355559","error":""},"_links":{"self":[{"href":"https:\/\/www.europesays.com\/pl\/wp-json\/wp\/v2\/posts\/194523","targetHints":{"allow":["GET"]}}],"collection":[{"href":"https:\/\/www.europesays.com\/pl\/wp-json\/wp\/v2\/posts"}],"about":[{"href":"https:\/\/www.europesays.com\/pl\/wp-json\/wp\/v2\/types\/post"}],"author":[{"embeddable":true,"href":"https:\/\/www.europesays.com\/pl\/wp-json\/wp\/v2\/users\/2"}],"replies":[{"embeddable":true,"href":"https:\/\/www.europesays.com\/pl\/wp-json\/wp\/v2\/comments?post=194523"}],"version-history":[{"count":0,"href":"https:\/\/www.europesays.com\/pl\/wp-json\/wp\/v2\/posts\/194523\/revisions"}],"wp:featuredmedia":[{"embeddable":true,"href":"https:\/\/www.europesays.com\/pl\/wp-json\/wp\/v2\/media\/194524"}],"wp:attachment":[{"href":"https:\/\/www.europesays.com\/pl\/wp-json\/wp\/v2\/media?parent=194523"}],"wp:term":[{"taxonomy":"category","embeddable":true,"href":"https:\/\/www.europesays.com\/pl\/wp-json\/wp\/v2\/categories?post=194523"},{"taxonomy":"post_tag","embeddable":true,"href":"https:\/\/www.europesays.com\/pl\/wp-json\/wp\/v2\/tags?post=194523"}],"curies":[{"name":"wp","href":"https:\/\/api.w.org\/{rel}","templated":true}]}}