{"id":194527,"date":"2026-01-08T20:02:09","date_gmt":"2026-01-08T20:02:09","guid":{"rendered":"https:\/\/www.europesays.com\/pl\/194527\/"},"modified":"2026-01-08T20:02:09","modified_gmt":"2026-01-08T20:02:09","slug":"trump-wypisuje-usa-z-66-organizacji-miedzynarodowych-wsrod-nich-sa-te-ktore-walcza-ze-zmiana-klimatu","status":"publish","type":"post","link":"https:\/\/www.europesays.com\/pl\/194527\/","title":{"rendered":"Trump wypisuje USA z 66 organizacji mi\u0119dzynarodowych. W\u015br\u00f3d nich s\u0105 te, kt\u00f3re walcz\u0105 ze zmian\u0105 klimatu"},"content":{"rendered":"<p><img alt=\"\"   src=\"https:\/\/www.europesays.com\/pl\/wp-content\/uploads\/2026\/01\/AFP__20250923__76HH4UQ__v2__HighRes__UnDiplomacyUnga.jpg\" decoding=\"async\" data-nimg=\"fill\" class=\"image\" style=\"position:absolute;top:0;left:0;bottom:0;right:0;box-sizing:border-box;padding:0;border:none;margin:auto;display:block;width:0;height:0;min-width:100%;max-width:100%;min-height:100%;max-height:100%;object-fit:cover\"\/><\/p>\n<p>Prawa autorskie: Foto ANGELA WEISS \/ AFPFoto ANGELA WEISS \/ &#8230;<\/p>\n<p>Prawa autorskie: Foto ANGELA WEISS \/ AFPFoto ANGELA WEISS \/ &#8230;<\/p>\n<p>Zaloguj si\u0119, aby zapisa\u0107 na p\u00f3\u017aniej<\/p>\n<p>08 stycznia 2026<\/p>\n<p><a target=\"_blank\" href=\"https:\/\/news.google.com\/publications\/CAAiEGYSkp3as7HPQ8kTGP1yxGQqFAgKIhBmEpKd2rOxz0PJExj9csRk?hl=pl&amp;gl=PL&amp;ceid=PL%3Apl\" rel=\"noreferrer nofollow noopener\">Google News<\/a>Udost\u0119pnij na FacebookuUdost\u0119pnij na TwitterzeUdost\u0119pnij w mailu<\/p>\n<p class=\"mt-3 font-serif font-semibold text-lg text-gray-900 lg:mt-5 lg:text-xl lg:leading-8 dark:text-gray-50 print:dark:text-black\">Rok 2026 nie zwalnia tempa. Prezydent Trump poinformowa\u0142 w\u0142a\u015bnie, \u017ce USA opuszczaj\u0105 szereg mi\u0119dzynarodowych organizacji, w tym kluczowe dla ochrony przyrody i przeciwdzia\u0142ania zmianom klimatu. Wed\u0142ug Trumpa wsp\u00f3\u0142praca mi\u0119dzynarodowa zosta\u0142a zdominowana przez progresywizm i \u201eklimatyczn\u0105 ortodoksj\u0119\u201d.<\/p>\n<p><a target=\"_blank\" href=\"https:\/\/news.google.com\/publications\/CAAiEGYSkp3as7HPQ8kTGP1yxGQqFAgKIhBmEpKd2rOxz0PJExj9csRk?hl=pl&amp;gl=PL&amp;ceid=PL%3Apl\" rel=\"noreferrer nofollow noopener\">Google News<\/a>Udost\u0119pnij na FacebookuUdost\u0119pnij na TwitterzeUdost\u0119pnij w mailu<\/p>\n<p class=\"typography__paragraph my-5 font-serif font-normal text-xl leading-8 text-gray-900 dark:text-gray-50 print:dark:text-black break-words\">Administracja prezydenta Donalda Trumpa zadecydowa\u0142a o wyj\u015bciu Stan\u00f3w Zjednoczonych z 66 mi\u0119dzynarodowych organizacji okre\u015blonych jako \u201enieefektywne i szkodliwe\u201d. W\u015br\u00f3d nich znalaz\u0142y si\u0119 m.in. organizacje zajmuj\u0105ce si\u0119 kryzysem klimatycznym, ochron\u0105 przyrody, ale tak\u017ce prawami kobiet i r\u00f3wno\u015bci\u0105 p\u0142ci czy edukacj\u0105. <\/p>\n<p class=\"typography__paragraph my-5 font-serif font-normal text-xl leading-8 text-gray-900 dark:text-gray-50 print:dark:text-black break-words\">Ruch Trumpa nie zaskakuje. Prezydencka administracja tak pierwszej, jak i drugiej kadencji, aktywnie sprzeciwia si\u0119 jakimkolwiek formom wsp\u00f3\u0142pracy mi\u0119dzynarodowej, nie tylko na rzecz klimatu.<\/p>\n<p class=\"typography__paragraph my-5 font-serif font-normal text-xl leading-8 text-gray-900 dark:text-gray-50 print:dark:text-black break-words\">Na pocz\u0105tku drugiej kadencji Trump okre\u015bli\u0142 kryzys klimatyczny jako \u201enajwi\u0119ksze oszustwo w historii\u201d, ignoruj\u0105c ca\u0142kowicie konsensus naukowy w sprawie przyczyn rosn\u0105cej temperatury Ziemi (nauka zajmuje si\u0119 tym od co najmniej 170 lat i jej podstawy nie zosta\u0142y w \u017caden spos\u00f3b zakwestionowane). G\u0142\u00f3wn\u0105 przyczyn\u0105 jest szybko rosn\u0105ca koncentracja gaz\u00f3w cieplarnianych \u2014 przede wszystkim dwutlenku w\u0119gla \u2014 w atmosferze, nap\u0119dzana spalaniem paliw kopalnych: w\u0119gla, ropy i gazu. <\/p>\n<p class=\"typography__paragraph my-5 font-serif font-normal text-xl leading-8 text-gray-900 dark:text-gray-50 print:dark:text-black break-words\">USA jest wi\u0119c pierwszym krajem, kt\u00f3ry zdecydowa\u0142 si\u0119 wyj\u015b\u0107 z Ramowej Konwencji ONZ w sprawie zmiany klimatu (UNFCCC), a tak\u017ce z powi\u0105zanego (cho\u0107 niezale\u017cnego) Mi\u0119dzyrz\u0105dowego Panelu ds. Zmiany Klimatu (IPCC). W trakcie swojej <a rel=\"index follow nofollow noopener\" target=\"_blank\" href=\"https:\/\/oko.press\/kryzys-walki-z-kryzysem-usa-wystepuje-z-porozumienia-paryskiego-co-to-oznacza-dla-swiata\" class=\"typography__anchor underline text-gray-900 decoration-red-700 cursor-pointer hover:text-red-700 dark:text-gray-50 dark:decoration-red-400 dark:hover:text-red-400 print:dark:text-black break-words\">pierwszej<\/a> kadencji prezydent Trump wycofa\u0142 USA tak\u017ce z Porozumienia Paryskiego (zawartego pod auspicjami UNFCCC), po czym zrobi\u0142 to <a rel=\"index follow nofollow noopener\" target=\"_blank\" href=\"https:\/\/oko.press\/trump-porozumienie-paryskie\" class=\"typography__anchor underline text-gray-900 decoration-red-700 cursor-pointer hover:text-red-700 dark:text-gray-50 dark:decoration-red-400 dark:hover:text-red-400 print:dark:text-black break-words\">drugi raz po tym<\/a>, jak prezydent Joe Biden odwr\u00f3ci\u0142 pocz\u0105tkow\u0105 decyzj\u0119 Trumpa. <\/p>\n<p class=\"typography__paragraph my-5 font-serif font-normal text-xl leading-8 text-gray-900 dark:text-gray-50 print:dark:text-black break-words\">UNFCCC od ponad 30 lat stara si\u0119 zorganizowa\u0107 globaln\u0105 wsp\u00f3\u0142prac\u0119, by spowolni\u0107 zmian\u0119 klimatu i zaadaptowa\u0107 si\u0119 do jej skutk\u00f3w. Konwencja co roku organizuje szczyty klimatyczne, tzw. COP-y, kt\u00f3re, cho\u0107 krytykowane za opiesza\u0142o\u015b\u0107, zdo\u0142a\u0142y rozpocz\u0105\u0107 skr\u0119t globalnej polityki i gospodarki w stron\u0119 niskoemisyjnych \u017ar\u00f3de\u0142 energii. Zmiana ta nie by\u0142aby mo\u017cliwa bez kolejnych raport\u00f3w IPCC, przedstawiaj\u0105cych stan bada\u0144 nad zmian\u0105 klimatu, jej przyczynami, skutkami i mo\u017cliwymi dzia\u0142aniami zaradczymi. Raporty IPCC le\u017c\u0105 u podstaw bez ma\u0142a wszystkich dzia\u0142a\u0144 na rzecz klimatu od ponad 30 lat, przy czym organizacja bywa krytykowana \u2014 ale za zbyt \u0142agodne przedstawianie skali kryzysu decydent\u00f3w politycznym.<\/p>\n<p class=\"typography__paragraph my-5 font-serif font-normal text-xl leading-8 text-gray-900 dark:text-gray-50 print:dark:text-black break-words\">\u201dAdministracja prezydenta Trumpa uzna\u0142a, \u017ce instytucje te dubluj\u0105 si\u0119 pod wzgl\u0119dem zakresu dzia\u0142ania, s\u0105 \u017ale zarz\u0105dzane, zb\u0119dne, kosztowne [i] nieefektywnie prowadzone\u201d \u2013 <a rel=\"noindex nofollow noopener\" target=\"_blank\" href=\"https:\/\/www.state.gov\/releases\/office-of-the-spokesperson\/2026\/01\/withdrawal-from-wasteful-ineffective-or-harmful-international-organizations\/\" class=\"typography__anchor underline text-gray-900 decoration-red-700 cursor-pointer hover:text-red-700 dark:text-gray-50 dark:decoration-red-400 dark:hover:text-red-400 print:dark:text-black break-words\">uzasadni\u0142<\/a> decyzj\u0119 o wycofaniu ameryka\u0144ski sekretarz stanu Marco Rubio. <\/p>\n<p class=\"typography__paragraph my-5 font-serif font-normal text-xl leading-8 text-gray-900 dark:text-gray-50 print:dark:text-black break-words\">&#8222;Co rozpocz\u0119\u0142o si\u0119 jako pragmatyczne ramy mi\u0119dzynarodowej wsp\u00f3\u0142pracy na rzecz pokoju i kooperacji, przekszta\u0142ci\u0142o si\u0119 w rozbudowan\u0105 architektur\u0119 globalnego zarz\u0105dzania, cz\u0119sto zdominowan\u0105 przez progresywn\u0105 ideologi\u0119 i oderwan\u0105 od interes\u00f3w narodowych. Od wymog\u00f3w DEI (r\u00f3\u017cnorodno\u015b\u0107, r\u00f3wno\u015b\u0107 i w\u0142\u0105czenie \u2013 od aut.), przez kampanie na rzecz \u00bbr\u00f3wno\u015bci p\u0142ci\u00ab, po ortodoksj\u0119 klimatyczn\u0105 \u2013 wiele organizacji mi\u0119dzynarodowych s\u0142u\u017cy dzi\u015b globalistycznemu projektowi zakorzenionemu w skompromitowanej fantazji o \u00bbko\u0144cu historii\u00ab\u201d \u2013 doda\u0142 Rubio. <\/p>\n<p class=\"typography__paragraph my-5 font-serif font-normal text-xl leading-8 text-gray-900 dark:text-gray-50 print:dark:text-black break-words\">Decyzja administracji Trumpa mo\u017ce utrudni\u0107 \u2013 i tak trudn\u0105 \u2013 globaln\u0105 wsp\u00f3\u0142prac\u0119 na rzecz klimatu. Co prawda w UNFCCC pozostaj\u0105 wszystkie pozosta\u0142e kraje \u015bwiata, jednak USA z racji na swoj\u0105 geopolityczn\u0105 si\u0142\u0119 oraz bycie najwi\u0119kszym emitentem gaz\u00f3w cieplarnianych by\u0142y bardzo kluczowym pa\u0144stwem-stron\u0105 konwencji. <\/p>\n<p class=\"typography__paragraph my-5 font-serif font-normal text-xl leading-8 text-gray-900 dark:text-gray-50 print:dark:text-black break-words\">Kierunek zmian zarysowa\u0142 si\u0119 bardzo wyra\u017anie pod koniec 2025 roku, kiedy USA nie wzi\u0119\u0142y udzia\u0142u w COP30 w brazylijskim Belem. A ju\u017c na pocz\u0105tku 2026 roku Trump porwa\u0142 wenezuelskiego prezydenta Nicol\u00e1sa Maduro i zapowiedzia\u0142 przej\u0119cie kontroli nad ogromnymi (cho\u0107 nie\u0142atwymi do wydobycia i przetw\u00f3rstwa) zasobami ropy naftowej tego kraju. Tak\u017ce deklarowana przez Trumpa ch\u0119\u0107 zaj\u0119cia Grenlandii (terytorium Danii, cz\u0142onka UE i NATO) ma w tle zmiany klimatyczne m.in. ze wzgl\u0119du na rosn\u0105ce znaczenie m\u00f3rz i zasob\u00f3w Arktyki w kontek\u015bcie zanikania tam lodu. <\/p>\n<p class=\"typography__paragraph my-5 font-serif font-normal text-xl leading-8 text-gray-900 dark:text-gray-50 print:dark:text-black break-words\">Wycofanie si\u0119 Stan\u00f3w Zjednoczonych z Ramowej konwencji Narod\u00f3w Zjednoczonych w sprawie zmian klimatu (UNFCCC) ma znacznie powa\u017cniejsze ni\u017c odej\u015bcie od samego Porozumienia Paryskiego, komentuje Instytut Zielonej Gospodarki (IZG).<\/p>\n<p class=\"typography__paragraph my-5 font-serif font-normal text-xl leading-8 text-gray-900 dark:text-gray-50 print:dark:text-black break-words\">&#8222;W praktyce taki krok pozbawia USA miejsca przy stole negocjacyjnym, wp\u0142ywu na kszta\u0142t mi\u0119dzynarodowych regu\u0142 oraz mo\u017cliwo\u015bci wsp\u00f3\u0142decydowania o przysz\u0142ych rozwi\u0105zaniach, kt\u00f3re i tak b\u0119d\u0105 oddzia\u0142ywa\u0107 na \u015bwiatow\u0105 gospodark\u0119 \u2014 w tym na handel, energetyk\u0119 i bezpiecze\u0144stwo. Jest to r\u00f3wnie\u017c silny sygna\u0142 polityczny: odej\u015bcie od multilateralizmu i wsp\u00f3lnej odpowiedzialno\u015bci za problem o charakterze globalnym\u201d \u2013 pisz\u0105 eksperci IZG. <\/p>\n<p class=\"typography__paragraph my-5 font-serif font-normal text-xl leading-8 text-gray-900 dark:text-gray-50 print:dark:text-black break-words\">Decyzja Trumpa to tak\u017ce sygna\u0142, \u017ce \u201ejeden z kluczowych emitent\u00f3w rezygnuje ze wsp\u00f3\u0142odpowiedzialno\u015bci. Os\u0142abia to zaufanie do d\u0142ugoterminowych deklaracji i zach\u0119ci cz\u0119\u015b\u0107 rz\u0105d\u00f3w (np. Indie) do op\u00f3\u017aniania deklaracji w\u0142asnych zobowi\u0105za\u0144, obni\u017cania ambicji cel\u00f3w klimatycznych i przenoszenia akcentu na kr\u00f3tkoterminowe dzia\u0142ania powodowane narodow\u0105 kalkulacj\u0105 polityczn\u0105\u201d. <\/p>\n<p class=\"typography__paragraph my-5 font-serif font-normal text-xl leading-8 text-gray-900 dark:text-gray-50 print:dark:text-black break-words\">\u201eW praktyce oznacza to mniejsze tempo redukcji emisji globalnych, s\u0142absze finansowanie adaptacji i transformacji w krajach Globalnego Po\u0142udnia, utrudnion\u0105 koordynacj\u0119 standard\u00f3w globalnych. Strony Konwencji nadal b\u0119d\u0105 dzia\u0142a\u0142y, lecz w bardziej rozproszony, mniej przewidywalny spos\u00f3b, a koszt nieobecno\u015bci kluczowego gracza poniesie ca\u0142a wsp\u00f3lnota mi\u0119dzynarodowa\u201d \u2013 dodaje IZG. <\/p>\n<p class=\"typography__paragraph my-5 font-serif font-normal text-xl leading-8 text-gray-900 dark:text-gray-50 print:dark:text-black break-words\">USA opuszczaj\u0105 nie tylko organizacje klimatyczne. Na li\u015bcie znalaz\u0142y si\u0119 mi\u0119dzy innymi Mi\u0119dzynarodowa Unia Ochrony Przyrody, odpowiedzialna np. za obiekty \u015awiatowego Dziedzictwa UNESCO takie, jak Puszcza Bia\u0142owieska i Mi\u0119dzyrz\u0105dowa Platforma w sprawie R\u00f3\u017cnorodno\u015bci Biologicznej i Funkcjonowania Ekosystem\u00f3w (IPBES), monitoruj\u0105ca spadek \u015bwiatowej bior\u00f3\u017cnorodno\u015bci.<\/p>\n<p>Zobacz wszystkie organizacje ONZ, z kt\u00f3rych wypisuj\u0105 si\u0119 Stany Zjednoczone<\/p>\n<ol class=\"typography__ordered-list ol-list mt-5 pl-9 font-serif text-gray-900 list-decimal first-child:mt-0 ol-level-0:list-decimal dark:text-gray-50 print:dark:text-black break-words ol-level-0\">\n<li class=\"typography__list-item mt-3 pl-1 font-serif font-normal text-xl leading-8 text-gray-900 dark:text-gray-50 marker:text-lg marker:leading-none marker:text-red-700 dark:marker:text-red-400 print:dark:text-black break-words\">Department of Economic and Social Affairs <\/li>\n<li class=\"typography__list-item mt-3 pl-1 font-serif font-normal text-xl leading-8 text-gray-900 dark:text-gray-50 marker:text-lg marker:leading-none marker:text-red-700 dark:marker:text-red-400 print:dark:text-black break-words\">UN Economic and Social Council (ECOSOC) \u2013 Economic Commission for Africa <\/li>\n<li class=\"typography__list-item mt-3 pl-1 font-serif font-normal text-xl leading-8 text-gray-900 dark:text-gray-50 marker:text-lg marker:leading-none marker:text-red-700 dark:marker:text-red-400 print:dark:text-black break-words\">ECOSOC \u2013 Economic Commission for Latin America and the Caribbean <\/li>\n<li class=\"typography__list-item mt-3 pl-1 font-serif font-normal text-xl leading-8 text-gray-900 dark:text-gray-50 marker:text-lg marker:leading-none marker:text-red-700 dark:marker:text-red-400 print:dark:text-black break-words\">ECOSOC \u2013 Economic and Social Commission for Asia and the Pacific <\/li>\n<li class=\"typography__list-item mt-3 pl-1 font-serif font-normal text-xl leading-8 text-gray-900 dark:text-gray-50 marker:text-lg marker:leading-none marker:text-red-700 dark:marker:text-red-400 print:dark:text-black break-words\">ECOSOC \u2013 Economic and Social Commission for Western Asia <\/li>\n<li class=\"typography__list-item mt-3 pl-1 font-serif font-normal text-xl leading-8 text-gray-900 dark:text-gray-50 marker:text-lg marker:leading-none marker:text-red-700 dark:marker:text-red-400 print:dark:text-black break-words\">International Law Commission <\/li>\n<li class=\"typography__list-item mt-3 pl-1 font-serif font-normal text-xl leading-8 text-gray-900 dark:text-gray-50 marker:text-lg marker:leading-none marker:text-red-700 dark:marker:text-red-400 print:dark:text-black break-words\">International Residual Mechanism for Criminal Tribunals <\/li>\n<li class=\"typography__list-item mt-3 pl-1 font-serif font-normal text-xl leading-8 text-gray-900 dark:text-gray-50 marker:text-lg marker:leading-none marker:text-red-700 dark:marker:text-red-400 print:dark:text-black break-words\">International Trade Centre <\/li>\n<li class=\"typography__list-item mt-3 pl-1 font-serif font-normal text-xl leading-8 text-gray-900 dark:text-gray-50 marker:text-lg marker:leading-none marker:text-red-700 dark:marker:text-red-400 print:dark:text-black break-words\">Office of the Special Adviser on Africa <\/li>\n<li class=\"typography__list-item mt-3 pl-1 font-serif font-normal text-xl leading-8 text-gray-900 dark:text-gray-50 marker:text-lg marker:leading-none marker:text-red-700 dark:marker:text-red-400 print:dark:text-black break-words\">Office of the Special Representative of the Secretary-General for Children in Armed Conflict <\/li>\n<li class=\"typography__list-item mt-3 pl-1 font-serif font-normal text-xl leading-8 text-gray-900 dark:text-gray-50 marker:text-lg marker:leading-none marker:text-red-700 dark:marker:text-red-400 print:dark:text-black break-words\">Office of the Special Representative of the Secretary-General on Sexual Violence in Conflict <\/li>\n<li class=\"typography__list-item mt-3 pl-1 font-serif font-normal text-xl leading-8 text-gray-900 dark:text-gray-50 marker:text-lg marker:leading-none marker:text-red-700 dark:marker:text-red-400 print:dark:text-black break-words\">Office of the Special Representative of the Secretary-General on Violence Against Children <\/li>\n<li class=\"typography__list-item mt-3 pl-1 font-serif font-normal text-xl leading-8 text-gray-900 dark:text-gray-50 marker:text-lg marker:leading-none marker:text-red-700 dark:marker:text-red-400 print:dark:text-black break-words\">Peacebuilding Commission <\/li>\n<li class=\"typography__list-item mt-3 pl-1 font-serif font-normal text-xl leading-8 text-gray-900 dark:text-gray-50 marker:text-lg marker:leading-none marker:text-red-700 dark:marker:text-red-400 print:dark:text-black break-words\">Peacebuilding Fund <\/li>\n<li class=\"typography__list-item mt-3 pl-1 font-serif font-normal text-xl leading-8 text-gray-900 dark:text-gray-50 marker:text-lg marker:leading-none marker:text-red-700 dark:marker:text-red-400 print:dark:text-black break-words\">Permanent Forum on People of African Descent <\/li>\n<li class=\"typography__list-item mt-3 pl-1 font-serif font-normal text-xl leading-8 text-gray-900 dark:text-gray-50 marker:text-lg marker:leading-none marker:text-red-700 dark:marker:text-red-400 print:dark:text-black break-words\">UN Alliance of Civilizations <\/li>\n<li class=\"typography__list-item mt-3 pl-1 font-serif font-normal text-xl leading-8 text-gray-900 dark:text-gray-50 marker:text-lg marker:leading-none marker:text-red-700 dark:marker:text-red-400 print:dark:text-black break-words\">UN Collaborative Programme on Reducing Emissions from Deforestation and Forest Degradation in Developing Countries <\/li>\n<li class=\"typography__list-item mt-3 pl-1 font-serif font-normal text-xl leading-8 text-gray-900 dark:text-gray-50 marker:text-lg marker:leading-none marker:text-red-700 dark:marker:text-red-400 print:dark:text-black break-words\">UN Conference on Trade and Development <\/li>\n<li class=\"typography__list-item mt-3 pl-1 font-serif font-normal text-xl leading-8 text-gray-900 dark:text-gray-50 marker:text-lg marker:leading-none marker:text-red-700 dark:marker:text-red-400 print:dark:text-black break-words\">UN Democracy Fund <\/li>\n<li class=\"typography__list-item mt-3 pl-1 font-serif font-normal text-xl leading-8 text-gray-900 dark:text-gray-50 marker:text-lg marker:leading-none marker:text-red-700 dark:marker:text-red-400 print:dark:text-black break-words\">UN Energy <\/li>\n<li class=\"typography__list-item mt-3 pl-1 font-serif font-normal text-xl leading-8 text-gray-900 dark:text-gray-50 marker:text-lg marker:leading-none marker:text-red-700 dark:marker:text-red-400 print:dark:text-black break-words\">UN Entity for Gender Equality and the Empowerment of Women <\/li>\n<li class=\"typography__list-item mt-3 pl-1 font-serif font-normal text-xl leading-8 text-gray-900 dark:text-gray-50 marker:text-lg marker:leading-none marker:text-red-700 dark:marker:text-red-400 print:dark:text-black break-words\">UN Framework Convention on Climate Change (UNFCCC) <\/li>\n<li class=\"typography__list-item mt-3 pl-1 font-serif font-normal text-xl leading-8 text-gray-900 dark:text-gray-50 marker:text-lg marker:leading-none marker:text-red-700 dark:marker:text-red-400 print:dark:text-black break-words\">UN Human Settlements Programme <\/li>\n<li class=\"typography__list-item mt-3 pl-1 font-serif font-normal text-xl leading-8 text-gray-900 dark:text-gray-50 marker:text-lg marker:leading-none marker:text-red-700 dark:marker:text-red-400 print:dark:text-black break-words\">UN Institute for Training and Research <\/li>\n<li class=\"typography__list-item mt-3 pl-1 font-serif font-normal text-xl leading-8 text-gray-900 dark:text-gray-50 marker:text-lg marker:leading-none marker:text-red-700 dark:marker:text-red-400 print:dark:text-black break-words\">UN Oceans <\/li>\n<li class=\"typography__list-item mt-3 pl-1 font-serif font-normal text-xl leading-8 text-gray-900 dark:text-gray-50 marker:text-lg marker:leading-none marker:text-red-700 dark:marker:text-red-400 print:dark:text-black break-words\">UN Population Fund <\/li>\n<li class=\"typography__list-item mt-3 pl-1 font-serif font-normal text-xl leading-8 text-gray-900 dark:text-gray-50 marker:text-lg marker:leading-none marker:text-red-700 dark:marker:text-red-400 print:dark:text-black break-words\">UN Register of Conventional Arms <\/li>\n<li class=\"typography__list-item mt-3 pl-1 font-serif font-normal text-xl leading-8 text-gray-900 dark:text-gray-50 marker:text-lg marker:leading-none marker:text-red-700 dark:marker:text-red-400 print:dark:text-black break-words\">UN System Chief Executives Board for Coordination <\/li>\n<li class=\"typography__list-item mt-3 pl-1 font-serif font-normal text-xl leading-8 text-gray-900 dark:text-gray-50 marker:text-lg marker:leading-none marker:text-red-700 dark:marker:text-red-400 print:dark:text-black break-words\">UN System Staff College <\/li>\n<li class=\"typography__list-item mt-3 pl-1 font-serif font-normal text-xl leading-8 text-gray-900 dark:text-gray-50 marker:text-lg marker:leading-none marker:text-red-700 dark:marker:text-red-400 print:dark:text-black break-words\">UN Water <\/li>\n<li class=\"typography__list-item mt-3 pl-1 font-serif font-normal text-xl leading-8 text-gray-900 dark:text-gray-50 marker:text-lg marker:leading-none marker:text-red-700 dark:marker:text-red-400 print:dark:text-black break-words\">UN University. <\/li>\n<\/ol>\n<p>   Zobacz pozosta\u0142e organizacje, z kt\u00f3rych wypisa\u0142y si\u0119 Stany Zjednoczone<\/p>\n<ol class=\"typography__ordered-list ol-list mt-5 pl-9 font-serif text-gray-900 list-decimal first-child:mt-0 ol-level-0:list-decimal dark:text-gray-50 print:dark:text-black break-words ol-level-0\">\n<li class=\"typography__list-item mt-3 pl-1 font-serif font-normal text-xl leading-8 text-gray-900 dark:text-gray-50 marker:text-lg marker:leading-none marker:text-red-700 dark:marker:text-red-400 print:dark:text-black break-words\">24\/7 Carbon-Free Energy Compact <\/li>\n<li class=\"typography__list-item mt-3 pl-1 font-serif font-normal text-xl leading-8 text-gray-900 dark:text-gray-50 marker:text-lg marker:leading-none marker:text-red-700 dark:marker:text-red-400 print:dark:text-black break-words\">Colombo Plan Council <\/li>\n<li class=\"typography__list-item mt-3 pl-1 font-serif font-normal text-xl leading-8 text-gray-900 dark:text-gray-50 marker:text-lg marker:leading-none marker:text-red-700 dark:marker:text-red-400 print:dark:text-black break-words\">Commission for Environmental Cooperation <\/li>\n<li class=\"typography__list-item mt-3 pl-1 font-serif font-normal text-xl leading-8 text-gray-900 dark:text-gray-50 marker:text-lg marker:leading-none marker:text-red-700 dark:marker:text-red-400 print:dark:text-black break-words\">Education Cannot Wait <\/li>\n<li class=\"typography__list-item mt-3 pl-1 font-serif font-normal text-xl leading-8 text-gray-900 dark:text-gray-50 marker:text-lg marker:leading-none marker:text-red-700 dark:marker:text-red-400 print:dark:text-black break-words\">European Centre of Excellence for Countering Hybrid Threats <\/li>\n<li class=\"typography__list-item mt-3 pl-1 font-serif font-normal text-xl leading-8 text-gray-900 dark:text-gray-50 marker:text-lg marker:leading-none marker:text-red-700 dark:marker:text-red-400 print:dark:text-black break-words\">Forum of European National Highway Research Laboratories <\/li>\n<li class=\"typography__list-item mt-3 pl-1 font-serif font-normal text-xl leading-8 text-gray-900 dark:text-gray-50 marker:text-lg marker:leading-none marker:text-red-700 dark:marker:text-red-400 print:dark:text-black break-words\">Freedom Online Coalition <\/li>\n<li class=\"typography__list-item mt-3 pl-1 font-serif font-normal text-xl leading-8 text-gray-900 dark:text-gray-50 marker:text-lg marker:leading-none marker:text-red-700 dark:marker:text-red-400 print:dark:text-black break-words\">Global Community Engagement and Resilience Fund <\/li>\n<li class=\"typography__list-item mt-3 pl-1 font-serif font-normal text-xl leading-8 text-gray-900 dark:text-gray-50 marker:text-lg marker:leading-none marker:text-red-700 dark:marker:text-red-400 print:dark:text-black break-words\">Global Counterterrorism Forum <\/li>\n<li class=\"typography__list-item mt-3 pl-1 font-serif font-normal text-xl leading-8 text-gray-900 dark:text-gray-50 marker:text-lg marker:leading-none marker:text-red-700 dark:marker:text-red-400 print:dark:text-black break-words\">Global Forum on Cyber Expertise <\/li>\n<li class=\"typography__list-item mt-3 pl-1 font-serif font-normal text-xl leading-8 text-gray-900 dark:text-gray-50 marker:text-lg marker:leading-none marker:text-red-700 dark:marker:text-red-400 print:dark:text-black break-words\">Global Forum on Migration and Development <\/li>\n<li class=\"typography__list-item mt-3 pl-1 font-serif font-normal text-xl leading-8 text-gray-900 dark:text-gray-50 marker:text-lg marker:leading-none marker:text-red-700 dark:marker:text-red-400 print:dark:text-black break-words\">Inter-American Institute for Global Change Research <\/li>\n<li class=\"typography__list-item mt-3 pl-1 font-serif font-normal text-xl leading-8 text-gray-900 dark:text-gray-50 marker:text-lg marker:leading-none marker:text-red-700 dark:marker:text-red-400 print:dark:text-black break-words\">Intergovernmental Forum on Mining, Minerals, Metals, and Sustainable Development <\/li>\n<li class=\"typography__list-item mt-3 pl-1 font-serif font-normal text-xl leading-8 text-gray-900 dark:text-gray-50 marker:text-lg marker:leading-none marker:text-red-700 dark:marker:text-red-400 print:dark:text-black break-words\">Intergovernmental Panel on Climate Change <\/li>\n<li class=\"typography__list-item mt-3 pl-1 font-serif font-normal text-xl leading-8 text-gray-900 dark:text-gray-50 marker:text-lg marker:leading-none marker:text-red-700 dark:marker:text-red-400 print:dark:text-black break-words\">Intergovernmental Science-Policy Platform on Biodiversity and Ecosystem Services <\/li>\n<li class=\"typography__list-item mt-3 pl-1 font-serif font-normal text-xl leading-8 text-gray-900 dark:text-gray-50 marker:text-lg marker:leading-none marker:text-red-700 dark:marker:text-red-400 print:dark:text-black break-words\">International Centre for the Study of the Preservation and Restoration of Cultural Property <\/li>\n<li class=\"typography__list-item mt-3 pl-1 font-serif font-normal text-xl leading-8 text-gray-900 dark:text-gray-50 marker:text-lg marker:leading-none marker:text-red-700 dark:marker:text-red-400 print:dark:text-black break-words\">International Cotton Advisory Committee <\/li>\n<li class=\"typography__list-item mt-3 pl-1 font-serif font-normal text-xl leading-8 text-gray-900 dark:text-gray-50 marker:text-lg marker:leading-none marker:text-red-700 dark:marker:text-red-400 print:dark:text-black break-words\">International Development Law Organization <\/li>\n<li class=\"typography__list-item mt-3 pl-1 font-serif font-normal text-xl leading-8 text-gray-900 dark:text-gray-50 marker:text-lg marker:leading-none marker:text-red-700 dark:marker:text-red-400 print:dark:text-black break-words\">International Energy Forum <\/li>\n<li class=\"typography__list-item mt-3 pl-1 font-serif font-normal text-xl leading-8 text-gray-900 dark:text-gray-50 marker:text-lg marker:leading-none marker:text-red-700 dark:marker:text-red-400 print:dark:text-black break-words\">International Federation of Arts Councils and Culture Agencies <\/li>\n<li class=\"typography__list-item mt-3 pl-1 font-serif font-normal text-xl leading-8 text-gray-900 dark:text-gray-50 marker:text-lg marker:leading-none marker:text-red-700 dark:marker:text-red-400 print:dark:text-black break-words\">International Institute for Democracy and Electoral Assistance <\/li>\n<li class=\"typography__list-item mt-3 pl-1 font-serif font-normal text-xl leading-8 text-gray-900 dark:text-gray-50 marker:text-lg marker:leading-none marker:text-red-700 dark:marker:text-red-400 print:dark:text-black break-words\">International Institute for Justice and the Rule of Law <\/li>\n<li class=\"typography__list-item mt-3 pl-1 font-serif font-normal text-xl leading-8 text-gray-900 dark:text-gray-50 marker:text-lg marker:leading-none marker:text-red-700 dark:marker:text-red-400 print:dark:text-black break-words\">International Lead and Zinc Study Group <\/li>\n<li class=\"typography__list-item mt-3 pl-1 font-serif font-normal text-xl leading-8 text-gray-900 dark:text-gray-50 marker:text-lg marker:leading-none marker:text-red-700 dark:marker:text-red-400 print:dark:text-black break-words\">International Renewable Energy Agency <\/li>\n<li class=\"typography__list-item mt-3 pl-1 font-serif font-normal text-xl leading-8 text-gray-900 dark:text-gray-50 marker:text-lg marker:leading-none marker:text-red-700 dark:marker:text-red-400 print:dark:text-black break-words\">International Solar Alliance <\/li>\n<li class=\"typography__list-item mt-3 pl-1 font-serif font-normal text-xl leading-8 text-gray-900 dark:text-gray-50 marker:text-lg marker:leading-none marker:text-red-700 dark:marker:text-red-400 print:dark:text-black break-words\">International Tropical Timber Organization <\/li>\n<li class=\"typography__list-item mt-3 pl-1 font-serif font-normal text-xl leading-8 text-gray-900 dark:text-gray-50 marker:text-lg marker:leading-none marker:text-red-700 dark:marker:text-red-400 print:dark:text-black break-words\">International Union for Conservation of Nature <\/li>\n<li class=\"typography__list-item mt-3 pl-1 font-serif font-normal text-xl leading-8 text-gray-900 dark:text-gray-50 marker:text-lg marker:leading-none marker:text-red-700 dark:marker:text-red-400 print:dark:text-black break-words\">Pan American Institute of Geography and History <\/li>\n<li class=\"typography__list-item mt-3 pl-1 font-serif font-normal text-xl leading-8 text-gray-900 dark:text-gray-50 marker:text-lg marker:leading-none marker:text-red-700 dark:marker:text-red-400 print:dark:text-black break-words\">Partnership for Atlantic Cooperation <\/li>\n<li class=\"typography__list-item mt-3 pl-1 font-serif font-normal text-xl leading-8 text-gray-900 dark:text-gray-50 marker:text-lg marker:leading-none marker:text-red-700 dark:marker:text-red-400 print:dark:text-black break-words\">Regional Cooperation Agreement on Combating Piracy and Armed Robbery against Ships in Asia <\/li>\n<li class=\"typography__list-item mt-3 pl-1 font-serif font-normal text-xl leading-8 text-gray-900 dark:text-gray-50 marker:text-lg marker:leading-none marker:text-red-700 dark:marker:text-red-400 print:dark:text-black break-words\">Regional Cooperation Council <\/li>\n<li class=\"typography__list-item mt-3 pl-1 font-serif font-normal text-xl leading-8 text-gray-900 dark:text-gray-50 marker:text-lg marker:leading-none marker:text-red-700 dark:marker:text-red-400 print:dark:text-black break-words\">Renewable Energy Policy Network for the 21st Century <\/li>\n<li class=\"typography__list-item mt-3 pl-1 font-serif font-normal text-xl leading-8 text-gray-900 dark:text-gray-50 marker:text-lg marker:leading-none marker:text-red-700 dark:marker:text-red-400 print:dark:text-black break-words\">Science and Technology Center in Ukraine <\/li>\n<li class=\"typography__list-item mt-3 pl-1 font-serif font-normal text-xl leading-8 text-gray-900 dark:text-gray-50 marker:text-lg marker:leading-none marker:text-red-700 dark:marker:text-red-400 print:dark:text-black break-words\">Secretariat of the Pacific Regional Environment Programme <\/li>\n<li class=\"typography__list-item mt-3 pl-1 font-serif font-normal text-xl leading-8 text-gray-900 dark:text-gray-50 marker:text-lg marker:leading-none marker:text-red-700 dark:marker:text-red-400 print:dark:text-black break-words\">Venice Commission of the Council of Europe. <\/li>\n<\/ol>\n<p>  ;<a href=\"https:\/\/oko.press\/autor\/wojciech-kosc\" class=\"w-24 h-24 flex shrink-0 items-center justify-center border border-gray-300 dark:border-gray-600 rounded-full\" rel=\"nofollow noopener\" target=\"_blank\"><\/a><a href=\"https:\/\/oko.press\/autor\/wojciech-kosc\" class=\"text-base font-medium print:dark:text-black\" rel=\"nofollow noopener\" target=\"_blank\">Wojciech Ko\u015b\u0107 <\/a><\/p>\n<p class=\"hidden xl:block mt-2 text-xs print:dark:text-black\">W OKO.press pisze g\u0142\u00f3wnie o kryzysie klimatycznym i ochronie \u015brodowiska. Publikuje tak\u017ce relacje z Polski w mediach angloj\u0119zycznych: Politico Europe, IntelliNews, czy Notes from Poland. Twitter:&#13;<br \/>\n https:\/\/twitter.com\/WojciechKosc<\/p>\n<p class=\"block xl:hidden mt-2 text-xs print:dark:text-black\">W OKO.press pisze g\u0142\u00f3wnie o kryzysie klimatycznym i ochronie \u015brodowiska. Publikuje tak\u017ce relacje z Polski w mediach angloj\u0119zycznych: Politico Europe, IntelliNews, czy Notes from Poland. Twitter:&#13;<br \/>\n https:\/\/twitter.com\/WojciechKosc<\/p>\n<p>Copyright \u00a9 2016 &#8211; 2026. Made with love by OKO.press team. All Rights Reserved.<\/p>\n<p><script async src=\"https:\/\/platform.twitter.com\/widgets.js\" charset=\"utf-8\"><\/script><\/p>\n","protected":false},"excerpt":{"rendered":"Prawa autorskie: Foto ANGELA WEISS \/ AFPFoto ANGELA WEISS \/ &#8230; Prawa autorskie: Foto ANGELA WEISS \/ AFPFoto&hellip;\n","protected":false},"author":2,"featured_media":194528,"comment_status":"","ping_status":"","sticky":false,"template":"","format":"standard","meta":{"footnotes":""},"categories":[14],"tags":[32,33,27,34,35,28,31,25,40,41,80,29,30,26,82,83,84],"class_list":{"0":"post-194527","1":"post","2":"type-post","3":"status-publish","4":"format-standard","5":"has-post-thumbnail","7":"category-swiat","8":"tag-breaking-news","9":"tag-breakingnews","10":"tag-headlines","11":"tag-latest-news","12":"tag-latestnews","13":"tag-naglowki","14":"tag-najwazniejsze-artykuly","15":"tag-news","16":"tag-polish","17":"tag-polski","18":"tag-swiat","19":"tag-top-stories","20":"tag-topstories","21":"tag-wiadomosci","22":"tag-world","23":"tag-world-news","24":"tag-worldnews"},"share_on_mastodon":{"url":"https:\/\/pubeurope.com\/@pl\/115861267655521938","error":""},"_links":{"self":[{"href":"https:\/\/www.europesays.com\/pl\/wp-json\/wp\/v2\/posts\/194527","targetHints":{"allow":["GET"]}}],"collection":[{"href":"https:\/\/www.europesays.com\/pl\/wp-json\/wp\/v2\/posts"}],"about":[{"href":"https:\/\/www.europesays.com\/pl\/wp-json\/wp\/v2\/types\/post"}],"author":[{"embeddable":true,"href":"https:\/\/www.europesays.com\/pl\/wp-json\/wp\/v2\/users\/2"}],"replies":[{"embeddable":true,"href":"https:\/\/www.europesays.com\/pl\/wp-json\/wp\/v2\/comments?post=194527"}],"version-history":[{"count":0,"href":"https:\/\/www.europesays.com\/pl\/wp-json\/wp\/v2\/posts\/194527\/revisions"}],"wp:featuredmedia":[{"embeddable":true,"href":"https:\/\/www.europesays.com\/pl\/wp-json\/wp\/v2\/media\/194528"}],"wp:attachment":[{"href":"https:\/\/www.europesays.com\/pl\/wp-json\/wp\/v2\/media?parent=194527"}],"wp:term":[{"taxonomy":"category","embeddable":true,"href":"https:\/\/www.europesays.com\/pl\/wp-json\/wp\/v2\/categories?post=194527"},{"taxonomy":"post_tag","embeddable":true,"href":"https:\/\/www.europesays.com\/pl\/wp-json\/wp\/v2\/tags?post=194527"}],"curies":[{"name":"wp","href":"https:\/\/api.w.org\/{rel}","templated":true}]}}