{"id":194603,"date":"2026-01-08T20:44:10","date_gmt":"2026-01-08T20:44:10","guid":{"rendered":"https:\/\/www.europesays.com\/pl\/194603\/"},"modified":"2026-01-08T20:44:10","modified_gmt":"2026-01-08T20:44:10","slug":"rosyjska-bandera-nie-uchronila-tankowca-przed-interwencja-precedens-zaistnial","status":"publish","type":"post","link":"https:\/\/www.europesays.com\/pl\/194603\/","title":{"rendered":"Rosyjska bandera nie uchroni\u0142a tankowca przed interwencj\u0105. &#8222;Precedens zaistnia\u0142&#8221;"},"content":{"rendered":"\n<p>Polowanie na rosyjsk\u0105 &#8222;flot\u0119 cieni&#8221; wesz\u0142o w\u00a0now\u0105 faz\u0119. Po\u015bcig za tankowcem Bella 1\u00a0(kt\u00f3ry zmieni\u0142 w\u00a0mi\u0119dzyczasie nazw\u0119 na Marinera, a\u00a0bander\u0119 z\u00a0guja\u0144skiej na rosyjsk\u0105) \u015bledzi\u0142 ca\u0142y \u015bwiat. Zmiana bandery i\u00a0pr\u00f3ba schowania si\u0119 pod rosyjsk\u0105 flag\u0105 nie uchroni\u0142y jednostki przed spektakularnym przej\u0119ciem przez ameryka\u0144skie wojsko przy wsparciu Wielkiej Brytanii. Do zatrzymania dosz\u0142o w\u00a0\u015brod\u0119 w\u00a0pobli\u017cu Islandii na podstawie nakazu ameryka\u0144skiego s\u0105du federalnego.<\/p>\n<p>Sta\u0142o si\u0119 to mimo protest\u00f3w i\u00a0not dyplomatach z\u00a0Moskwy, a\u00a0nawet informacji o\u00a0znajduj\u0105cym si\u0119 w\u00a0pobli\u017cu tankowca rosyjskim okr\u0119cie podwodnym oraz <a href=\"https:\/\/www.money.pl\/gospodarka\/poscig-za-tankowcem-rosja-wyslala-okret-wojenny-do-eskorty-7240807727963104a.html\" rel=\"noopener noreferrer nofollow\" target=\"_blank\">doniesie\u0144 o\u00a0wys\u0142aniu rosyjskiego okr\u0119tu wojennego do jego eskorty<\/a>. <\/p>\n<p>Z relacji Bia\u0142ego Domu wynika, \u017ce podstaw\u0105 do zatrzymania mia\u0142o by\u0107 omijanie ameryka\u0144skich sankcji. Jednostka by\u0142a pierwotnie powi\u0105zana z\u00a0Wenezuel\u0105 i\u00a0Iranem, wcze\u015bniej zosta\u0142a obj\u0119ta<a href=\"https:\/\/www.money.pl\/gospodarka\/tankowce-rosji-i-iranu-ukryte-pod-kupiona-bandera-media-ujawniaja-7228792981826464a.html\" rel=\"noopener noreferrer nofollow\" target=\"_blank\"> sankcjami za transport ira\u0144skiej ropy<\/a>. USA uzna\u0142y statek za bezpa\u0144stwowy i\u00a0p\u0142ywaj\u0105cy pod fa\u0142szyw\u0105 bander\u0105. Jak poinformowa\u0142o p\u00f3\u017aniej rosyjskie ministerstwo transportu, <a href=\"https:\/\/www.money.pl\/gospodarka\/usa-przejely-tankowiec-pod-rosyjska-bandera-jest-reakcja-kremla-7240916232014816a.html\" rel=\"noopener noreferrer nofollow\" target=\"_blank\">Marinera 24 grudnia 2025 r. otrzyma\u0142a &#8222;tymczasowe zezwolenie&#8221; na p\u0142ywanie pod bander\u0105 rosyjsk\u0105.<\/a> Moskwa oskar\u017ca USA o\u00a0z\u0142amanie mi\u0119dzynarodowego prawa morskiego i\u00a0konwencji ONZ, a\u00a0wkroczenie na jego pok\u0142ad nazywa pogwa\u0142ceniem terytorium rosyjskiego.<\/p>\n<p> <img role=\"presentation\" class=\"absolute left-1\/2 top-1\/2 max-h-[80%] max-w-[100px] -translate-x-1\/2 -translate-y-1\/2\" src=\"https:\/\/v.wpimg.pl\/ZXJfd3AudTkrBBIAbg54LGhcRlAxHQUrPgJGH2MAeGJoSQ1eIBI_K2UHAEVuBTY5KQMMXC0RPyoVERQdMgM9ejc\" loading=\"lazy\" decoding=\"async\"\/><\/p>\n<p>Wychowa\u0142 geniuszy Open AI. M\u00f3wi ostro o\u00a0polonistach <\/p>\n<p>&#8222;Precedens zaistnia\u0142&#8221; <\/p>\n<p>Zdaniem analityk\u00f3w, z\u00a0kt\u00f3rymi rozmawiali\u015bmy, przej\u0119cie Marinery mo\u017ce sta\u0107 si\u0119 wa\u017cnym sygna\u0142em wys\u0142anym Kremlowi i\u00a0wszystkim podmiotom zwi\u0105zanym z\u00a0transportem rosyjskiej ropy naftowej obj\u0119tej sankcjami. &#8211;\u00a0To, co zrobi\u0142y USA, jest dowodem, \u017ce jako pa\u0144stwa Zachodu mo\u017cemy w\u00a0ramach prawa mi\u0119dzynawowego narzuca\u0107 w\u0142asn\u0105 interpretacj\u0119 przepis\u00f3w, zamiast ulega\u0107 narracji od lat stosowanej przez Rosj\u0119 &#8211;\u00a0ocenia w\u00a0rozmowie z\u00a0money.pl dr Damian Szacawa, adiunkt w\u00a0Instytucie Stosunk\u00f3w Mi\u0119dzynarodowych UMCS oraz starszy analityk w\u00a0Zespole Ba\u0142tyckim Instytutu Europy \u015arodkowej w\u00a0Lublinie.<\/p>\n<p>Jak przypomina, statki p\u0142ywaj\u0105ce we &#8222;flocie cieni&#8221; nie tylko \u0142ami\u0105 sankcje, ale cz\u0119sto stanowi\u0105 zagro\u017cenie zwi\u0105zane z\u00a0ich stanem technicznym i\u00a0brakiem odpowiedniego ubezpieczenia, fa\u0142szuj\u0105 dane nawigacyjne i\u00a0dokumenty, a\u00a0tak\u017ce s\u0105 wykorzystywane do zada\u0144 szpiegowskich, dywersyjnych. S\u0142u\u017c\u0105 nawet jako &#8222;lotniskowce&#8221; dla dron\u00f3w.<\/p>\n<p> <img role=\"presentation\" class=\"absolute left-1\/2 top-1\/2 max-h-[80%] max-w-[100px] -translate-x-1\/2 -translate-y-1\/2\" src=\"https:\/\/v.wpimg.pl\/ZXJfd3AudTkrBBIAbg54LGhcRlAxHQUrPgJGH2MAeGJoSQ1eIBI_K2UHAEVuBTY5KQMMXC0RPyoVERQdMgM9ejc\" loading=\"lazy\" decoding=\"async\"\/> <\/p>\n<p>Zar\u00f3wno administracja ameryka\u0144ska, jak i\u00a0europejskie stolice uznaj\u0105 &#8222;flot\u0119 cieni&#8221; za zagro\u017cenie.<\/p>\n<p>&#8211; Akcja zaj\u0119cia przez Amerykan\u00f3w tankowca Marinera sta\u0142a si\u0119 precedensem. Zmiana bandery na rosyjsk\u0105 nie uchroni\u0142a jednostki przed interwencj\u0105. Na Atlantyku Rosjanie, poza patrolami okr\u0119tu podwodnego, nie mieli \u015brodk\u00f3w, by zabezpieczy\u0107 ten statek. Oddali pole Amerykanom, co czytam jako powa\u017cn\u0105 pora\u017ck\u0119 s\u0142u\u017cb rosyjskich &#8211;\u00a0ocenia w\u00a0rozmowie z\u00a0money.pl pp\u0142k rezerwy Maciej Korowaj, pracownik naukowo-dydaktyczny Uniwersytetu w\u00a0Bia\u0142ymstoku na Wydziale Stosunk\u00f3w Mi\u0119dzynarodowych i\u00a0ekspert Instytutu Wschodniej Flanki.<\/p>\n<p>Z kolei gen. bryg. pilot r. Dariusz Wro\u0144ski napisa\u0142 w\u00a0komentarzu zamieszczonym na platformie X, \u017ce &#8222;przej\u0119cie tankowca nie by\u0142o policyjn\u0105 ciekawostk\u0105&#8221;. &#8222;By\u0142o operacj\u0105 prawn\u0105 w\u00a0formie si\u0142owej, opart\u0105 o\u00a0nakaz s\u0105dowy i\u00a0realizowan\u0105 na pe\u0142nym oceanie. Zmiana bandery w\u00a0trakcie po\u015bcigu nie zadzia\u0142a\u0142a. To kluczowy sygna\u0142: reflagging nie daje immunitetu, a\u00a0sankcje przesta\u0142y by\u0107 deklaracj\u0105 \u2013\u00a0sta\u0142y si\u0119 egzekwowalnym instrumentem&#8221; &#8211;\u00a0oceni\u0142.<\/p>\n<p> <img role=\"presentation\" class=\"absolute left-1\/2 top-1\/2 max-h-[80%] max-w-[100px] -translate-x-1\/2 -translate-y-1\/2\" src=\"https:\/\/v.wpimg.pl\/ZXJfd3AudTkrBBIAbg54LGhcRlAxHQUrPgJGH2MAeGJoSQ1eIBI_K2UHAEVuBTY5KQMMXC0RPyoVERQdMgM9ejc\" loading=\"lazy\" decoding=\"async\"\/> <\/p>\n<p>&#8222;W ten spos\u00f3b Waszyngton zrobi\u0142 co\u015b wi\u0119cej, ni\u017c zatrzyma\u0142 statek: ustanowi\u0142 precedens. Od tej chwili ka\u017cdy armator, ubezpieczyciel i\u00a0port wie, \u017ce &#8222;szara strefa&#8221; na Atlantyku si\u0119 kurczy. Odstraszanie przez test reakcji&#8221; &#8211;\u00a0przekonuje gen. Wro\u0144ski.<\/p>\n<p><a href=\"https:\/\/www.nytimes.com\/2026\/01\/07\/us\/politics\/us-russia-oil-tanker.html\" rel=\"noopener noreferrer nofollow\" target=\"_blank\">Wed\u0142ug doniesie\u0144 dziennika &#8222;The New York Times&#8221;<\/a> co najmniej cztery inne tankowce, kt\u00f3re w\u00a0ostatnich tygodniach p\u0142ywa\u0142y na wodach Wenezueli, r\u00f3wnie\u017c zmieni\u0142y bandery na rosyjskie.<\/p>\n<p>Trump o\u015bmieli Europejczyk\u00f3w na\u00a0Ba\u0142tyku?  <\/p>\n<p>Jak ocenia dr Damian Szacawa, przyk\u0142ad tankowca Marinera uderza w\u00a0wizerunek Moskwy i\u00a0obala prze\u015bwiadczenie cz\u0119\u015bci armator\u00f3w, \u017ce flaga rosyjska zapewni im bezpiecze\u0144stwo i\u00a0pe\u0142n\u0105 protekcj\u0119. &#8211;\u00a0W\u00a0efekcie b\u0119dzie mniej tankowc\u00f3w, kt\u00f3re b\u0119d\u0105 decydowa\u0107 si\u0119, by p\u0142ywa\u0107 pod rosyjsk\u0105 bander\u0105 &#8211;\u00a0komentuje.<\/p>\n<p> <img role=\"presentation\" class=\"absolute left-1\/2 top-1\/2 max-h-[80%] max-w-[100px] -translate-x-1\/2 -translate-y-1\/2\" src=\"https:\/\/v.wpimg.pl\/ZXJfd3AudTkrBBIAbg54LGhcRlAxHQUrPgJGH2MAeGJoSQ1eIBI_K2UHAEVuBTY5KQMMXC0RPyoVERQdMgM9ejc\" loading=\"lazy\" decoding=\"async\"\/> <\/p>\n<p>I dodaje, \u017ce nie oznacza to jednak, i\u017c Rosja zrezygnuje z\u00a0us\u0142ug &#8222;floty cieni&#8221;. Wr\u0119cz przeciwnie: mo\u017ce si\u0119 okaza\u0107, \u017ce blokada Wenezueli i\u00a0ameryka\u0144ska kontrola nad eksportem ropy z\u00a0tego kraju sprawi\u0105, \u017ce armatorzy wo\u017c\u0105cy do tej pory wenezuelsk\u0105 rop\u0119 zwi\u0119ksz\u0105 liczb\u0119 statk\u00f3w gotowych &#8222;przemyca\u0107&#8221; rosyjski surowiec. To za\u015b potencjalnie mo\u017ce spowodowa\u0107 wzmocnienie rosyjskiej &#8222;floty cieni&#8221; i\u00a0zwi\u0119kszenie transportu przez Ba\u0142tyk.<\/p>\n<p>Morze Ba\u0142tyckie to kluczowy korytarz eksportu rosyjskiej ropy i\u00a0produkt\u00f3w naftowych. Ruch, zw\u0142aszcza przez du\u0144sk\u0105 cie\u015bnin\u0119 Wielki Be\u0142t, kierowany jest do takich rosyjskich port\u00f3w, jak Ust-\u0141uga pod Petersburgiem. Wed\u0142ug analiz serwisu Danwatch, w\u00a0okresie od stycznia do\u00a0grudnia 2025 roku tylko przez t\u0119 cie\u015bnin\u0119 przetransportowano z\u00a0rosyjskich port\u00f3w 66 mln ton ropy i\u00a0blisko 60 mln ton produkt\u00f3w ropopochodnych.<\/p>\n<p> <img role=\"presentation\" class=\"absolute left-1\/2 top-1\/2 max-h-[80%] max-w-[100px] -translate-x-1\/2 -translate-y-1\/2\" src=\"https:\/\/v.wpimg.pl\/ZXJfd3AudTkrBBIAbg54LGhcRlAxHQUrPgJGH2MAeGJoSQ1eIBI_K2UHAEVuBTY5KQMMXC0RPyoVERQdMgM9ejc\" loading=\"lazy\" decoding=\"async\"\/>     <img decoding=\"async\" src=\"https:\/\/www.europesays.com\/pl\/wp-content\/uploads\/2026\/01\/MWYwNjEzYjY4FThZagFvI3tNbAMsWGF1LFV0SGoZYmZsR34SdE99Z3YRJwYgCCgnNlkpGDAKLCApWT4Gahs9PnYBf0UhEz4nNRY3.jpeg\" width=\"1500\" height=\"1500\" loading=\"lazy\" class=\"wp-media-image\" alt=\"Cztery cie\u015bniny du\u0144skie\" data-lightbox=\"true\"\/> Cztery cie\u015bniny du\u0144skie \u00a9 Money.pl | Angelika S\u0119torek <\/p>\n<p>Informacje firmy Kpler i\u00a0narz\u0119dzia analityczne serwisu MarineTraffic potwierdzi\u0142y znacz\u0105cy wzrost aktywno\u015bci rosyjskiej &#8222;floty cieni&#8221; na Ba\u0142tyku w\u00a02025 roku. Oko\u0142o <a href=\"https:\/\/www.money.pl\/gospodarka\/sa-jak-plywajace-bomby-baltyk-zagrozony-czarna-seria-rosyjskich-tankowcow-7104586209819360a.html\" rel=\"noopener noreferrer nofollow\" target=\"_blank\">80 proc. rosyjskiego surowca i\u00a0produkt\u00f3w ropopochodnych przechodzi przez wody nale\u017c\u0105ce do pa\u0144stw UE i\u00a0G7.<\/a> I\u00a0a\u017c 60 proc. morskiego eksportu rosyjskiej ropy naftowej to transport w\u0142a\u015bnie przez Morze Ba\u0142tyckie.<\/p>\n<p> <a href=\"https:\/\/www.money.pl\/gospodarka\/flota-cieni-na-baltyku-u-wybrzezy-szwecji-miala-uzbrojonych-straznikow-7233748823772128a.html\" class=\"teaser-inline\" rel=\"nofollow noopener\" target=\"_blank\">  <img decoding=\"async\" src=\"https:\/\/www.europesays.com\/pl\/wp-content\/uploads\/2026\/01\/MGNmMjM5YiYvDztZYk5vM2xXbwMkF2FlO093SGIEf39-FWIMJFkoNSsdIkQqRzg3Lxo9RD1ZYiY-BGIcfBopLj0dIQs0GigqLAgp.jpeg\" width=\"0\" height=\"0\" loading=\"lazy\" class=\"wp-media-image cropped\" alt=\"Flota cieni na Ba\u0142tyku. U wybrze\u017cy Szwecji mia\u0142a uzbrojonych stra\u017cnik\u00f3w\"\/><\/p>\n<p>Flota cieni na Ba\u0142tyku. U wybrze\u017cy Szwecji mia\u0142a uzbrojonych stra\u017cnik\u00f3w<\/p>\n<p><\/a> <img role=\"presentation\" class=\"absolute left-1\/2 top-1\/2 max-h-[80%] max-w-[100px] -translate-x-1\/2 -translate-y-1\/2\" src=\"https:\/\/v.wpimg.pl\/ZXJfd3AudTkrBBIAbg54LGhcRlAxHQUrPgJGH2MAeGJoSQ1eIBI_K2UHAEVuBTY5KQMMXC0RPyoVERQdMgM9ejc\" loading=\"lazy\" decoding=\"async\"\/> <\/p>\n<p>&#8211; Do tej pory &#8222;flota cieni&#8221; przewo\u017c\u0105ca rosyjsk\u0105 rop\u0119 nie by\u0142a zagro\u017cona. USA skupiaj\u0105 si\u0119 obecnie na transportach ropy wenezuelskiej. Na razie nie przejmuj\u0105 okr\u0119t\u00f3w z\u00a0rosyjsk\u0105 rop\u0105, ale precedens zaistnia\u0142, daj\u0105c sygna\u0142, \u017ce podobne \u015brodki mog\u0105 by\u0107 zastosowane do innych jednostek z\u00a0&#8222;floty cieni&#8221; &#8211; ocenia pp\u0142k. Korowaj.<\/p>\n<p> <a href=\"https:\/\/www.money.pl\/gielda\/zaczelo-sie-europa-w-koncu-sciga-rosyjska-flote-cienia-7146726814997024a.html\" class=\"teaser-inline\" rel=\"nofollow noopener\" target=\"_blank\">  <img decoding=\"async\" src=\"https:\/\/www.europesays.com\/pl\/wp-content\/uploads\/2026\/01\/NmJkOGM0YQwrCTl0YktsGWhRbS4kEmJPP0l1ZWIBfFV6E2AhJFwrHy8bIGkqQjsdKxw_aT1cYQw6AmAxfB8qBDkbIyY0HysAKA4r.jpeg\" width=\"0\" height=\"0\" loading=\"lazy\" class=\"wp-media-image cropped\" alt=\"Zacz\u0119\u0142o si\u0119. Europa w ko\u0144cu \u015bciga rosyjsk\u0105 flot\u0119 cienia\"\/><\/p>\n<p>Zacz\u0119\u0142o si\u0119. Europa w ko\u0144cu \u015bciga rosyjsk\u0105 flot\u0119 cienia<\/p>\n<p><\/a> <\/p>\n<p>Jak zaznacza, na Ba\u0142tyku taka sama akcja, jak w\u00a0przypadku zatrzymania Marinery na Atlantyku, by\u0142aby znacznie trudniejsza, cho\u0107 nie niemo\u017cliwa. &#8211;\u00a0Ba\u0142tyk jest morzem o\u00a0innej specyfice, gdzie Rosja ma swoje bazy, porty, a\u00a0przede wszystkim \u015brodki w\u00a0postaci floty morskiej. Dzia\u0142anie tego typu wi\u0105za\u0142oby si\u0119 z\u00a0wi\u0119kszym ryzykiem potencjalnej eskalacji &#8211;\u00a0dodaje.<\/p>\n<p>Polityka d\u0142ugiej r\u0119ki <\/p>\n<p>UE ju\u017c w\u00a0poprzednich pakietach sankcyjnych podj\u0119\u0142a kroki, kt\u00f3re uderza\u0142y we &#8222;flot\u0119 cienia&#8221;. Stworzy\u0142a narz\u0119dzia do kontrolowania przep\u0142ywaj\u0105cych przez jej terytorium statk\u00f3w, a\u00a0na Ba\u0142tyk wyp\u0142yn\u0119\u0142y wsp\u00f3lne <a href=\"https:\/\/www.money.pl\/gielda\/zaczelo-sie-europa-w-koncu-sciga-rosyjska-flote-cienia-7146726814997024a.html\" rel=\"noopener noreferrer nofollow\" target=\"_blank\">patrole w\u00a0ramach Navy Policing<\/a>, w\u00a0formacie podobnym do tego, jaki sprawuj\u0105 my\u015bliwce NATO w\u00a0przestrzeni powietrznej Baltic Air Policing. Kraje NATO podnosz\u0105 te\u017c gotowo\u015b\u0107 i\u00a0dozbrajaj\u0105 si\u0142y morskie.<\/p>\n<p>&#8211;\u00a0Nie s\u0105dz\u0119, aby akcja na Marinerze o\u015bmieli\u0142a Europejczyk\u00f3w do podj\u0119cia podobnych dzia\u0142a\u0144 w\u00a0naszym regionie. Chocia\u017c ju\u017c sama taka gro\u017aba dzia\u0142a na nasz\u0105 korzy\u015b\u0107. Zwi\u0119kszamy bowiem koszty Rosjanom, podnosz\u0105c doz\u0119 niepewno\u015bci. Dodatkowe statki konwojuj\u0105ce tankowce, ochrona to koszty operacyjne, kt\u00f3re obci\u0105\u017caj\u0105 Rosjan &#8211; ocenia pp\u0142k. Korowaj.<\/p>\n<p>Dr Szacawa podkre\u015bla jednak, \u017ce nie oznacza to, \u017ce Europa nie podejmuje ws. rosyjskiego przemytu \u017cadnych dzia\u0142a\u0144. Te jednak koncentruj\u0105 si\u0119 na naciskach dyplomatycznych, d\u017awigni w\u00a0postaci kontroli ubezpiecze\u0144 i\u00a0certyfikacji statk\u00f3w oraz uszczelnianiu sankcji. &#8211;\u00a0To r\u00f3wnie\u017c tzw. polityka d\u0142ugiej r\u0119ki. Sankcje i\u00a0naciski zataczaj\u0105 szersze kr\u0119gi. Obejmuj\u0105 ju\u017c nie tylko Rosj\u0119 i\u00a0firmy \u015bwiadcz\u0105ce przew\u00f3z sankcjonowanej ropy, ale r\u00f3wnie\u017c dodatkowe obci\u0105\u017cenia na kraje, kt\u00f3re ten surowiec kupuj\u0105 &#8211;\u00a0wylicza analityk.<\/p>\n<p>Mechanizm ten zaz\u0119bia si\u0119 z\u00a0uszczelnianiem sankcji, co w\u00a0efekcie mo\u017ce ostatecznie doprowadzi\u0107 do marginalizacji tego kraju jako znacz\u0105cego eksportera ropy naftowej. To w\u0142a\u015bnie sta\u0142o si\u0119 z\u00a0Wenezuel\u0105, kt\u00f3ra &#8211;\u00a0pomimo \u017ce ma najwi\u0119ksze zasoby &#8211;\u00a0wykorzystywa\u0142a zaledwie niewielki u\u0142amek swoich naftowych mo\u017cliwo\u015bci.\u00a0<\/p>\n<p>Przemys\u0142aw Ciszak, dziennikarz money.pl<\/p>\n","protected":false},"excerpt":{"rendered":"Polowanie na rosyjsk\u0105 &#8222;flot\u0119 cieni&#8221; wesz\u0142o w\u00a0now\u0105 faz\u0119. Po\u015bcig za tankowcem Bella 1\u00a0(kt\u00f3ry zmieni\u0142 w\u00a0mi\u0119dzyczasie nazw\u0119 na Marinera,&hellip;\n","protected":false},"author":2,"featured_media":194604,"comment_status":"","ping_status":"","sticky":false,"template":"","format":"standard","meta":{"footnotes":""},"categories":[14],"tags":[32,33,27,34,35,28,31,25,40,41,80,29,30,26,82,83,84],"class_list":{"0":"post-194603","1":"post","2":"type-post","3":"status-publish","4":"format-standard","5":"has-post-thumbnail","7":"category-swiat","8":"tag-breaking-news","9":"tag-breakingnews","10":"tag-headlines","11":"tag-latest-news","12":"tag-latestnews","13":"tag-naglowki","14":"tag-najwazniejsze-artykuly","15":"tag-news","16":"tag-polish","17":"tag-polski","18":"tag-swiat","19":"tag-top-stories","20":"tag-topstories","21":"tag-wiadomosci","22":"tag-world","23":"tag-world-news","24":"tag-worldnews"},"share_on_mastodon":{"url":"https:\/\/pubeurope.com\/@pl\/115861432945990825","error":""},"_links":{"self":[{"href":"https:\/\/www.europesays.com\/pl\/wp-json\/wp\/v2\/posts\/194603","targetHints":{"allow":["GET"]}}],"collection":[{"href":"https:\/\/www.europesays.com\/pl\/wp-json\/wp\/v2\/posts"}],"about":[{"href":"https:\/\/www.europesays.com\/pl\/wp-json\/wp\/v2\/types\/post"}],"author":[{"embeddable":true,"href":"https:\/\/www.europesays.com\/pl\/wp-json\/wp\/v2\/users\/2"}],"replies":[{"embeddable":true,"href":"https:\/\/www.europesays.com\/pl\/wp-json\/wp\/v2\/comments?post=194603"}],"version-history":[{"count":0,"href":"https:\/\/www.europesays.com\/pl\/wp-json\/wp\/v2\/posts\/194603\/revisions"}],"wp:featuredmedia":[{"embeddable":true,"href":"https:\/\/www.europesays.com\/pl\/wp-json\/wp\/v2\/media\/194604"}],"wp:attachment":[{"href":"https:\/\/www.europesays.com\/pl\/wp-json\/wp\/v2\/media?parent=194603"}],"wp:term":[{"taxonomy":"category","embeddable":true,"href":"https:\/\/www.europesays.com\/pl\/wp-json\/wp\/v2\/categories?post=194603"},{"taxonomy":"post_tag","embeddable":true,"href":"https:\/\/www.europesays.com\/pl\/wp-json\/wp\/v2\/tags?post=194603"}],"curies":[{"name":"wp","href":"https:\/\/api.w.org\/{rel}","templated":true}]}}