{"id":194611,"date":"2026-01-08T20:48:10","date_gmt":"2026-01-08T20:48:10","guid":{"rendered":"https:\/\/www.europesays.com\/pl\/194611\/"},"modified":"2026-01-08T20:48:10","modified_gmt":"2026-01-08T20:48:10","slug":"tom-cruise-byl-kamerzysta-na-planie-widowiska-star-wars-starfighter","status":"publish","type":"post","link":"https:\/\/www.europesays.com\/pl\/194611\/","title":{"rendered":"Tom Cruise by\u0142 kamerzyst\u0105 na planie widowiska &#8222;Star Wars: Starfighter&#8221;"},"content":{"rendered":"<p><a class=\"internal\" href=\"https:\/\/www.filmweb.pl\/person\/Tom+Cruise-24\" title=\"Tom Cruise\" rel=\"nofollow noopener\" target=\"_blank\">Tom Cruise<\/a> poczu\u0142 Moc i pojawi\u0142 si\u0119 na planie widowiska &#8222;<a class=\"internal\" href=\"https:\/\/www.filmweb.pl\/film\/Star+Wars%3A+Starfighter-2027-10079337\" title=\"Star Wars: Starfighter\" rel=\"nofollow noopener\" target=\"_blank\">Star Wars: Starfighter<\/a>&#8222;. Ujawni\u0142 to w jednym z ostatnich wywiad\u00f3w sam re\u017cyser <a class=\"internal\" href=\"https:\/\/www.filmweb.pl\/person\/Shawn+Levy-60715\" title=\"Shawn Levy\" rel=\"nofollow noopener\" target=\"_blank\">Shawn Levy<\/a>. Co robi\u0142 Cruise na planie &#8222;Gwiezdnych wojen&#8221;?<\/p>\n<p>&#8222;<a class=\"internal\" href=\"https:\/\/www.filmweb.pl\/film\/Star+Wars%3A+Starfighter-2027-10079337\" title=\"Star Wars: Starfighter\" rel=\"nofollow noopener\" target=\"_blank\">Star Wars: Starfighter<\/a>&#8221; to nowe widowisko Lucasfilm, kt\u00f3re do kin trafi w 2027 roku. Zdj\u0119cia do niego zacz\u0119\u0142y si\u0119 w sierpniu, a sko\u0144czy\u0142y w grudniu ubieg\u0142ego roku. <\/p>\n<p>W &#8222;The New York Times&#8221; zosta\u0142 w\u0142a\u015bnie opublikowany wywiad z re\u017cyserem, <a class=\"internal\" href=\"https:\/\/www.filmweb.pl\/person\/Shawn+Levy-60715\" title=\"Shawnem Levym\" rel=\"nofollow noopener\" target=\"_blank\">Shawnem Levym<\/a>. Wywiad zosta\u0142 przeprowadzony w listopadzie, ale dopiero teraz ujrza\u0142 \u015bwiat\u0142o dzienne. W nim ujawni\u0142, \u017ce <a class=\"internal\" href=\"https:\/\/www.filmweb.pl\/person\/Tom+Cruise-24\" title=\"Tom Cruise\" rel=\"nofollow noopener\" target=\"_blank\">Tom Cruise<\/a> pojawi\u0142 si\u0119 na planie widowiska &#8222;<a class=\"internal\" href=\"https:\/\/www.filmweb.pl\/film\/Star+Wars%3A+Starfighter-2027-10079337\" title=\"Star Wars: Starfighter\" rel=\"nofollow noopener\" target=\"_blank\">Star Wars: Starfighter<\/a>&#8222;. Co wi\u0119cej, wzi\u0105\u0142 udzia\u0142 w kr\u0119ceniu jednej ze scen! <\/p>\n<p><a class=\"markupPhoto\" href=\"https:\/\/fwcdn.pl\/nph\/867323\/2025\/63058_1.13.jpg\" data-lightbox=\"true\" data-li=\"\" rel=\"lightbox[photos] nofollow noopener\" data-photo=\"https:\/\/www.europesays.com\/pl\/wp-content\/uploads\/2026\/01\/63058_1.2.jpg\" target=\"photo-63058\" data-id=\"63058\" data-index=\"63058\"> <img decoding=\"async\" src=\"https:\/\/www.europesays.com\/pl\/wp-content\/uploads\/2026\/01\/63058_1.2.jpg\" alt=\"star.jpg\" class=\"MarkupPhotoHTML-2\" loading=\"lazy\" data-light-box=\"{ &quot;group&quot;: true, &quot;photo&quot;: { &quot;id&quot;: &quot;63058&quot;, &quot;src&quot;: &quot;https:\/\/fwcdn.pl\/nph\/867323\/2025\/63058_1.13.jpg&quot;, &quot;thumb&quot;: &quot;https:\/\/www.europesays.com\/pl\/wp-content\/uploads\/2026\/01\/63058_1.2.jpg&quot; } }\"\/> <\/a><br \/>Tydzie\u0144 temu by\u0142 tu <a class=\"internal\" href=\"https:\/\/www.filmweb.pl\/person\/Steven+Spielberg-106\" title=\"Steven Spielberg\" rel=\"nofollow noopener\" target=\"_blank\">Steven Spielberg<\/a>. A teraz jest <a class=\"internal\" href=\"https:\/\/www.filmweb.pl\/person\/Tom+Cruise-24\" title=\"Tom Cruise\" rel=\"nofollow noopener\" target=\"_blank\">Tom Cruise<\/a>, kt\u00f3ry trzyma kamer\u0119 i niszczy swoje bardzo eleganckie buty &#8211; powiedzia\u0142 <a class=\"internal\" href=\"https:\/\/www.filmweb.pl\/person\/Shawn+Levy-60715\" title=\"Levy\" rel=\"nofollow noopener\" target=\"_blank\">Levy<\/a>. <\/p>\n<p><a class=\"internal\" href=\"https:\/\/www.filmweb.pl\/person\/Tom+Cruise-24\" title=\"Tom Cruise\" rel=\"nofollow noopener\" target=\"_blank\">Tom Cruise<\/a> pojawi\u0142 si\u0119 na planie i mia\u0142 by\u0107 tylko obserwatorem. Ale <a class=\"internal\" href=\"https:\/\/www.filmweb.pl\/person\/Shawn+Levy-60715\" title=\"Shawn Levy\" rel=\"nofollow noopener\" target=\"_blank\">Shawn Levy<\/a> postanowi\u0142 wykorzysta\u0107 go jako kamerzyst\u0119 podczas realizacji sceny pojedynku na miecze \u015bwietlne maj\u0105cego miejsce w zamulonym stawie. <a class=\"internal\" href=\"https:\/\/www.filmweb.pl\/person\/Shawn+Levy-60715\" title=\"Levy\" rel=\"nofollow noopener\" target=\"_blank\">Levy<\/a> potwierdzi\u0142, \u017ce zdj\u0119cia nakr\u0119cone przez <a class=\"internal\" href=\"https:\/\/www.filmweb.pl\/person\/Tom+Cruise-24\" title=\"Cruise\" a=\"\" rel=\"nofollow noopener\" target=\"_blank\">Cruise&#8217;a<\/a> znajd\u0105 si\u0119 w finalnej wersji filmu. <\/p>\n<p>Teraz, kiedy b\u0119dziecie ogl\u0105da\u0107 film, b\u0119dziecie wiedzie\u0107, \u017ce jego cz\u0119\u015b\u0107 nakr\u0119ci\u0142 Tom. Czy to nie jest wspania\u0142e? &#8211; stwierdzi\u0142 <a class=\"internal\" href=\"https:\/\/www.filmweb.pl\/person\/Shawn+Levy-60715\" title=\"Levy\" rel=\"nofollow noopener\" target=\"_blank\">Levy<\/a>. <\/p>\n<p>Jak wygl\u0105da pojedynek na miecze \u015bwietlne nakr\u0119cony przez <a class=\"internal\" href=\"https:\/\/www.filmweb.pl\/person\/Tom+Cruise-24\" title=\"Toma Cruise\" a=\"\" rel=\"nofollow noopener\" target=\"_blank\">Toma Cruise&#8217;a<\/a>? Przekonamy si\u0119 o tym w przysz\u0142ym roku. Wcze\u015bniej do kin trafi &#8222;<a class=\"internal\" href=\"https:\/\/www.filmweb.pl\/film\/Mandalorian+i+Grogu-2026-10046150\" title=\"Mandalorian i Grogu\" rel=\"nofollow noopener\" target=\"_blank\">Mandalorian i Grogu<\/a>&#8222;, kt\u00f3ry b\u0119dzie pierwszym od 2019 roku kinowym projektem ze \u015bwiata <a class=\"internal\" href=\"https:\/\/www.filmweb.pl\/world\/Gwiezdne+wojny-3\" title=\"Star Wars\" rel=\"nofollow noopener\" target=\"_blank\">Star Wars<\/a>. <\/p>\n<p>Zwiastun filmu &#8222;Mandalorian i Grogu&#8221;<\/p>\n","protected":false},"excerpt":{"rendered":"Tom Cruise poczu\u0142 Moc i pojawi\u0142 si\u0119 na planie widowiska &#8222;Star Wars: Starfighter&#8222;. Ujawni\u0142 to w jednym z&hellip;\n","protected":false},"author":2,"featured_media":194612,"comment_status":"","ping_status":"","sticky":false,"template":"","format":"standard","meta":{"footnotes":""},"categories":[22],"tags":[122,42,38,40,39,41,123],"class_list":{"0":"post-194611","1":"post","2":"type-post","3":"status-publish","4":"format-standard","5":"has-post-thumbnail","7":"category-rozrywka","8":"tag-entertainment","9":"tag-pl","10":"tag-poland","11":"tag-polish","12":"tag-polska","13":"tag-polski","14":"tag-rozrywka"},"share_on_mastodon":{"url":"https:\/\/pubeurope.com\/@pl\/115861448626757423","error":""},"_links":{"self":[{"href":"https:\/\/www.europesays.com\/pl\/wp-json\/wp\/v2\/posts\/194611","targetHints":{"allow":["GET"]}}],"collection":[{"href":"https:\/\/www.europesays.com\/pl\/wp-json\/wp\/v2\/posts"}],"about":[{"href":"https:\/\/www.europesays.com\/pl\/wp-json\/wp\/v2\/types\/post"}],"author":[{"embeddable":true,"href":"https:\/\/www.europesays.com\/pl\/wp-json\/wp\/v2\/users\/2"}],"replies":[{"embeddable":true,"href":"https:\/\/www.europesays.com\/pl\/wp-json\/wp\/v2\/comments?post=194611"}],"version-history":[{"count":0,"href":"https:\/\/www.europesays.com\/pl\/wp-json\/wp\/v2\/posts\/194611\/revisions"}],"wp:featuredmedia":[{"embeddable":true,"href":"https:\/\/www.europesays.com\/pl\/wp-json\/wp\/v2\/media\/194612"}],"wp:attachment":[{"href":"https:\/\/www.europesays.com\/pl\/wp-json\/wp\/v2\/media?parent=194611"}],"wp:term":[{"taxonomy":"category","embeddable":true,"href":"https:\/\/www.europesays.com\/pl\/wp-json\/wp\/v2\/categories?post=194611"},{"taxonomy":"post_tag","embeddable":true,"href":"https:\/\/www.europesays.com\/pl\/wp-json\/wp\/v2\/tags?post=194611"}],"curies":[{"name":"wp","href":"https:\/\/api.w.org\/{rel}","templated":true}]}}