{"id":194621,"date":"2026-01-08T20:53:09","date_gmt":"2026-01-08T20:53:09","guid":{"rendered":"https:\/\/www.europesays.com\/pl\/194621\/"},"modified":"2026-01-08T20:53:09","modified_gmt":"2026-01-08T20:53:09","slug":"fc-porto-ma-plan-na-polaka-oto-co-zamierza-zrobic-wielki-klub","status":"publish","type":"post","link":"https:\/\/www.europesays.com\/pl\/194621\/","title":{"rendered":"FC Porto ma plan na Polaka. Oto co zamierza zrobi\u0107 wielki klub"},"content":{"rendered":"<p class=\"Paragraph_desktopParagraph__Fd2e9\">17-letni polski skrzyd\u0142owy, og\u0142oszony w \u015brod\u0119 zawodnikiem FC Porto, przeszed\u0142 do tej dru\u017cyny za 10 mln euro i podpisa\u0142 kontrakt do 2029 r. Nowy klub przewidzia\u0142 klauzul\u0119 odst\u0119pnego w wysoko\u015bci 60 mln euro, zabezpieczaj\u0105c swoje interesy na wypadek kolejnego transferu.<\/p>\n<p class=\"VideoPlayerText_videoPlayerText__zrtJk\">Dalszy ci\u0105g materia\u0142u pod wideo<\/p>\n<p class=\"Paragraph_desktopParagraph__Fd2e9\">Pietuszewski dotar\u0142 ju\u017c na trwaj\u0105ce od wtorku zgrupowanie pi\u0142karzy FC Porto w Algarve, na po\u0142udniu Portugalii. Ekipa zabrana na ob\u00f3z przez trenera Francesco Fariolego, w kt\u00f3rej obok m\u0142odego Polaka jest 31 innych zawodnik\u00f3w Smok\u00f3w, w pi\u0105tek rozegra w Almancil mecz przeciwko zespo\u0142owi Farense.<\/p>\n<p class=\"Paragraph_desktopParagraph__Fd2e9\">Redaktor naczelny sportowego dziennika &#8222;A Bola&#8221; Fernando Urbano uwa\u017ca, \u017ce sprowadzenie Pietuszewskiego wyjdzie na korzy\u015b\u0107 zar\u00f3wno m\u0142odemu pi\u0142karzowi, jak i portugalskiemu klubowi.<\/p>\n<p class=\"Paragraph_desktopParagraph__Fd2e9\">\u2014 Pojawiaj\u0105 si\u0119 ju\u017c teraz przes\u0142anki do tego, aby twierdzi\u0107, \u017ce nowy nabytek z Polski m\u00f3g\u0142by by\u0107 stopniowo wprowadzany do gry. Kilku graczy narzeka\u0142o ostatnio na kontuzje, inni wydaj\u0105 si\u0119 by\u0107 zm\u0119czeni sezonem. Pietuszewski m\u00f3g\u0142by zatem wchodzi\u0107 na boisko jako rezerwowy \u2014 powiedzia\u0142 PAP Urbano, okre\u015blaj\u0105c transfer mianem &#8222;chirurgicznego&#8221;, gdy\u017c &#8222;w tym m\u0142odym ch\u0142opaku dyrekcja FC Porto dostrzeg\u0142a jak\u0105\u015b zalet\u0119, co\u015b wyj\u0105tkowego, co mo\u017cna z powodzeniem rozwija\u0107&#8221;.<\/p>\n<p class=\"Paragraph_desktopParagraph__Fd2e9\">Lizbo\u0144ski dziennikarz oceni\u0142, \u017ce dla obserwowanego od d\u0142u\u017cszego czasu przez FC Porto m\u0142odego gracza kierownictwo klubu ma ju\u017c precyzyjny plan i okre\u015blone oczekiwania.<\/p>\n<p class=\"Paragraph_desktopParagraph__Fd2e9\">\u2014 Nieprzypadkowo w\u0142a\u015bnie ten zawodnik trafia do tak du\u017cego klubu, jakim jest FC Porto. Oznacza to, \u017ce w\u0142adze Smok\u00f3w widz\u0105 w nim potencja\u0142 do rozwini\u0119cia. Rzadko za tak m\u0142odego zawodnika wyk\u0142adane s\u0105 tak du\u017ce pieni\u0105dze \u2014 zaznaczy\u0142 Urbano.<\/p>\n<p class=\"Paragraph_desktopParagraph__Fd2e9\">Nadmieni\u0142 jednak, \u017ce Pietuszewskiemu nie b\u0119dzie \u0142atwo przebi\u0107 si\u0119 do pierwszego sk\u0142adu ju\u017c w trwaj\u0105cym sezonie. \u2014 FC Porto ma ju\u017c stabilny sk\u0142ad, a tak\u017ce du\u017ce ambicje, aby poza mistrzostwem kraju si\u0119gn\u0105\u0107 r\u00f3wnie\u017c po Puchar Portugalii oraz wygra\u0107 Lig\u0119 Europy. Mecz\u00f3w jest du\u017co, wyzwa\u0144 dla zespo\u0142u r\u00f3wnie\u017c, a zm\u0119czenie najbardziej eksploatowanych graczy zespo\u0142u mo\u017ce by\u0107 szans\u0105 dla m\u0142odszych zawodnik\u00f3w na kr\u00f3tkie lub nieco d\u0142u\u017csze wyst\u0119py \u2014 doda\u0142 Urbano.<\/p>\n<p>Oskar Pietuszewski mo\u017ce zagra\u0107 szybciej ni\u017c si\u0119 wydaje<\/p>\n<p class=\"Paragraph_desktopParagraph__Fd2e9\">Czo\u0142owy komentator pi\u0142karski telewizji CNN Portugal Paulo Pereira uwa\u017ca z kolei, \u017ce zalet\u0105 transferu Pietuszewskiego jest dobry czas, w kt\u00f3rym zosta\u0142 on zrealizowany. Przypomnia\u0142, \u017ce zesp\u00f3\u0142 Smok\u00f3w przewodzi w portugalskiej lidze z dorobkiem 49 punkt\u00f3w.<\/p>\n<p class=\"Paragraph_desktopParagraph__Fd2e9\">Spodziewa si\u0119, \u017ce siedmiopunktowa przewaga nad zespo\u0142em lizbo\u0144skiego Sportingu, i 10-punktowa nad Benfic\u0105 mo\u017ce zach\u0119ca\u0107 trenera Fariolego do eksperyment\u00f3w w sk\u0142adzie.<\/p>\n<p class=\"Paragraph_desktopParagraph__Fd2e9\">\u2014 Prawdopodobnie Oskar b\u0119dzie mie\u0107 okazj\u0119 do pokazania swoich umiej\u0119tno\u015bci ju\u017c niebawem. Warunki do tego s\u0105 dobre. Nie powinien narzeka\u0107 na atmosfer\u0119 w dru\u017cynie, kt\u00f3rej filarami s\u0105 jego dwaj starsi koledzy z Polski \u2014 Jan Bednarek i Jakub Kiwior \u2014 powiedzia\u0142 PAP Pereira i doda\u0142, \u017ce w &#8222;polskiej kolonii b\u0119dzie mu ra\u017aniej&#8221;.<\/p>\n<p class=\"Paragraph_desktopParagraph__Fd2e9\">Zaznaczy\u0142, \u017ce pozytywny wp\u0142yw na Pietuszewskiego mo\u017ce mie\u0107 te\u017c obecno\u015b\u0107 w Porto jego dobrego kolegi z m\u0142odzie\u017cowej reprezentacji Polski Huberta Charu\u017cego. Przypomnia\u0142, \u017ce by\u0142y bramkarz \u015al\u0105ska Wroc\u0142aw, kt\u00f3ry jest r\u00f3wie\u015bnikiem bia\u0142ostocczanina, wyst\u0119puje na co dzie\u0144 w juniorskiej ekipie Smok\u00f3w.<\/p>\n<p class=\"Paragraph_desktopParagraph__Fd2e9\">\u2014 Nowy nabytek FC Porto ma idealne warunki do rozwoju. Je\u015bli z tego skorzysta, to znajdzie si\u0119 w kr\u0119gu zainteresowania najwi\u0119kszych \u015bwiatowych klub\u00f3w, kt\u00f3re na bie\u017c\u0105co \u015bledz\u0105 wyst\u0119py Smok\u00f3w \u2014 podsumowa\u0142 portugalski komentator i przyzna\u0142, \u017ce przed 17-latkiem z Bia\u0142egostoku otwiera si\u0119 szansa na du\u017c\u0105 pi\u0142karsk\u0105 karier\u0119.<\/p>\n<p class=\"Paragraph_desktopParagraph__Fd2e9\">\u0179r\u00f3d\u0142o informacji: Polska Agencja Prasowa<\/p>\n","protected":false},"excerpt":{"rendered":"17-letni polski skrzyd\u0142owy, og\u0142oszony w \u015brod\u0119 zawodnikiem FC Porto, przeszed\u0142 do tej dru\u017cyny za 10 mln euro i&hellip;\n","protected":false},"author":2,"featured_media":194622,"comment_status":"","ping_status":"","sticky":false,"template":"","format":"standard","meta":{"footnotes":""},"categories":[5],"tags":[32,33,5887,36,37,27,67,5886,5888,34,35,28,31,25,5957,42,4785,38,40,39,41,136,128,47,135,29,30,26,130],"class_list":{"0":"post-194621","1":"post","2":"type-post","3":"status-publish","4":"format-standard","5":"has-post-thumbnail","7":"category-naglowki","8":"tag-breaking-news","9":"tag-breakingnews","10":"tag-fc_porto","11":"tag-featured-news","12":"tag-featurednews","13":"tag-headlines","14":"tag-intextvideo_splayer","15":"tag-jakub_kiwior","16":"tag-jan_bednarek","17":"tag-latest-news","18":"tag-latestnews","19":"tag-naglowki","20":"tag-najwazniejsze-artykuly","21":"tag-news","22":"tag-oskar_pietuszewski","23":"tag-pl","24":"tag-polacy_za_granica","25":"tag-poland","26":"tag-polish","27":"tag-polska","28":"tag-polski","29":"tag-ps_detal_new","30":"tag-psv2","31":"tag-screening_general","32":"tag-sport_sport","33":"tag-top-stories","34":"tag-topstories","35":"tag-wiadomosci","36":"tag-wiadomosci_sportowe"},"share_on_mastodon":{"url":"https:\/\/pubeurope.com\/@pl\/115861468275469693","error":""},"_links":{"self":[{"href":"https:\/\/www.europesays.com\/pl\/wp-json\/wp\/v2\/posts\/194621","targetHints":{"allow":["GET"]}}],"collection":[{"href":"https:\/\/www.europesays.com\/pl\/wp-json\/wp\/v2\/posts"}],"about":[{"href":"https:\/\/www.europesays.com\/pl\/wp-json\/wp\/v2\/types\/post"}],"author":[{"embeddable":true,"href":"https:\/\/www.europesays.com\/pl\/wp-json\/wp\/v2\/users\/2"}],"replies":[{"embeddable":true,"href":"https:\/\/www.europesays.com\/pl\/wp-json\/wp\/v2\/comments?post=194621"}],"version-history":[{"count":0,"href":"https:\/\/www.europesays.com\/pl\/wp-json\/wp\/v2\/posts\/194621\/revisions"}],"wp:featuredmedia":[{"embeddable":true,"href":"https:\/\/www.europesays.com\/pl\/wp-json\/wp\/v2\/media\/194622"}],"wp:attachment":[{"href":"https:\/\/www.europesays.com\/pl\/wp-json\/wp\/v2\/media?parent=194621"}],"wp:term":[{"taxonomy":"category","embeddable":true,"href":"https:\/\/www.europesays.com\/pl\/wp-json\/wp\/v2\/categories?post=194621"},{"taxonomy":"post_tag","embeddable":true,"href":"https:\/\/www.europesays.com\/pl\/wp-json\/wp\/v2\/tags?post=194621"}],"curies":[{"name":"wp","href":"https:\/\/api.w.org\/{rel}","templated":true}]}}