{"id":194647,"date":"2026-01-08T21:06:16","date_gmt":"2026-01-08T21:06:16","guid":{"rendered":"https:\/\/www.europesays.com\/pl\/194647\/"},"modified":"2026-01-08T21:06:16","modified_gmt":"2026-01-08T21:06:16","slug":"wybory-w-partii-holowni-pod-specjalnym-nadzorem-my-juz-sobie-nie-ufamy","status":"publish","type":"post","link":"https:\/\/www.europesays.com\/pl\/194647\/","title":{"rendered":"Wybory w partii Ho\u0142owni pod specjalnym nadzorem. &#8222;My ju\u017c sobie nie ufamy&#8221;"},"content":{"rendered":"<p>Decyzja w tej sprawie zapad\u0142a wczoraj. Onet widzia\u0142 komunikat komisji wyborczej Polski 2050 w tej sprawie. Wynika z niego, \u017ce w trakcie wybor\u00f3w jej prace b\u0119d\u0105 mogli \u015bledzi\u0107 obserwatorzy. Mog\u0105 ich zg\u0142asza\u0107 kandydaci. Jeden kandydat mo\u017ce zg\u0142osi\u0107 jednego obserwatora. Ci b\u0119d\u0105 mogli obserwowa\u0107 komisj\u0119 zar\u00f3wno w trakcie przygotowania g\u0142osowania, samego g\u0142osowania, jak i ustalenia wynik\u00f3w wybor\u00f3w. Obserwatorem mo\u017ce by\u0107 tylko cz\u0142onek zwyczajny Polski 2050.<\/p>\n<p class=\"ods-c-paragraph \">W najbli\u017csz\u0105 sobot\u0119 <a href=\"https:\/\/wiadomosci.onet.pl\/tylko-w-onecie\/nerwowo-w-partii-szymona-holowni-to-rozgrywka-z-tuskiem\/tre3b7f\" id=\"36350bba-aac7-45e3-bb6f-eee64f1da0ad\" rel=\"nofollow noopener\" target=\"_blank\">kilkuset dzia\u0142aczy ugrupowania Szymona Ho\u0142owni zdecyduje, kto b\u0119dzie nast\u0119pc\u0105 by\u0142ego<\/a> marsza\u0142ka Sejmu. Zarejestrowani uczestnicy g\u0142osowania otrzymaj\u0105 e-mailem formularz do wype\u0142nienia, w kt\u00f3rym wska\u017c\u0105 swojego faworyta. Je\u015bli \u017caden z kandydat\u00f3w nie otrzyma wi\u0119cej ni\u017c po\u0142owy g\u0142os\u00f3w, w poniedzia\u0142ek (12 stycznia) odb\u0119dzie si\u0119 druga tura.<\/p>\n<p class=\"ods-c-paragraph \">To Ryszard Petru domaga\u0142 si\u0119 uczestnictwa w ca\u0142ym procesie specjalnych obserwator\u00f3w.<\/p>\n<p class=\"ods-c-paragraph \">\u2014 System jest tak zbudowany, \u017ce ju\u017c w trakcie wybor\u00f3w ci, kt\u00f3rzy maj\u0105 dost\u0119p do wynik\u00f3w, mog\u0105 \u015bledzi\u0107 ich przebieg w\u0142a\u015bciwie online. A to stwarza zagro\u017cenie, \u017ce kto\u015b mo\u017ce pr\u00f3bowa\u0107 wp\u0142ywa\u0107 na dzia\u0142aczy, gdyby proces nie przebiega\u0142 po my\u015bli konkretnego kandydata \u2014 m\u00f3wi\u0142 Onetowi w poniedzia\u0142ek jeden z dzia\u0142aczy Polski 2050.<\/p>\n<p>Dalszy ci\u0105g artyku\u0142u pod materia\u0142em wideo<\/p>\n<p class=\"ods-c-paragraph \">Jego postulat zosta\u0142 spe\u0142niony, ale nie wszyscy s\u0105 zachwyceni: \u2014 Z jednej strony to dobrze, bo nie b\u0119dzie \u017cadnych w\u0105tpliwo\u015bci, czy kto\u015b nie wp\u0142ywa\u0142 na proces wyborczy, ale z drugiej strony \u015bwiadczy to o tym, \u017ce my ju\u017c sobie za bardzo nie ufamy \u2014 m\u00f3wi nam jeden z pos\u0142\u00f3w ugrupowania.<\/p>\n<p>B\u0119dzie druga tura?<\/p>\n<p class=\"ods-c-paragraph \">Po wycofaniu si\u0119 Micha\u0142a Koboski na placu gry <a href=\"https:\/\/wiadomosci.onet.pl\/kraj\/kwartet-zatrzyma-katarzyne-pelczynska-nalecz-rywale-ministry-zawarli-sojusz\/yeqtkh0\" id=\"1adf431f-8f00-4133-b2ca-08a21e3edc99\" rel=\"nofollow noopener\" target=\"_blank\">zosta\u0142o sze\u015bcioro kandydat\u00f3w: Katarzyna Pe\u0142czy\u0144ska-Na\u0142\u0119cz, Paulina Hennig-Kloska, Joanna Mucha<\/a>, Ryszard Petru oraz pos\u0142owie Rafa\u0142 Kasprzyk i Bartosz Romowicz. To du\u017co jak na parti\u0119 w kryzysie, bo w ostatnich miesi\u0105cach sonda\u017ce nie daj\u0105 jej wielkich szans na przekroczenie progu wyborczego.<\/p>\n<p class=\"ods-c-paragraph \">Wed\u0142ug nieoficjalnych informacji rywale Pe\u0142czy\u0144skiej-Na\u0142\u0119cz mieli zawi\u0105za\u0107 taktyczny sojusz, by zablokowa\u0107 jej zwyci\u0119stwo. Tercet mia\u0142 obejmowa\u0107 uk\u0142ad Petru\u2013Hennig-Kloska\u2013Mucha z poparciem Koboski. Hennig-Kloska <a href=\"https:\/\/www.onet.pl\/informacje\/onetwiadomosci\/wrze-przed-wyborami-w-polsce-2050-paulina-hennig-kloska-to-jakis-mit\/992sb9q,79cfc278\" id=\"a55e7780-f1b9-4362-a57e-0cad4e14300c\" rel=\"nofollow noopener\" target=\"_blank\">odpowiada jednak, \u017ce to &#8222;mit&#8221; i narracja &#8222;stworzona przez sztab kole\u017canki&#8221; dla polaryzacji.<\/a> Kampania zaczyna jednak przypomina\u0107 plebiscyt &#8222;za&#8221; lub &#8222;przeciw&#8221; jednej osobie.<\/p>\n<p class=\"ods-c-paragraph \">Do partyjnej rywalizacji doklejony jest rz\u0105dowy w\u0105tek: fotel<a href=\"https:\/\/www.onet.pl\/informacje\/onetwiadomosci\/pelczynska-nalecz-ma-czekac-dwa-miesiace-na-spotkanie-z-donaldem-tuskiem\/s0cg720,79cfc278\" id=\"73a45f6a-3c93-4036-946f-4b3eedfe51ac\" rel=\"nofollow noopener\" target=\"_blank\"> wicepremiera dla Polski 2050. Pe\u0142czy\u0144ska-Na\u0142\u0119cz wielokrotnie podkre\u015bla\u0142a, \u017ce prosi\u0142a<\/a> Donalda Tuska o spotkanie, przypominaj\u0105c, \u017ce po rotacji na stanowisku marsza\u0142ka Sejmu (Ho\u0142ownia odda\u0142 fotel W\u0142odzimierzowi Czarzastemu) jej partia powinna otrzyma\u0107 funkcj\u0119 wicepremiera.<\/p>\n<p class=\"ods-c-paragraph \"><a href=\"https:\/\/wiadomosci.onet.pl\/tylko-w-onecie\/panstwowe-stanowiska-w-zamian-za-poparcie-wybory-lidera-polski-2050-coraz-bardziej\/gly6sk7\" id=\"70c74b82-9565-4103-947f-c877642d4099\" rel=\"nofollow noopener\" target=\"_blank\">Wczoraj Andrzej Stankiewicz w Onecie ujawni\u0142, \u017ce w\u015br\u00f3d dzia\u0142aczy Polski 2050 kr\u0105\u017cy lista kilkudziesi\u0119ciu<\/a> os\u00f3b, kt\u00f3re w ostatnich miesi\u0105cach otrzyma\u0142y stanowiska w instytucjach podleg\u0142ych Ministerstwu Funduszy kierowanemu przez Katarzyn\u0119 Pe\u0142czy\u0144sk\u0105-Na\u0142\u0119cz. Zdaniem jej przeciwnik\u00f3w pani minister rozdaje pa\u0144stwowe posady w zamian za g\u0142osy.<\/p>\n<p class=\"ods-c-paragraph \">Chodzi o Spo\u0142eczne Inicjatywy Mieszkaniowe (SIM) oraz Krajowy Zas\u00f3b Nieruchomo\u015bci (KZN). Spo\u0142eczne Inicjatywy Mieszkaniowe to pa\u0144stwowe sp\u00f3\u0142ki, kt\u00f3re maj\u0105 budowa\u0107 mieszkania o niewielkim czynszu. Z kolei KZN gospodaruje nieruchomo\u015bciami nale\u017c\u0105cymi do Skarbu Pa\u0144stwa, przeznaczaj\u0105c je pod budow\u0119 mieszka\u0144.<\/p>\n<p class=\"ods-c-paragraph \">Zapytali\u015bmy minister Pe\u0142czy\u0144sk\u0105-Na\u0142\u0119cz o powo\u0142ywanie dzia\u0142aczy jej partii na pa\u0144stwowe stanowiska. Odpowiedzia\u0142a nam: &#8222;Nikt nie zosta\u0142 zatrudniony. O ile wiem, jedna osoba zmieni\u0142a w ramach SIM form\u0119 zatrudnienia&#8221;.<\/p>\n","protected":false},"excerpt":{"rendered":"Decyzja w tej sprawie zapad\u0142a wczoraj. Onet widzia\u0142 komunikat komisji wyborczej Polski 2050 w tej sprawie. Wynika z&hellip;\n","protected":false},"author":2,"featured_media":194648,"comment_status":"","ping_status":"","sticky":false,"template":"","format":"standard","meta":{"footnotes":""},"categories":[12],"tags":[56,32,33,36,37,27,1657,34,35,28,31,48,25,46,5494,42,38,40,39,202,41,6024,47,204,29,30,341,26],"class_list":{"0":"post-194647","1":"post","2":"type-post","3":"status-publish","4":"format-standard","5":"has-post-thumbnail","7":"category-polska","8":"tag-article_premium","9":"tag-breaking-news","10":"tag-breakingnews","11":"tag-featured-news","12":"tag-featurednews","13":"tag-headlines","14":"tag-katarzyna_pelczynska_nalecz","15":"tag-latest-news","16":"tag-latestnews","17":"tag-naglowki","18":"tag-najwazniejsze-artykuly","19":"tag-nat_styl","20":"tag-news","21":"tag-omp","22":"tag-paulina_hennig_kloska","23":"tag-pl","24":"tag-poland","25":"tag-polish","26":"tag-polska","27":"tag-polska_2050","28":"tag-polski","29":"tag-ryszard_petru","30":"tag-screening_general","31":"tag-szymon_holownia","32":"tag-top-stories","33":"tag-topstories","34":"tag-tylko_w_onecie","35":"tag-wiadomosci"},"share_on_mastodon":{"url":"https:\/\/pubeurope.com\/@pl\/115861519297316134","error":""},"_links":{"self":[{"href":"https:\/\/www.europesays.com\/pl\/wp-json\/wp\/v2\/posts\/194647","targetHints":{"allow":["GET"]}}],"collection":[{"href":"https:\/\/www.europesays.com\/pl\/wp-json\/wp\/v2\/posts"}],"about":[{"href":"https:\/\/www.europesays.com\/pl\/wp-json\/wp\/v2\/types\/post"}],"author":[{"embeddable":true,"href":"https:\/\/www.europesays.com\/pl\/wp-json\/wp\/v2\/users\/2"}],"replies":[{"embeddable":true,"href":"https:\/\/www.europesays.com\/pl\/wp-json\/wp\/v2\/comments?post=194647"}],"version-history":[{"count":0,"href":"https:\/\/www.europesays.com\/pl\/wp-json\/wp\/v2\/posts\/194647\/revisions"}],"wp:featuredmedia":[{"embeddable":true,"href":"https:\/\/www.europesays.com\/pl\/wp-json\/wp\/v2\/media\/194648"}],"wp:attachment":[{"href":"https:\/\/www.europesays.com\/pl\/wp-json\/wp\/v2\/media?parent=194647"}],"wp:term":[{"taxonomy":"category","embeddable":true,"href":"https:\/\/www.europesays.com\/pl\/wp-json\/wp\/v2\/categories?post=194647"},{"taxonomy":"post_tag","embeddable":true,"href":"https:\/\/www.europesays.com\/pl\/wp-json\/wp\/v2\/tags?post=194647"}],"curies":[{"name":"wp","href":"https:\/\/api.w.org\/{rel}","templated":true}]}}