{"id":194662,"date":"2026-01-08T21:15:08","date_gmt":"2026-01-08T21:15:08","guid":{"rendered":"https:\/\/www.europesays.com\/pl\/194662\/"},"modified":"2026-01-08T21:15:08","modified_gmt":"2026-01-08T21:15:08","slug":"niebywaly-wystep-swiatek-czekala-na-to-784-dni-tenis","status":"publish","type":"post","link":"https:\/\/www.europesays.com\/pl\/194662\/","title":{"rendered":"Niebywa\u0142y wyst\u0119p \u015awi\u0105tek. Czeka\u0142a na to 784 dni Tenis"},"content":{"rendered":"<p class=\"art_paragraph\">Polska wygra\u0142a grup\u0119 F na turnieju dru\u017cynowym United Cup 2026 rozgrywanym w Australii. Nasi tenisi\u015bci pokonali po 3:0 Niemc\u00f3w oraz Holendr\u00f3w. W pi\u0105tkowym \u0107wier\u0107<a href=\"https:\/\/www.sport.pl\/tenis\/7,64987,30022805,swiatek-wygrala-z-dawna-soba-przedwczesny-final-zawiodl-ale.html#anchorLink\" rel=\"nofollow noopener\" target=\"_blank\">finale<\/a> zmierz\u0105 si\u0119 z gospodarzami, co oznacza, \u017ce w singlu Iga \u015awi\u0105tek (2. <a href=\"https:\/\/www.sport.pl\/wta#anchorLink\" rel=\"nofollow noopener\" target=\"_blank\">WTA<\/a>) rywalizowa\u0107 b\u0119dzie z 19-letni\u0105 Maj\u0105 Joint (32.). <a href=\"https:\/\/www.sport.pl\/siatkowka\/7,64948,30038648,polki-zachwycaja-na-ms-kolejny-kapitalny-mecz-ida-jak-burza.html#anchorLink\" rel=\"nofollow noopener\" target=\"_blank\">Polka<\/a> i Australijka do tej pory mierzy\u0142y si\u0119 raz w Seulu 20 wrze\u015bnia 2025.<\/p>\n<p>\n    Zobacz wideo Kamil Majchrzak o minionym sezonie. &#8222;Mam nadziej\u0119, \u017ce jeszcze sporo przede mn\u0105&#8221;\n  <\/p>\n<p class=\"art_paragraph\">\u015awi\u0105tek wygra\u0142a w\u00f3wczas 6:0, 6:2 w zaledwie 67 minut. Kilka godzin wcze\u015bniej pokona\u0142a za\u015b Czeszk\u0119 Barbor\u0119 Krejcikov\u0105 6:0, 6:3 w 86 minut. To by\u0142 pierwszy taki przypadek od 784 dni, gdy jednego dnia rozegra\u0142a dwa mecze w turnieju rangi WTA. Wcze\u015bniej podobna historia mia\u0142a miejsce 29 lipca 2023 podczas imprezy Poland Open rozgrywanej w Warszawie. Najpierw w p\u00f3\u0142finale Iga zwyci\u0119\u017cy\u0142a z Belgijk\u0105 Janin\u0105 Wickmayer 6:1, 7:6, by nast\u0119pnie w finale ogra\u0107 Niemk\u0119 Laur\u0119 Siegemund 6:0, 6:1.<\/p>\n<p> Joint bez szans ze \u015awi\u0105tek<\/p>\n<p class=\"art_paragraph\">Nasza zawodniczka potrafi radzi\u0107 sobie w tak trudnych sytuacjach, a w meczu z Joint w Korei Po\u0142udniowej zupe\u0142nie nie wida\u0107 by\u0142o po niej zm\u0119czenia poprzednim pojedynkiem. W pierwszym secie trzy razy prze\u0142ama\u0142a Australijk\u0119, nie musia\u0142a broni\u0107 ani jednego break pointa, a otwieraj\u0105ca partia trwa\u0142a zaledwie 25 minut. Dlaczego pojedynek by\u0142 a\u017c tak jednostronny? Komentuj\u0105cy to spotkanie trener Dawid Celt t\u0142umaczy\u0142 to na antenie Canal+ Sport.<\/p>\n<p class=\"art_paragraph\">&#8211; Z takim wprowadzaniem pi\u0142ki do gry ona nie b\u0119dzie mog\u0142a zagrozi\u0107 Idze. Tam nie ma pr\u0119dko\u015bci na serwisie, jest tylko wprowadzanie pi\u0142ki. Iga nie ma \u017cadnej presji &#8211; <a href=\"https:\/\/www.sport.pl\/tenis\/7,64987,32265236,caly-swiat-zobaczyl-co-wyprawiala-swiatek-komentator-nie-wytrzymal.html\" class=\"art_link\" rel=\"dofollow noopener\" target=\"_blank\">wskazywa\u0142<\/a>\u00a0Celt. Po kolejnym prze\u0142amaniu dla Polki doda\u0142: &#8222;Maja nie ma czym zagrozi\u0107 Idze. Nie jest w stanie si\u0119 postawi\u0107 ani serwisem, ani fizyczno\u015bci\u0105. Wynik w pe\u0142ni odzwierciedla to, co widzimy na korcie&#8221;. Przez te 25 minut \u015awi\u0105tek zdoby\u0142a 25 punkt\u00f3w, a rywalka dziewi\u0119\u0107. Trudno w ten spos\u00f3b zatrzyma\u0107 wiceliderk\u0119 rankingu.<\/p>\n<p> Pojawi\u0142 si\u0119 nawet skr\u00f3t<\/p>\n<p class=\"art_paragraph\">W drugim secie pojedynek nieco si\u0119 wyr\u00f3wna\u0142. 19-latka zacz\u0119\u0142a od utrzymania serwisu, a potem nawet prze\u0142ama\u0142a nasz\u0105 tenisistk\u0119. W mi\u0119dzyczasie jednak \u015awi\u0105tek uczyni\u0142a to samo i to trzykrotnie. Komentatorzy podkre\u015blali, \u017ce Australijka nie wytrzymuje tempa gry naszej tenisistki. Ta w pewnym momencie poczu\u0142a si\u0119 na tyle komfortowo, \u017ce zdecydowa\u0142a si\u0119 nawet na skr\u00f3t, z kt\u00f3rego rzadko korzysta w trakcie oficjalnych spotka\u0144. Nie zdoby\u0142a wtedy punktu, ale komentuj\u0105cy Maciej Zar\u0119ba <a href=\"https:\/\/www.sport.pl\/tenis\/7,64987,32265059,nie-do-wiary-co-zrobila-swiatek-fissette-i-abramowicz-zareagowali.html\" class=\"art_link\" rel=\"dofollow noopener\" target=\"_blank\">podkre\u015bli\u0142<\/a>: &#8222;Sama pr\u00f3ba tego zagrania \u015bwiadczy o tym, \u017ce Iga czuje si\u0119 pewnie&#8221;. Strata serwisu tak\u017ce nie wybi\u0142a jej z rytmu.<\/p>\n<p class=\"art_paragraph\">Czytaj tak\u017ce: <a href=\"https:\/\/www.sport.pl\/pilka\/7,64946,32512711,zbigniew-boniek-zachwycony-tym-transferem-znakomity-deal.html\" class=\"art_link\" rel=\"dofollow noopener\" target=\"_blank\">Boniek zachwycony transferem<\/a><\/p>\n<p class=\"art_paragraph\">Joint tamtego dnia r\u00f3wnie\u017c musia\u0142a rozegra\u0107 dwa spotkania. Dwie godziny wcze\u015bniej pokona\u0142a niespodziewanie Dunk\u0119 Clar\u0119 Tauson 6:0, 6:3. Wszyscy szykowali si\u0119 ju\u017c do meczu \u015awi\u0105tek &#8211; Tauson i rewan\u017cu za przegran\u0105 Polki w sierpniu w 1\/8 fina\u0142u w Montrealu 6:7, 3:6. To jednak m\u0142oda Australijka awansowa\u0142a do p\u00f3\u0142fina\u0142u w Seulu, w pe\u0142ni zas\u0142u\u017cenie. Sezon 2025 by\u0142 dla niej niezwykle udany, a w rywalizacji ze \u015awi\u0105tek po prostu nie by\u0142a w stanie nawi\u0105za\u0107 walki z lepsz\u0105 zawodniczk\u0105.<\/p>\n<p class=\"art_paragraph\">Joint to jedna z rewelacji ostatnich 12 miesi\u0119cy. Poprzedni sezon zaczyna\u0142a jako 118. tenisistka \u015bwiata, a ko\u0144czy\u0142a ju\u017c na 32. miejscu. Dosz\u0142a do p\u00f3\u0142fina\u0142u imprezy WTA w Hobart, \u0107wier\u0107fina\u0142u w Meridzie, wygra\u0142a turnieje w Rabacie oraz w Eastbourne. W tej ostatniej lokalizacji w finale nastolatek pokona\u0142a Aleksandr\u0119 Eal\u0119 z Filipin 6:4, 1:6, 7:6, a w bardzo zaci\u0119tym tie-breaku 12:10. Do tego jesieni\u0105 zaliczy\u0142a wspomniany p\u00f3\u0142fina\u0142 w Seulu czy ten sam wynik, ale w Hongkongu. To pozwoli\u0142o jej zosta\u0107 pierwsz\u0105 rakiet\u0105 Australii &#8211; kraju o du\u017cych tradycjach tenisowych. Joint wyprzedza dzi\u015b m.in. Dari\u0119 Kasatkin\u0119 (40.), kt\u00f3ra od zesz\u0142ego roku zamieni\u0142a rosyjski paszport na australijski, a by\u0142a ju\u017c w top 10.<\/p>\n<p> Jak b\u0119dzie w pi\u0105tek?<\/p>\n<p class=\"art_paragraph\">Kilka dni temu Joint zadebiutowa\u0142a w United Cup. W meczu grupowym z Czechami przegra\u0142a z Barbor\u0105 Krejcikov\u0105 4:6, 1:6. Wcze\u015bniej z Norwegi\u0105 nie zagra\u0142a z powodu choroby &#8211; udanie zast\u0105pi\u0142a j\u0105 Storm Hunter, specjalistka od debla. Wygl\u0105da jednak na to, \u017ce Joint jest ju\u017c gotowa, bo gospodarze zapowiedzieli, \u017ce to ona wyst\u0105pi w pi\u0105tek ze \u015awi\u0105tek. Polka b\u0119dzie faworytk\u0105, ale musi uwa\u017ca\u0107, bo w przypadku m\u0142odszych zawodniczek rozw\u00f3j mo\u017ce nast\u0105pi\u0107 szybko. Najlepiej by\u0142o to wida\u0107 z Niemcami, gdy nasza gwiazda mierzy\u0142a si\u0119 z Ew\u0105 Lys. Wcze\u015bniej ogrywa\u0142a j\u0105 \u0142atwo 6:2, 6:2 albo 6:0, 6:1, a tym razem Niemka postawi\u0142a si\u0119 i przegra\u0142a dopiero 6:3, 3:6, 4:6.<\/p>\n<p class=\"art_paragraph\">Mecz singla pa\u0144 odb\u0119dzie si\u0119 jako pierwszy w ramach rywalizacji Australia &#8211; Polska. Nast\u0119pnie na kort wyjd\u0105 Hubert Hurkacz i Alex de Minaur. W mik\u015bcie po stronie gospodarzy wyst\u0105pi\u0107 ma para Hunter i John-Patrick Smith, a w <a href=\"https:\/\/www.sport.pl\/pilka\/7,64946,29986227,buduja-druga-barcelone-legendarna-ekipa-w-jednym-miejscu.html#anchorLink\" rel=\"nofollow noopener\" target=\"_blank\">ekipie<\/a> Bia\u0142o-Czerwonych zg\u0142oszeni s\u0105 \u015awi\u0105tek i Hurkacz, ale kapitanowie b\u0119d\u0105 mogli jeszcze dokona\u0107 korekt. Pocz\u0105tek spotkania \u0107wier\u0107fina\u0142owego o godzinie 7.30 czasu polskiego. <a href=\"https:\/\/www.sport.pl\/transmisja#anchorLink\" rel=\"nofollow noopener\" target=\"_blank\">Transmisja<\/a> w Polsacie Sport.<\/p>\n","protected":false},"excerpt":{"rendered":"Polska wygra\u0142a grup\u0119 F na turnieju dru\u017cynowym United Cup 2026 rozgrywanym w Australii. Nasi tenisi\u015bci pokonali po 3:0&hellip;\n","protected":false},"author":2,"featured_media":194663,"comment_status":"","ping_status":"","sticky":false,"template":"","format":"standard","meta":{"footnotes":""},"categories":[24],"tags":[42,38,40,39,41,127,126],"class_list":{"0":"post-194662","1":"post","2":"type-post","3":"status-publish","4":"format-standard","5":"has-post-thumbnail","7":"category-sport","8":"tag-pl","9":"tag-poland","10":"tag-polish","11":"tag-polska","12":"tag-polski","13":"tag-sport","14":"tag-sports"},"share_on_mastodon":{"url":"https:\/\/pubeurope.com\/@pl\/115861554810792933","error":""},"_links":{"self":[{"href":"https:\/\/www.europesays.com\/pl\/wp-json\/wp\/v2\/posts\/194662","targetHints":{"allow":["GET"]}}],"collection":[{"href":"https:\/\/www.europesays.com\/pl\/wp-json\/wp\/v2\/posts"}],"about":[{"href":"https:\/\/www.europesays.com\/pl\/wp-json\/wp\/v2\/types\/post"}],"author":[{"embeddable":true,"href":"https:\/\/www.europesays.com\/pl\/wp-json\/wp\/v2\/users\/2"}],"replies":[{"embeddable":true,"href":"https:\/\/www.europesays.com\/pl\/wp-json\/wp\/v2\/comments?post=194662"}],"version-history":[{"count":0,"href":"https:\/\/www.europesays.com\/pl\/wp-json\/wp\/v2\/posts\/194662\/revisions"}],"wp:featuredmedia":[{"embeddable":true,"href":"https:\/\/www.europesays.com\/pl\/wp-json\/wp\/v2\/media\/194663"}],"wp:attachment":[{"href":"https:\/\/www.europesays.com\/pl\/wp-json\/wp\/v2\/media?parent=194662"}],"wp:term":[{"taxonomy":"category","embeddable":true,"href":"https:\/\/www.europesays.com\/pl\/wp-json\/wp\/v2\/categories?post=194662"},{"taxonomy":"post_tag","embeddable":true,"href":"https:\/\/www.europesays.com\/pl\/wp-json\/wp\/v2\/tags?post=194662"}],"curies":[{"name":"wp","href":"https:\/\/api.w.org\/{rel}","templated":true}]}}