{"id":194678,"date":"2026-01-08T21:23:10","date_gmt":"2026-01-08T21:23:10","guid":{"rendered":"https:\/\/www.europesays.com\/pl\/194678\/"},"modified":"2026-01-08T21:23:10","modified_gmt":"2026-01-08T21:23:10","slug":"anderson-coogler-del-toro-safdie-i-zhao-nominowani-do-nagrody-gildii-rezyserow","status":"publish","type":"post","link":"https:\/\/www.europesays.com\/pl\/194678\/","title":{"rendered":"Anderson, Coogler, Del Toro, Safdie i Zhao nominowani do nagrody Gildii Re\u017cyser\u00f3w"},"content":{"rendered":"<p><a class=\"internal\" href=\"https:\/\/www.filmweb.pl\/nagrody\/26\/7197\" title=\"Ameryka\u0144ska Gildia Re\u017cyser\u00f3w\" rel=\"nofollow noopener\" target=\"_blank\">Ameryka\u0144ska Gildia Re\u017cyser\u00f3w<\/a> doko\u0144czy\u0142a dzi\u015b og\u0142aszanie nominacji do swoich dorocznych nagr\u00f3d. Dzi\u015b poznali\u015bmy kandydat\u00f3w w kategoriach re\u017cyser roku i debiutant roku. Joachim Trier pomini\u0119ty. Kto walczy o nagrody Gildii Re\u017cyser\u00f3w?<\/p>\n<p>List\u0119 nominowanych w kategoriach serialowych, za film streamingowy i dokumentalny znajdziecie <a class=\"internal\" href=\"https:\/\/www.filmweb.pl\/news\/%22Farciarz+Gilmore+2%22+z+nominacj%C4%85+do+Gildii+Re%C5%BCyser%C3%B3w-164633\" title=\"\" farciarz=\"\" gilmore=\"\" z=\"\" nominacj=\"\" od=\"\" gildii=\"\" re=\"\" rel=\"nofollow noopener\" target=\"_blank\">TUTAJ<\/a>. Laureat\u00f3w poznamy podczas uroczystej gali 7 lutego. <\/p>\n<p><a class=\"markupPhoto\" href=\"https:\/\/fwcdn.pl\/nph\/1032473\/2025\/66779_1.13.jpg\" data-lightbox=\"true\" data-li=\"\" rel=\"lightbox[photos] nofollow noopener\" data-photo=\"https:\/\/www.europesays.com\/pl\/wp-content\/uploads\/2026\/01\/66779_1.2.jpg\" target=\"photo-66779\" data-id=\"66779\" data-index=\"66779\"> <img decoding=\"async\" src=\"https:\/\/www.europesays.com\/pl\/wp-content\/uploads\/2026\/01\/66779_1.2.jpg\" alt=\"Hamnet_Official_Thumb_16x9_2_NAKED.png\" class=\"MarkupPhotoHTML-2\" loading=\"lazy\" data-light-box=\"{ &quot;group&quot;: true, &quot;photo&quot;: { &quot;id&quot;: &quot;66779&quot;, &quot;src&quot;: &quot;https:\/\/fwcdn.pl\/nph\/1032473\/2025\/66779_1.13.jpg&quot;, &quot;thumb&quot;: &quot;https:\/\/www.europesays.com\/pl\/wp-content\/uploads\/2026\/01\/66779_1.2.jpg&quot; } }\"\/> <\/a><br \/>RE\u017bYSERIA KINOWEGO PE\u0141NOMETRA\u017bOWEGO FILMU FABULARNEGO <\/p>\n<p><a class=\"internal\" href=\"https:\/\/www.filmweb.pl\/person\/Paul+Thomas+Anderson-10263\" title=\"Paul Thomas Anderson\" rel=\"nofollow noopener\" target=\"_blank\">Paul Thomas Anderson<\/a> &#8211; &#8222;<a class=\"internal\" href=\"https:\/\/www.filmweb.pl\/film\/Jedna+bitwa+po+drugiej-2025-10059894\" title=\"Jedna bitwa po drugiej\" rel=\"nofollow noopener\" target=\"_blank\">Jedna bitwa po drugiej<\/a>&#8221; <br \/>To jego trzecia nominacja do nagr\u00f3d DGA. Poprzednio nominowany by\u0142 za &#8222;<a class=\"internal\" href=\"https:\/\/www.filmweb.pl\/film\/A%C5%BC+poleje+si%C4%99+krew-2007-239166\" title=\"A\u017c poleje si\u0119 krew\" rel=\"nofollow noopener\" target=\"_blank\">A\u017c poleje si\u0119 krew<\/a>&#8221; i &#8222;<a class=\"internal\" href=\"https:\/\/www.filmweb.pl\/film\/Licorice+Pizza-2021-868631\" title=\"Licorice Pizza\" rel=\"nofollow noopener\" target=\"_blank\">Licorice Pizza<\/a>&#8222;. Jak dot\u0105d nie zdoby\u0142 nagrody <\/p>\n<p><a class=\"internal\" href=\"https:\/\/www.filmweb.pl\/person\/Ryan+Coogler-1783036\" title=\"Ryan Coogler\" rel=\"nofollow noopener\" target=\"_blank\">Ryan Coogler<\/a> &#8211; &#8222;<a class=\"internal\" href=\"https:\/\/www.filmweb.pl\/film\/Grzesznicy-2025-10061426\" title=\"Grzesznicy\" rel=\"nofollow noopener\" target=\"_blank\">Grzesznicy<\/a>&#8221; <br \/>Po raz pierwszy nominowany do nagrody DGA <\/p>\n<p><a class=\"internal\" href=\"https:\/\/www.filmweb.pl\/person\/Guillermo+del+Toro-10713\" title=\"Guillermo del Toro\" rel=\"nofollow noopener\" target=\"_blank\">Guillermo del Toro<\/a> &#8211; &#8222;<a class=\"internal\" href=\"https:\/\/www.filmweb.pl\/film\/Frankenstein-2025-591149\" title=\"Frankenstein\" rel=\"nofollow noopener\" target=\"_blank\">Frankenstein<\/a>&#8221; <br \/>To jest jego druga nominacja. Ma na swoim koncie nagrod\u0119 DGA za film &#8222;<a class=\"internal\" href=\"https:\/\/www.filmweb.pl\/film\/Kszta%C5%82t+wody-2017-775970\" title=\"Kszta\u0142t wody\" rel=\"nofollow noopener\" target=\"_blank\">Kszta\u0142t wody<\/a>&#8221; <\/p>\n<p><a class=\"internal\" href=\"https:\/\/www.filmweb.pl\/person\/Josh+Safdie-924166\" title=\"Josh Safdie\" rel=\"nofollow noopener\" target=\"_blank\">Josh Safdie<\/a> &#8211; &#8222;<a class=\"internal\" href=\"https:\/\/www.filmweb.pl\/film\/Wielki+Marty-2025-10056999\" title=\"Wielki Marty\" rel=\"nofollow noopener\" target=\"_blank\">Wielki Marty<\/a>&#8221; <br \/>Po raz pierwszy nominowany do nagrody DGA <\/p>\n<p><a class=\"internal\" href=\"https:\/\/www.filmweb.pl\/person\/Chlo%C3%A9+Zhao-1546100\" title=\"Chlo\u00e9 Zhao\" rel=\"nofollow noopener\" target=\"_blank\">Chlo\u00e9 Zhao<\/a> &#8211; &#8222;<a class=\"internal\" href=\"https:\/\/www.filmweb.pl\/film\/Hamnet-2025-10035555\" title=\"Hamnet\" rel=\"nofollow noopener\" target=\"_blank\">Hamnet<\/a>&#8221; <br \/>To jest jej druga nominacja. Ma na swoim koncie nagrod\u0119 DGA za film &#8222;<a class=\"internal\" href=\"https:\/\/www.filmweb.pl\/film\/Nomadland-2020-837168\" title=\"Nomadland\" rel=\"nofollow noopener\" target=\"_blank\">Nomadland<\/a>&#8221; <\/p>\n<p>RE\u017bYSERIA PIERWSZEGO PE\u0141NOMETRA\u017bOWEGO FILMU FABULARNEGO <\/p>\n<p><a class=\"internal\" href=\"https:\/\/www.filmweb.pl\/person\/Hasan+Hadi-2882711\" title=\"Hasan Hadi\" rel=\"nofollow noopener\" target=\"_blank\">Hasan Hadi<\/a> &#8211; &#8222;<a class=\"internal\" href=\"https:\/\/www.filmweb.pl\/film\/Mamlaket+al+Qasab-2025-10079175\" title=\"Mamlaket al-Qasab\" rel=\"nofollow noopener\" target=\"_blank\">Mamlaket al-Qasab<\/a>&#8221; <br \/><a class=\"internal\" href=\"https:\/\/www.filmweb.pl\/person\/Harry+Lighton-2593402\" title=\"Harry Lighton\" rel=\"nofollow noopener\" target=\"_blank\">Harry Lighton<\/a> &#8211; &#8222;<a class=\"internal\" href=\"https:\/\/www.filmweb.pl\/film\/Pillion-2025-10053146\" title=\"Pillion\" rel=\"nofollow noopener\" target=\"_blank\">Pillion<\/a>&#8221; <br \/><a class=\"internal\" href=\"https:\/\/www.filmweb.pl\/person\/Charlie+Polinger-1107484\" title=\"Charlie Polinger\" rel=\"nofollow noopener\" target=\"_blank\">Charlie Polinger<\/a> &#8211; &#8222;<a class=\"internal\" href=\"https:\/\/www.filmweb.pl\/film\/Zaraza-2025-10078602\" title=\"Zaraza\" rel=\"nofollow noopener\" target=\"_blank\">Zaraza<\/a>&#8221; <br \/><a class=\"internal\" href=\"https:\/\/www.filmweb.pl\/person\/Alex+Russell-2781199\" title=\"Alex Russell\" rel=\"nofollow noopener\" target=\"_blank\">Alex Russell<\/a> &#8211; &#8222;<a class=\"internal\" href=\"https:\/\/www.filmweb.pl\/film\/Kameleon-2025-10068116\" title=\"Kameleon\" rel=\"nofollow noopener\" target=\"_blank\">Kameleon<\/a>&#8221; <br \/><a class=\"internal\" href=\"https:\/\/www.filmweb.pl\/person\/Eva+Victor-2784229\" title=\"Eva Victor\" rel=\"nofollow noopener\" target=\"_blank\">Eva Victor<\/a> &#8211; &#8222;<a class=\"internal\" href=\"https:\/\/www.filmweb.pl\/film\/Sorry%2C+Baby-2025-10068058\" title=\"Sorry, Baby\" rel=\"nofollow noopener\" target=\"_blank\">Sorry, Baby<\/a>&#8221; <\/p>\n<p>Zwiastun filmu &#8222;Jedna bitwa po drugiej&#8221;<a href=\"https:\/\/www.filmweb.pl\/video\/Zwiastun\/Jedna+bitwa+po+drugiej+Zwiastun+nr+2+polski-72107\" title=\"trailer nr 2 (polski)\" class=\"preloader\" rel=\"nofollow noopener\" target=\"_blank\"> <img decoding=\"async\" src=\"https:\/\/www.europesays.com\/pl\/wp-content\/uploads\/2026\/01\/72107.4.jpg\"\/>     3 2 1 0   <\/a> <\/p>\n","protected":false},"excerpt":{"rendered":"Ameryka\u0144ska Gildia Re\u017cyser\u00f3w doko\u0144czy\u0142a dzi\u015b og\u0142aszanie nominacji do swoich dorocznych nagr\u00f3d. Dzi\u015b poznali\u015bmy kandydat\u00f3w w kategoriach re\u017cyser roku&hellip;\n","protected":false},"author":2,"featured_media":194679,"comment_status":"","ping_status":"","sticky":false,"template":"","format":"standard","meta":{"footnotes":""},"categories":[22],"tags":[122,42,38,40,39,41,123],"class_list":{"0":"post-194678","1":"post","2":"type-post","3":"status-publish","4":"format-standard","5":"has-post-thumbnail","7":"category-rozrywka","8":"tag-entertainment","9":"tag-pl","10":"tag-poland","11":"tag-polish","12":"tag-polska","13":"tag-polski","14":"tag-rozrywka"},"share_on_mastodon":{"url":"https:\/\/pubeurope.com\/@pl\/115861586413831292","error":""},"_links":{"self":[{"href":"https:\/\/www.europesays.com\/pl\/wp-json\/wp\/v2\/posts\/194678","targetHints":{"allow":["GET"]}}],"collection":[{"href":"https:\/\/www.europesays.com\/pl\/wp-json\/wp\/v2\/posts"}],"about":[{"href":"https:\/\/www.europesays.com\/pl\/wp-json\/wp\/v2\/types\/post"}],"author":[{"embeddable":true,"href":"https:\/\/www.europesays.com\/pl\/wp-json\/wp\/v2\/users\/2"}],"replies":[{"embeddable":true,"href":"https:\/\/www.europesays.com\/pl\/wp-json\/wp\/v2\/comments?post=194678"}],"version-history":[{"count":0,"href":"https:\/\/www.europesays.com\/pl\/wp-json\/wp\/v2\/posts\/194678\/revisions"}],"wp:featuredmedia":[{"embeddable":true,"href":"https:\/\/www.europesays.com\/pl\/wp-json\/wp\/v2\/media\/194679"}],"wp:attachment":[{"href":"https:\/\/www.europesays.com\/pl\/wp-json\/wp\/v2\/media?parent=194678"}],"wp:term":[{"taxonomy":"category","embeddable":true,"href":"https:\/\/www.europesays.com\/pl\/wp-json\/wp\/v2\/categories?post=194678"},{"taxonomy":"post_tag","embeddable":true,"href":"https:\/\/www.europesays.com\/pl\/wp-json\/wp\/v2\/tags?post=194678"}],"curies":[{"name":"wp","href":"https:\/\/api.w.org\/{rel}","templated":true}]}}