{"id":194788,"date":"2026-01-08T22:40:13","date_gmt":"2026-01-08T22:40:13","guid":{"rendered":"https:\/\/www.europesays.com\/pl\/194788\/"},"modified":"2026-01-08T22:40:13","modified_gmt":"2026-01-08T22:40:13","slug":"zmiany-w-dzien-dobry-tvn-ola-kot-prezenterka-pogody-zaneta-rosinska-w-nowej-roli","status":"publish","type":"post","link":"https:\/\/www.europesays.com\/pl\/194788\/","title":{"rendered":"Zmiany w &#8222;Dzie\u0144 Dobry TVN&#8221;. Ola Kot prezenterk\u0105 pogody, \u017baneta Rosi\u0144ska w nowej roli"},"content":{"rendered":"\n<p>Informacja o\u00a0zmianach w\u00a0zespole &#8222;Dzie\u0144 Dobry TVN&#8221; pojawi\u0142a si\u0119 m.in. na instagramowym profilu programu, gdzie zapowiedziano debiut Oli Kot. W\u00a0roli prezenterki pogody Ola zadebiutuje na antenie ju\u017c 9\u00a0stycznia \u2013\u00a0czytamy na profilu porannego magazynu TVN, gdzie zapowiedziano tak\u017ce kolejn\u0105 zmian\u0119 w\u00a0zespole.<\/p>\n<p>\u017baneta Rosi\u0144ska reporterk\u0105 &#8222;Dzie\u0144 Dobry TVN&#8221;  <\/p>\n<p>Pogod\u0119 w\u00a0&#8222;Dzie\u0144 Dobry TVN&#8221; przestanie za to prowadzi\u0107 \u017baneta Rosi\u0144ska, kt\u00f3ra nie \u017cegna si\u0119 jednak z\u00a0redakcj\u0105. Prezenterka pogody b\u0119dzie przygotowywa\u0107 materia\u0142y reporterskie do programu.<\/p>\n<p><a href=\"https:\/\/www.wirtualnemedia.pl\/ola-kot-eska-tv-odchodzi-dalej-w-radio-eska,7240552859302400a\" rel=\"noopener noreferrer nofollow\" target=\"_blank\">Ola Kot od prawie 15 lat by\u0142a zwi\u0105zana z\u00a0Eska TV<\/a>, gdzie prowadzi\u0142a programy muzyczne i\u00a0podr\u00f3\u017cnicze, takie jak: &#8222;ESKA on the Beach&#8221;, &#8222;Miejska lista&#8221;, &#8222;Co si\u0119 s\u0142ucha&#8221; czy &#8222;Weekend z\u00a0ESKA TV&#8221;. W\u00a02019 roku bra\u0142a udzia\u0142 w\u00a010. edycji &#8222;Dancing with the Stars. Taniec z\u00a0gwiazdami&#8221; w\u00a0Polsacie, wsp\u00f3\u0142prowadzi\u0142a tak\u017ce &#8222;Kulisy Ta\u0144ca z\u00a0Gwiazdami&#8221; w\u00a0Eska TV.<\/p>\n<p> <img role=\"presentation\" class=\"absolute left-1\/2 top-1\/2 max-h-[80%] max-w-[100px] -translate-x-1\/2 -translate-y-1\/2\" src=\"https:\/\/www.europesays.com\/pl\/wp-content\/uploads\/2025\/12\/wm-placeholder.png\" loading=\"lazy\" decoding=\"async\"\/> <img decoding=\"async\" src=\"https:\/\/www.europesays.com\/pl\/wp-content\/uploads\/2025\/12\/newsletter-widget-bg-desktop.png\" alt=\"\" class=\"wm-newsletter-article-bg\"\/><\/p>\n<p>  Codziennie rano<\/p>\n<p>  Oferty pracy<\/p>\n<p>  50 tysi\u0119cy subskrybent\u00f3w<\/p>\n<p> Dzi\u0119kujemy za zapisanie si\u0119 do newsletteraWirtualne Media<\/p>\n<p class=\"wm-newsletter-success-banner-text\">Sprawd\u017a swoj\u0105 skrzynk\u0119 odbiorcz\u0105. <\/p>\n<p>Mimo odej\u015bcia z\u00a0Eska TV, Ola Kot pozostaje zwi\u0105zana z\u00a0Radiem Eska. <\/p>\n<p>  <a href=\"https:\/\/www.wirtualnemedia.pl\/nie-ma-mocnych-na-dzien-dobry-tvn-program-liderem-2025-roku,7240244379982336a\" class=\"teaser-inline\" rel=\"nofollow noopener\" target=\"_blank\">  <img decoding=\"async\" src=\"https:\/\/www.europesays.com\/pl\/wp-content\/uploads\/2026\/01\/MmU4NmYwYgw0VjhedgxvGXcObAQwVWFPIBZ0T3ZGf1VlTGELMBsoHzBEIUM-BTgdNEM-QykbYgwlXWEbaFgpBCZEIgwgWCgAN1Eq.jpeg\" width=\"0\" height=\"0\" loading=\"lazy\" class=\"wp-media-image cropped\" alt=\"Nie ma mocnych na &quot;Dzie\u0144 Dobry TVN&quot;. Program liderem 2025 roku\"\/><\/p>\n<p>Nie ma mocnych na &#8222;Dzie\u0144 Dobry TVN&#8221;. Program liderem 2025 roku<\/p>\n<p><\/a> <\/p>\n<p><a href=\"https:\/\/www.wirtualnemedia.pl\/zaneta-rosinska-dzien-dobry-tvn-prezenterka-pogody-byla-gwiazda-tvp,7169781219014273a\" rel=\"noopener noreferrer nofollow\" target=\"_blank\">\u017baneta Rosi\u0144ska do\u0142\u0105czy\u0142a do &#8222;Dzie\u0144 Dobry TVN&#8221; pod koniec sierpnia 2022 roku. <\/a>Wcze\u015bniej by\u0142a zwi\u0105zana z\u00a0TVP3 Pozna\u0144, gdzie prowadzi\u0142a program &#8222;Witaj Wielkopolsko&#8221; i\u00a0prognozy pogody. W\u00a0swojej telewizyjnej karierze przez prawie sze\u015b\u0107 lat by\u0142a te\u017c zwi\u0105zana z\u00a0wielkopolsk\u0105 stacj\u0105 WTK. By\u0142a tam gospodyni\u0105 program\u00f3w &#8222;Top Miejsca&#8221; i\u00a0&#8222;Na Zdrowie&#8221;.<\/p>\n","protected":false},"excerpt":{"rendered":"Informacja o\u00a0zmianach w\u00a0zespole &#8222;Dzie\u0144 Dobry TVN&#8221; pojawi\u0142a si\u0119 m.in. na instagramowym profilu programu, gdzie zapowiedziano debiut Oli Kot.&hellip;\n","protected":false},"author":2,"featured_media":194789,"comment_status":"","ping_status":"","sticky":false,"template":"","format":"standard","meta":{"footnotes":""},"categories":[22],"tags":[122,42,38,40,39,41,123],"class_list":{"0":"post-194788","1":"post","2":"type-post","3":"status-publish","4":"format-standard","5":"has-post-thumbnail","7":"category-rozrywka","8":"tag-entertainment","9":"tag-pl","10":"tag-poland","11":"tag-polish","12":"tag-polska","13":"tag-polski","14":"tag-rozrywka"},"share_on_mastodon":{"url":"https:\/\/pubeurope.com\/@pl\/115861888884109984","error":""},"_links":{"self":[{"href":"https:\/\/www.europesays.com\/pl\/wp-json\/wp\/v2\/posts\/194788","targetHints":{"allow":["GET"]}}],"collection":[{"href":"https:\/\/www.europesays.com\/pl\/wp-json\/wp\/v2\/posts"}],"about":[{"href":"https:\/\/www.europesays.com\/pl\/wp-json\/wp\/v2\/types\/post"}],"author":[{"embeddable":true,"href":"https:\/\/www.europesays.com\/pl\/wp-json\/wp\/v2\/users\/2"}],"replies":[{"embeddable":true,"href":"https:\/\/www.europesays.com\/pl\/wp-json\/wp\/v2\/comments?post=194788"}],"version-history":[{"count":0,"href":"https:\/\/www.europesays.com\/pl\/wp-json\/wp\/v2\/posts\/194788\/revisions"}],"wp:featuredmedia":[{"embeddable":true,"href":"https:\/\/www.europesays.com\/pl\/wp-json\/wp\/v2\/media\/194789"}],"wp:attachment":[{"href":"https:\/\/www.europesays.com\/pl\/wp-json\/wp\/v2\/media?parent=194788"}],"wp:term":[{"taxonomy":"category","embeddable":true,"href":"https:\/\/www.europesays.com\/pl\/wp-json\/wp\/v2\/categories?post=194788"},{"taxonomy":"post_tag","embeddable":true,"href":"https:\/\/www.europesays.com\/pl\/wp-json\/wp\/v2\/tags?post=194788"}],"curies":[{"name":"wp","href":"https:\/\/api.w.org\/{rel}","templated":true}]}}