{"id":194814,"date":"2026-01-08T23:06:11","date_gmt":"2026-01-08T23:06:11","guid":{"rendered":"https:\/\/www.europesays.com\/pl\/194814\/"},"modified":"2026-01-08T23:06:11","modified_gmt":"2026-01-08T23:06:11","slug":"koalicja-wykluczonych-kaczynski-na-wojnie-z-braunem-mentzen-stawia-warunek","status":"publish","type":"post","link":"https:\/\/www.europesays.com\/pl\/194814\/","title":{"rendered":"Koalicja wykluczonych. Kaczy\u0144ski na wojnie z Braunem, Mentzen stawia &#8222;warunek&#8221;"},"content":{"rendered":"\n<p>Polityk PiS: &#8211;\u00a0Prezes na posiedzeniu klubu m\u00f3wi\u0142, \u017ce wyklucza sojusz z\u00a0Braunem. \u017be Braun jest gro\u017any. Wniosek: Braun szkodzi Polsce, a\u00a0mo\u017ce i\u00a0jest agentem.\u00a0<\/p>\n<p><a href=\"https:\/\/wiadomosci.wp.pl\/kaczynski-na-klubie-pis-ostrzega-przed-braunem-grozi-naszym-interesom-7240980802677248a\" rel=\"noopener noreferrer nofollow\" target=\"_blank\">Jak ujawnili\u015bmy w\u00a0\u015brod\u0119 wieczorem w\u00a0Wirtualnej Polsce &#8211;\u00a0po serii spotka\u0144 w\u00a0ramach PiS &#8211;\u00a0Jaros\u0142aw Kaczy\u0144ski podczas noworocznych wyst\u0105pie\u0144 (zamkni\u0119tych dla medi\u00f3w) nawo\u0142ywa\u0142 do jedno\u015bci w\u00a0partii, kaza\u0142 &#8222;gra\u0107 skrzyd\u0142ami&#8221;, ale te\u017c przestrzega\u0142 &#8211;\u00a0przede wszystkim przed \u015bciganiem si\u0119 na radykalizm z\u00a0Grzegorzem Braunem<\/a>. I\u00a0przed Braunem w\u00a0og\u00f3le.<\/p>\n<p>Jecha\u0142 monocyklem. Trudno uwierzy\u0107, o\u00a0ile przekroczy\u0142 dopuszczaln\u0105 pr\u0119dko\u015b\u0107 <\/p>\n<p>  <a href=\"https:\/\/wiadomosci.wp.pl\/kaczynski-na-klubie-pis-ostrzega-przed-braunem-grozi-naszym-interesom-7240980802677248a\" class=\"teaser-inline\" rel=\"nofollow noopener\" target=\"_blank\">  <img decoding=\"async\" src=\"https:\/\/www.europesays.com\/pl\/wp-content\/uploads\/2026\/01\/MDJiMTgwYiUrCztnSAxvMGhTbz0OVWFmP0t3dkhGf3x6EWIyDhsoNi8ZInoABTg0Kx49ehcbYiU6AGIiVlgpLTkZITUeWCgpKAwp.jpeg\" width=\"0\" height=\"0\" loading=\"lazy\" class=\"wp-media-image cropped\" alt=\"Kaczy\u0144ski na klubie PiS ostrzega przed Braunem. &quot;Grozi naszym interesom&quot;\"\/><\/p>\n<p>Kaczy\u0144ski na klubie PiS ostrzega przed Braunem. &#8222;Grozi naszym interesom&#8221;<\/p>\n<p><\/a> <img role=\"presentation\" class=\"absolute left-1\/2 top-1\/2 max-h-[80%] max-w-[100px] -translate-x-1\/2 -translate-y-1\/2\" src=\"https:\/\/v.wpimg.pl\/ZXJfd3AudTkrBBIAbg54LGhcRlAxHQUrPgJGH2MAeGJoSQ1eIBI_K2UHAEVuBTY5KQMMXC0RPyoVERQdMgM9ejc\" loading=\"lazy\" decoding=\"async\"\/> <\/p>\n<p>Rozm\u00f3wca z\u00a0PiS: &#8211;\u00a0Z\u00a0Kaczy\u0144skim na czele PiS, koalicji z\u00a0Braunem nie b\u0119dzie. To panu zapewniam. Jaros\u0142aw nie jest w\u00a0stanie wsp\u00f3\u0142pracowa\u0107 z\u00a0tym cz\u0142owiekiem.\u00a0<\/p>\n<p>A Mentzenem? &#8211;\u00a0Z\u00a0Mentzenem te\u017c nie. Ale z\u00a0Krzysiem Bosakiem, reszt\u0105 jajog\u0142owych z\u00a0Konfy\u2026 To ju\u017c tak.\u00a0<\/p>\n<p>Kaczy\u0144ski z\u00a0jednej strony chce poszerzy\u0107 mo\u017cliwo\u015bci koalicyjne, z\u00a0drugiej &#8211;\u00a0zaw\u0119\u017ca sobie pole gry. Czyli na starcie wyklucza mo\u017cliwo\u015b\u0107 sojuszu z\u00a0dwoma najwi\u0119kszymi wrogami na prawicy: Braunem i\u00a0Mentzenem.<\/p>\n<p> <img role=\"presentation\" class=\"absolute left-1\/2 top-1\/2 max-h-[80%] max-w-[100px] -translate-x-1\/2 -translate-y-1\/2\" src=\"https:\/\/v.wpimg.pl\/ZXJfd3AudTkrBBIAbg54LGhcRlAxHQUrPgJGH2MAeGJoSQ1eIBI_K2UHAEVuBTY5KQMMXC0RPyoVERQdMgM9ejc\" loading=\"lazy\" decoding=\"async\"\/> <\/p>\n<p>Polityk PiS: &#8211;\u00a0Z\u00a0punktu widzenia prezesa Braun jest gro\u017any dla Polski. A\u00a0Mentzen jest gro\u017any dla partii. I\u00a0pa\u0144stwa. No i\u00a0jest dla Jaros\u0142awa politykiem niedojrza\u0142ym, ch\u0142opcem z\u00a0zabawkami.\u00a0<\/p>\n<p>Niekt\u00f3rzy wsp\u00f3\u0142pracownicy przekazali Kaczy\u0144skiemu, \u017ce na wsp\u00f3\u0142prac\u0119 z\u00a0Braunem &#8222;nigdy nie zgodz\u0105 si\u0119 Amerykanie&#8221;. Bo podwa\u017ca on sojusz Polski z\u00a0USA, powtarza propagandowy przekaz Rosji o\u00a0Ukrainie i\u00a0s\u0142ynie z\u00a0antysemickich wypowiedzi.<\/p>\n<p>W grudniu Kaczy\u0144ski o\u00a0Braunie m\u00f3wi\u0142 tak: &#8211;\u00a0To jest cz\u0142owiek, kt\u00f3ry jest w\u00a0og\u00f3le poza jak\u0105kolwiek mo\u017cliwo\u015bci\u0105 uczestniczenia w\u00a0polityce. I\u00a0w\u00a0og\u00f3le w\u00a0cywilizowanym \u015bwiecie.<\/p>\n<p> <img role=\"presentation\" class=\"absolute left-1\/2 top-1\/2 max-h-[80%] max-w-[100px] -translate-x-1\/2 -translate-y-1\/2\" src=\"https:\/\/v.wpimg.pl\/ZXJfd3AudTkrBBIAbg54LGhcRlAxHQUrPgJGH2MAeGJoSQ1eIBI_K2UHAEVuBTY5KQMMXC0RPyoVERQdMgM9ejc\" loading=\"lazy\" decoding=\"async\"\/> <\/p>\n<p>Szkopu\u0142 w\u00a0tym, \u017ce ponad 20 lat temu Kaczy\u0144ski od\u017cegnywa\u0142 si\u0119 od wsp\u00f3\u0142pracy z\u00a0Andrzejem Lepperem. Jego r\u00f3wnie\u017c nazywa\u0142 gro\u017anym dla Polski. I\u00a0sugerowa\u0142 wsp\u00f3\u0142prac\u0119 ze s\u0142u\u017cbami.<\/p>\n<p>W 2006 r. Lepper zosta\u0142 wicepremierem w\u00a0rz\u0105dzie Jaros\u0142awa Kaczy\u0144skiego.\u00a0<\/p>\n<p> <a href=\"https:\/\/wiadomosci.wp.pl\/braun-straszakiem-tuska-kaczynski-przestrzega-pis-7230958973483968a\" class=\"teaser-inline\" rel=\"nofollow noopener\" target=\"_blank\">  <img decoding=\"async\" src=\"https:\/\/www.europesays.com\/pl\/wp-content\/uploads\/2025\/12\/NWUxNzYyYTY0GjhJdgJsI3dCbBMwW2J1IFp0WHZIfG9lAGEcMBUrJTAIIVQ-CzsnNA8-VCkVYTYlEWEMaFYqPiYIIhsgVis6Nx0q.jpeg\" width=\"0\" height=\"0\" loading=\"lazy\" class=\"wp-media-image cropped\" alt=\"Braun &quot;straszakiem&quot; Tuska? Kaczy\u0144ski przestrzega PiS\"\/><\/p>\n<p>Braun &#8222;straszakiem&#8221; Tuska? Kaczy\u0144ski przestrzega PiS<\/p>\n<p><\/a> <img role=\"presentation\" class=\"absolute left-1\/2 top-1\/2 max-h-[80%] max-w-[100px] -translate-x-1\/2 -translate-y-1\/2\" src=\"https:\/\/v.wpimg.pl\/ZXJfd3AudTkrBBIAbg54LGhcRlAxHQUrPgJGH2MAeGJoSQ1eIBI_K2UHAEVuBTY5KQMMXC0RPyoVERQdMgM9ejc\" loading=\"lazy\" decoding=\"async\"\/><\/p>\n<p>Kto si\u0119 wyklucza <\/p>\n<p>Z kim zatem PiS zamierza pr\u00f3bowa\u0107 stworzy\u0107 koalicj\u0119 w\u00a0razie udanych wybor\u00f3w parlamentarnych w\u00a02027 roku? &#8211;\u00a0On wci\u0105\u017c wierzy w\u00a0samodzieln\u0105 wi\u0119kszo\u015b\u0107 PiS. Albo dookoptowanie element\u00f3w rozpadowych po obu Konfederacjach. Pojedynczych polityk\u00f3w, kt\u00f3rzy do\u0142\u0105cz\u0105 do naszego obozu &#8211;\u00a0przedstawia perspektyw\u0119 Kaczy\u0144skiego jeden z\u00a0pos\u0142\u00f3w jego partii.<\/p>\n<p>Kaczy\u0144ski &#8211;\u00a0o\u00a0czym m\u00f3wi otwarcie &#8211;\u00a0chce przede wszystkim odzyska\u0107 2-3 proc. zawiedzionych wyborc\u00f3w, kt\u00f3rzy przeszli do Konfederacji Brauna. I\u00a0cz\u0119\u015b\u0107 z\u00a0tych, kt\u00f3rzy dzi\u015b sympatyzuj\u0105 z\u00a0Konfederacj\u0105.\u00a0<\/p>\n<p>Polityk z\u00a0kierownictwa partii: &#8211;\u00a0Moim zdaniem to si\u0119 nie uda. Pozamiatane. Jeste\u015bmy skazani na koalicj\u0119.\u00a0<\/p>\n<p> <img role=\"presentation\" class=\"absolute left-1\/2 top-1\/2 max-h-[80%] max-w-[100px] -translate-x-1\/2 -translate-y-1\/2\" src=\"https:\/\/v.wpimg.pl\/ZXJfd3AudTkrBBIAbg54LGhcRlAxHQUrPgJGH2MAeGJoSQ1eIBI_K2UHAEVuBTY5KQMMXC0RPyoVERQdMgM9ejc\" loading=\"lazy\" decoding=\"async\"\/> <\/p>\n<p>Sytuacja jest o\u00a0tyle ciekawa, i\u017c Konfederacja Brauna ro\u015bnie, a\u00a0Konfederacja Mentzena i\u00a0Bosaka traci. Pytanie, czy to tylko chwilowe wahni\u0119cia w\u00a0sonda\u017cach, czy trend.\u00a0<\/p>\n<p>Wed\u0142ug sonda\u017cu United Surveys dla WP spo\u015br\u00f3d os\u00f3b zdecydowanych na udzia\u0142 w\u00a0wyborach najwi\u0119kszy odsetek planuje odda\u0107 sw\u00f3j g\u0142os na Koalicj\u0119 Obywatelsk\u0105 &#8211;\u00a030,9 proc. Partia Donalda Tuska traci jednak 0,6 pkt. proc. poparcia<a href=\"https:\/\/wiadomosci.wp.pl\/koalicja-traci-wiekszosc-braun-wprowadza-nowa-sile-mamy-najnowszy-sondaz-7235506623957984a\" rel=\"noopener noreferrer nofollow\" target=\"_blank\"> w\u00a0por\u00f3wnaniu z\u00a0analogicznym badaniem z\u00a0grudnia.<\/a><\/p>\n<p> <a href=\"https:\/\/wiadomosci.wp.pl\/nowy-sondaz-partyjny-najwiecej-zyskuja-braun-i-razem-7240854828170208a\" class=\"teaser-inline\" rel=\"nofollow noopener\" target=\"_blank\">  <img decoding=\"async\" src=\"https:\/\/www.europesays.com\/pl\/wp-content\/uploads\/2026\/01\/NDU1NTE3YSU0UzhnakhsMHcLbD0sEWJmIBN0dmoCfHxlSWEyLF8rNjBBIXoiQTs0NEY-ejVfYSUlWGEidBwqLSZBIjU8HCspN1Qq.jpeg\" width=\"0\" height=\"0\" loading=\"lazy\" class=\"wp-media-image cropped\" alt=\"Nowy sonda\u017c partyjny. Najwi\u0119cej zyskuj\u0105 Braun i Razem\"\/><\/p>\n<p>Nowy sonda\u017c partyjny. Najwi\u0119cej zyskuj\u0105 Braun i Razem<\/p>\n<p><\/a> <img role=\"presentation\" class=\"absolute left-1\/2 top-1\/2 max-h-[80%] max-w-[100px] -translate-x-1\/2 -translate-y-1\/2\" src=\"https:\/\/v.wpimg.pl\/ZXJfd3AudTkrBBIAbg54LGhcRlAxHQUrPgJGH2MAeGJoSQ1eIBI_K2UHAEVuBTY5KQMMXC0RPyoVERQdMgM9ejc\" loading=\"lazy\" decoding=\"async\"\/> <\/p>\n<p>Na drugim miejscu znalaz\u0142o si\u0119 Prawo i\u00a0Sprawiedliwo\u015b\u0107 z\u00a0wynikiem 25,9 proc. (wzrost o\u00a00,8 pkt. proc.). Podium zamyka Konfederacja, notuj\u0105c 11,2 proc. poparcia (spadek o\u00a00,9 pkt. proc.). Do Sejmu wesz\u0142yby jeszcze: Konfederacja Korony Polskiej Grzegorza Brauna &#8211;\u00a09,7 proc. (wzrost o\u00a01,6 pkt. proc.) oraz Lewica &#8211;\u00a08,2 proc. (wzrost o\u00a01\u00a0pkt. proc.).<\/p>\n<p>Przysz\u0142y Sejm &#8211;\u00a0przy zachowaniu takiego poparcia przy urnach &#8211;\u00a0wygl\u0105da\u0142by wedle tego sonda\u017cu nast\u0119puj\u0105co:<\/p>\n<ul>\n<li>Koalicja Obywatelska &#8211;\u00a0182 mandaty<\/li>\n<li>Prawo i\u00a0Sprawiedliwo\u015b\u0107 &#8211;\u00a0149 mandat\u00f3w<\/li>\n<li>Konfederacja &#8211;\u00a053 mandaty<\/li>\n<li>Konfederacja Korony Polskiej &#8211;\u00a043 mandaty<\/li>\n<li>Lewica &#8211;\u00a033 mandaty<\/li>\n<\/ul>\n<p>Ob\u00f3z prawicowy (PiS +\u00a0Konfederacja +\u00a0Konfederacja Korony Polskiej) to zatem jedyny scenariusz daj\u0105cy wi\u0119kszo\u015b\u0107. PiS (149) +\u00a0Konfederacja (53) to tylko 202 mandaty, czyli wci\u0105\u017c za ma\u0142o. Po\u0142\u0105czenie PiS (149), Konfederacji (53) i\u00a0partii Brauna (43) to ju\u017c 245 mandat\u00f3w.<\/p>\n<p>W takim uk\u0142adzie w\u0142adz\u0119 w\u00a0Polsce m\u00f3g\u0142by przej\u0105\u0107 szeroki blok prawicowy &#8211;\u00a0o\u00a0ile oczywi\u015bcie dosz\u0142oby do porozumienia mi\u0119dzy PiS a\u00a0\u015brodowiskiem obu Konfederacji. Polityk PiS: &#8211;\u00a0To scenariusz teoretycznie mo\u017cliwy, ale w\u00a0praktyce nie do zrealizowania.\u00a0<\/p>\n<p> <a href=\"https:\/\/wiadomosci.wp.pl\/nie-zgadzamy-sie-w-wielu-sprawach-czarnek-zabral-glos-w-sprawie-koalicji-z-braunem-7241162010178625v\" class=\"teaser-inline\" rel=\"nofollow noopener\" target=\"_blank\">  <img decoding=\"async\" src=\"https:\/\/www.europesays.com\/pl\/wp-content\/uploads\/2026\/01\/NmY4MDM0YQw4Vjt3YktsGXsOby0kEmJPLBZ3ZmIBfFVpTGIiJFwrHzxEImoqQjsdOEM9aj1cYQwpXWIyfB8qBCpEISU0HysAO1Ep.jpeg\" width=\"0\" height=\"0\" loading=\"lazy\" class=\"wp-media-image cropped\" alt=\"&quot;Nie zgadzamy si\u0119 w wielu sprawach&quot;. Czarnek zabra\u0142 g\u0142os w sprawie koalicji z Braunem\"\/><\/p>\n<p>&#8222;Nie zgadzamy si\u0119 w wielu sprawach&#8221;. Czarnek zabra\u0142 g\u0142os w sprawie koalicji z Braunem<\/p>\n<p><\/a> <\/p>\n<p>W sonda\u017cu IBRIS dla &#8222;Rzeczpospolitej&#8221; Braunowi ro\u015bnie jeszcze bardziej, a\u00a0w\u00a0niedawnym sonda\u017cu OGB dochodzi wr\u0119cz do &#8222;mijanki&#8221; Konfederacji Brauna z\u00a0Konfederacj\u0105 Mentzena i\u00a0Bosaka. &#8211;\u00a0Jestem spokojny o\u00a0poparcie Konfederacji i\u00a0pewny jako\u015bci naszej oferty. Jeste\u015bmy gotowi na rywalizacj\u0119 &#8211;\u00a0przyzna\u0142 niedawno Wirtualnej Polsce Bosak.\u00a0<\/p>\n<p>Jak dodawa\u0142: &#8211;\u00a0Mimo \u017ce idziemy osobnymi drogami, na poziomie mi\u0119dzyludzkim mamy dobre relacje. Sonda\u017ce zmieniaj\u0105 si\u0119 w\u00a0czasie i\u00a0nie nale\u017cy ani ich lekcewa\u017cy\u0107, ani si\u0119 nimi ekscytowa\u0107. Do wybor\u00f3w daleko, wi\u0119c zalecam wszystkim ostro\u017cno\u015b\u0107 i\u00a0tonowanie nastroj\u00f3w.<\/p>\n<p> <a href=\"https:\/\/wiadomosci.wp.pl\/jestesmy-gotowi-bosak-komentuje-sensacyjny-sondaz-z-braunem-na-podium-7233418912315904a\" class=\"teaser-inline\" rel=\"nofollow noopener\" target=\"_blank\">  <img decoding=\"async\" src=\"https:\/\/www.europesays.com\/pl\/wp-content\/uploads\/2026\/01\/MjFjYTg0YgsnCC9nSEtvHmRQez0OEmFIM0hjdkgBf1J2EnYyDlwoGCMaNnoAQjgaJx0pehdcYgs2A3YiVh8pAzUaNTUeHygHJA89.jpeg\" width=\"0\" height=\"0\" loading=\"lazy\" class=\"wp-media-image cropped\" alt=\"&quot;Jeste\u015bmy gotowi&quot;. Bosak komentuje sensacyjny sonda\u017c z Braunem na podium\"\/><\/p>\n<p>&#8222;Jeste\u015bmy gotowi&#8221;. Bosak komentuje sensacyjny sonda\u017c z Braunem na podium<\/p>\n<p><\/a> <\/p>\n<p>O tym samym przekonuje PiS &#8211;\u00a0cho\u0107 wydaje si\u0119 to by\u0107 robienie dobrej miny do z\u0142ej gry.\u00a0<\/p>\n<p>Polityk PiS: &#8211;\u00a0My nie mo\u017cemy si\u0119 z\u00a0Braunem \u015bciga\u0107, my musimy m\u00f3wi\u0107 o\u00a0tych samych sprawach inaczej. Z\u00a0konkretem. I\u00a0przekonywa\u0107 wyborc\u00f3w, \u017ce rz\u0105dzenie pa\u0144stwem to nie jest happening.\u00a0<\/p>\n<p>Strategi\u0105 prezesa jest trzymanie si\u0119 prawicowej flanki, ale &#8222;wypuszczaj\u0105c&#8221; na polityczne boisko nowych zawodnik\u00f3w: m\u0142odszych, dynamicznych, wiarygodnych. Polityk PiS: &#8211;\u00a0M\u0142odzi z\u00a0PiS potrafi\u0105 z\u00a0Konfederatami rozmawia\u0107. Bo z\u00a0Braunem nie rozmawia nikt.\u00a0<\/p>\n<p>Polityk Konfederacji: &#8211;\u00a0W\u00a0PiS s\u0105 racjonalne osoby, fajni politycy, kt\u00f3rzy s\u0105 otwarci na wsp\u00f3\u0142prac\u0119 i\u00a0kumaj\u0105 rzeczywisto\u015b\u0107. Ale warunek jest jeden: Kaczy\u0144ski musi odej\u015b\u0107. Po prostu nie mo\u017ce sta\u0107 na czele tej partii, je\u015bli PiS chce z\u00a0nami wsp\u00f3\u0142rz\u0105dzi\u0107.<\/p>\n<p>Sam Jaros\u0142aw Kaczy\u0144ski ostrzega polityk\u00f3w PiS przed publicznymi rozwa\u017caniami, z\u00a0kim partia mo\u017ce wsp\u00f3\u0142rz\u0105dzi\u0107, a\u00a0z\u00a0kim nie. Jak pisali\u015bmy w\u00a0WP, niedawne wypowiedzi niekt\u00f3rych lider\u00f3w o\u00a0mo\u017cliwej wsp\u00f3\u0142pracy z\u00a0Grzegorzem Braunem nie spodoba\u0142y si\u0119 przy Nowogrodzkiej. Prezes ma inny plan: przej\u0105\u0107 wyborc\u00f3w Brauna. A\u00a0w\u0142a\u015bciwie ich odzyska\u0107.<\/p>\n<p>&#8211; Nie walczymy o\u00a0koalicj\u0119 z\u00a0Grzegorzem Braunem, walczymy o\u00a0to, \u017ceby przej\u0105\u0107 w\u0142adz\u0119 samodzielnie b\u0105d\u017a w\u00a0koalicji z\u00a0kimkolwiek innym &#8211;\u00a0przyznaje w\u00a0rozmowie z\u00a0Wirtualn\u0105 Polsk\u0105 wiceprezes PiS Przemys\u0142aw Czarnek.<\/p>\n<p>Precyzyjnego planu na to na razie nie ma. Jak zauwa\u017cy\u0142 w\u00a0rozmowie z\u00a0WP prezes OGB \u0141ukasz Paw\u0142owski, partia Brauna dogania Konfederacj\u0119 w\u015br\u00f3d grupy wiekowej 18-39, zr\u00f3wna\u0142a si\u0119 te\u017c w\u00a0poparciu w\u015br\u00f3d g\u0142osuj\u0105cych m\u0119\u017cczyzn. Korona przebi\u0142a te\u017c Konfederacj\u0119 na wsi i\u00a0jest dzi\u015b obecnie parti\u0105 numer 2\u00a0w\u015br\u00f3d wyborc\u00f3w deklaruj\u0105cych prawicowej pogl\u0105dy (na pierwszym miejscu jest PiS).\u00a0<\/p>\n<p>Micha\u0142 Wr\u00f3blewski, dziennikarz Wirtualnej Polski<\/p>\n","protected":false},"excerpt":{"rendered":"Polityk PiS: &#8211;\u00a0Prezes na posiedzeniu klubu m\u00f3wi\u0142, \u017ce wyklucza sojusz z\u00a0Braunem. \u017be Braun jest gro\u017any. Wniosek: Braun szkodzi&hellip;\n","protected":false},"author":2,"featured_media":194815,"comment_status":"","ping_status":"","sticky":false,"template":"","format":"standard","meta":{"footnotes":""},"categories":[5],"tags":[32,33,36,37,27,34,35,28,31,25,42,38,40,39,41,29,30,26],"class_list":{"0":"post-194814","1":"post","2":"type-post","3":"status-publish","4":"format-standard","5":"has-post-thumbnail","7":"category-naglowki","8":"tag-breaking-news","9":"tag-breakingnews","10":"tag-featured-news","11":"tag-featurednews","12":"tag-headlines","13":"tag-latest-news","14":"tag-latestnews","15":"tag-naglowki","16":"tag-najwazniejsze-artykuly","17":"tag-news","18":"tag-pl","19":"tag-poland","20":"tag-polish","21":"tag-polska","22":"tag-polski","23":"tag-top-stories","24":"tag-topstories","25":"tag-wiadomosci"},"share_on_mastodon":{"url":"https:\/\/pubeurope.com\/@pl\/115861991494064432","error":""},"_links":{"self":[{"href":"https:\/\/www.europesays.com\/pl\/wp-json\/wp\/v2\/posts\/194814","targetHints":{"allow":["GET"]}}],"collection":[{"href":"https:\/\/www.europesays.com\/pl\/wp-json\/wp\/v2\/posts"}],"about":[{"href":"https:\/\/www.europesays.com\/pl\/wp-json\/wp\/v2\/types\/post"}],"author":[{"embeddable":true,"href":"https:\/\/www.europesays.com\/pl\/wp-json\/wp\/v2\/users\/2"}],"replies":[{"embeddable":true,"href":"https:\/\/www.europesays.com\/pl\/wp-json\/wp\/v2\/comments?post=194814"}],"version-history":[{"count":0,"href":"https:\/\/www.europesays.com\/pl\/wp-json\/wp\/v2\/posts\/194814\/revisions"}],"wp:featuredmedia":[{"embeddable":true,"href":"https:\/\/www.europesays.com\/pl\/wp-json\/wp\/v2\/media\/194815"}],"wp:attachment":[{"href":"https:\/\/www.europesays.com\/pl\/wp-json\/wp\/v2\/media?parent=194814"}],"wp:term":[{"taxonomy":"category","embeddable":true,"href":"https:\/\/www.europesays.com\/pl\/wp-json\/wp\/v2\/categories?post=194814"},{"taxonomy":"post_tag","embeddable":true,"href":"https:\/\/www.europesays.com\/pl\/wp-json\/wp\/v2\/tags?post=194814"}],"curies":[{"name":"wp","href":"https:\/\/api.w.org\/{rel}","templated":true}]}}