{"id":194911,"date":"2026-01-09T00:32:08","date_gmt":"2026-01-09T00:32:08","guid":{"rendered":"https:\/\/www.europesays.com\/pl\/194911\/"},"modified":"2026-01-09T00:32:08","modified_gmt":"2026-01-09T00:32:08","slug":"michal-szpak-nie-czekal-ani-chwili-potwierdzil-nowiny-plyna-gratulacje","status":"publish","type":"post","link":"https:\/\/www.europesays.com\/pl\/194911\/","title":{"rendered":"Micha\u0142 Szpak nie czeka\u0142 ani chwili. Potwierdzi\u0142 nowiny, p\u0142yn\u0105 gratulacje"},"content":{"rendered":"<p>Wielka rado\u015b\u0107 w domu Micha\u0142a Szpaka. Potwierdzi\u0142 szcz\u0119\u015bliwe wie\u015bci<\/p>\n<p class=\"typography ids-typeset-body ids-typeset-body--preset-large link paragraph ids-paragraph ids-paragraph--default\"><a href=\"https:\/\/www.pomponik.pl\/gwiazdy-i-produkcje-michal-szpak,gsbi,489\" target=\"_self\" rel=\"nofollow noopener\">Micha\u0142 Szpak<\/a> s\u0142ynie nie tylko z ogromnej charyzmy i niekwestionowanego talenty wokalnego. Ogromn\u0105 uwag\u0119 w bran\u017cy przykuwaj\u0105 tak\u017ce jego kreacje sceniczne. Nie zdarzy\u0142o si\u0119 jeszcze, \u017ceby kt\u00f3re\u015b z publicznych wyst\u0105pie\u0144 piosenkarza nie by\u0142o komentowane w\u0142a\u015bnie przez pryzmat jego stroju.<\/p>\n<p class=\"typography ids-typeset-body ids-typeset-body--preset-large link paragraph ids-paragraph ids-paragraph--default\">Okazuje si\u0119, \u017ce gust artysty w\u0142a\u015bnie zosta\u0142 doceniony w wyj\u0105tkowy spos\u00f3b. W czwartkowy poranek na instagramowym profilu Muzeum Polskiej Piosenki ukaza\u0142 si\u0119 post, w kt\u00f3rym mo\u017cna przeczyta\u0107 zaskakuj\u0105ce doniesienia ws. Micha\u0142a Szpaka.<\/p>\n<p class=\"typography ids-typeset-body ids-typeset-body--preset-large link paragraph ids-paragraph ids-paragraph--default\">&#8222;Eksponat miesi\u0105ca &#8211; stycze\u0144 2026 PREZENTOWANY EKSPONAT: Str\u00f3j estradowy Micha\u0142a Szpaka, w kt\u00f3rym artysta wyst\u0105pi\u0142 podczas XLIX KFPP w Opolu, 2012 r., proj. Adam Chodaczek &#8211; Faun Forge 'Farmerownia'&#8221; &#8211; czytamy.<\/p>\n<p class=\"typography ids-typeset-body ids-typeset-body--preset-large link paragraph ids-paragraph ids-paragraph--default\">Uradowany Szpak udost\u0119pni\u0142 t\u0119 rewelacj\u0119 tak\u017ce na swoim profilu.<\/p>\n<p>Ewa Chodakowska o relacji z Lewandowsk\u0105. Co my\u015bli o diecie gwiazd?pomponik.pl<\/p>\n<p>Szpak podzieli\u0142 si\u0119 rado\u015bci\u0105 ze \u015bwiatem i si\u0119 zacz\u0119\u0142o. P\u0142yn\u0105 gratulacje<\/p>\n<p class=\"typography ids-typeset-body ids-typeset-body--preset-large link paragraph ids-paragraph ids-paragraph--default\">Tak radosne nowiny ws. Micha\u0142a Szpaka nie mog\u0142y przej\u015b\u0107 bez echa. Ludzie natychmiast zasypali wokalist\u0119 gratulacjami. Pod postem pojawi\u0142o si\u0119 mn\u00f3stwo serdecznych komentarzy:<\/p>\n<p class=\"typography ids-typeset-body ids-typeset-body--preset-large link paragraph ids-paragraph ids-paragraph--default\">&#8222;Gratuluj\u0119. Nareszcie kto\u015b doceni\u0142 warto\u015b\u0107 sztuki, kreatywno\u015bci I scenicznej kreacji na wysokim poziomie. Bardzo si\u0119 ciesz\u0119. Oby jak najwi\u0119cej takich moment\u00f3w&#8221;;<\/p>\n<p class=\"typography ids-typeset-body ids-typeset-body--preset-large link paragraph ids-paragraph ids-paragraph--default\">&#8222;Brawa I uk\u0142on w stron\u0119 projektanta Pana Adama Chodaczka za przepi\u0119kn\u0105 kreacj\u0119. Tyle lat, a wzbudza podziw&#8221;;<\/p>\n<p class=\"typography ids-typeset-body ids-typeset-body--preset-large link paragraph ids-paragraph ids-paragraph--default\">&#8222;Wow, cudownie&#8221;;<\/p>\n<p class=\"typography ids-typeset-body ids-typeset-body--preset-large link paragraph ids-paragraph ids-paragraph--default\">&#8222;Gratuluj\u0119&#8221;;<\/p>\n<p class=\"typography ids-typeset-body ids-typeset-body--preset-large link paragraph ids-paragraph ids-paragraph--default\">&#8222;Porz\u0105dna robota. Micha\u0142 zawsze dba\u0142 o wizerunek sceniczny czym niejednokrotnie wp\u0119dza\u0142 odbiorc\u00f3w w os\u0142upienie. Brawo, tak trzyma\u0107&#8221; &#8211; pisali.<\/p>\n<p class=\"typography ids-typeset-body ids-typeset-body--preset-large link paragraph ids-paragraph ids-paragraph--default\">ZOBACZ TAK\u017bE:<\/p>\n<p class=\"typography ids-typeset-body ids-typeset-body--preset-large link paragraph ids-paragraph ids-paragraph--default\"><a href=\"https:\/\/www.pomponik.pl\/plotki\/news-ledwo-rozpoczal-sie-nowy-rok-a-tu-takie-wiesci-ws-szpaka-sam,nId,22505039\" target=\"_self\" rel=\"nofollow noopener\">Ledwo rozpocz\u0105\u0142 si\u0119 nowy rok, a tu takie wie\u015bci ws. Szpaka. Sam og\u0142osi\u0142, koniec plotek<\/a><\/p>\n<p class=\"typography ids-typeset-body ids-typeset-body--preset-large link paragraph ids-paragraph ids-paragraph--default\"><a href=\"https:\/\/www.pomponik.pl\/plotki\/news-michal-szpak-przekazal-radosne-wiesci-slicznie-razem-wyglada,nId,22502863\" target=\"_self\" rel=\"nofollow noopener\">Micha\u0142 Szpak przekaza\u0142 radosne wie\u015bci. &#8222;\u015alicznie razem wygl\u0105dacie&#8221;<\/a><\/p>\n<p class=\"typography ids-typeset-body ids-typeset-body--preset-large link paragraph ids-paragraph ids-paragraph--default\"><a href=\"https:\/\/www.pomponik.pl\/plotki\/news-wiadomo-co-dalej-z-the-voice-of-poland-tvp-podjela-decyzje,nId,22499870\" target=\"_self\" rel=\"nofollow noopener\">Wiadomo co dalej z &#8222;The Voice of Poland&#8221;. TVP podj\u0119\u0142a decyzj\u0119<\/a><\/p>\n<p>Czytaj tak\u017ce:<a id=\"a-img\" class=\"hl-6\"><img class=\"hl-8\"\/><\/a><a id=\"a-main\" class=\"hl-9\"\/>Halo! Wejd\u017a na <a id=\"halo-text-a\" href=\"https:\/\/halotu.polsat.pl#parametr=link_halo\" rel=\"nofollow noopener\" target=\"_blank\">halotu.polsat.pl<\/a> i nie przegap naj\u015bwie\u017cszych informacji z poranka w Polsacie.<\/p>\n","protected":false},"excerpt":{"rendered":"Wielka rado\u015b\u0107 w domu Micha\u0142a Szpaka. Potwierdzi\u0142 szcz\u0119\u015bliwe wie\u015bci Micha\u0142 Szpak s\u0142ynie nie tylko z ogromnej charyzmy i&hellip;\n","protected":false},"author":2,"featured_media":101028,"comment_status":"","ping_status":"","sticky":false,"template":"","format":"standard","meta":{"footnotes":""},"categories":[22],"tags":[122,42,38,40,39,41,123],"class_list":{"0":"post-194911","1":"post","2":"type-post","3":"status-publish","4":"format-standard","5":"has-post-thumbnail","7":"category-rozrywka","8":"tag-entertainment","9":"tag-pl","10":"tag-poland","11":"tag-polish","12":"tag-polska","13":"tag-polski","14":"tag-rozrywka"},"share_on_mastodon":{"url":"https:\/\/pubeurope.com\/@pl\/115862329285956437","error":""},"_links":{"self":[{"href":"https:\/\/www.europesays.com\/pl\/wp-json\/wp\/v2\/posts\/194911","targetHints":{"allow":["GET"]}}],"collection":[{"href":"https:\/\/www.europesays.com\/pl\/wp-json\/wp\/v2\/posts"}],"about":[{"href":"https:\/\/www.europesays.com\/pl\/wp-json\/wp\/v2\/types\/post"}],"author":[{"embeddable":true,"href":"https:\/\/www.europesays.com\/pl\/wp-json\/wp\/v2\/users\/2"}],"replies":[{"embeddable":true,"href":"https:\/\/www.europesays.com\/pl\/wp-json\/wp\/v2\/comments?post=194911"}],"version-history":[{"count":0,"href":"https:\/\/www.europesays.com\/pl\/wp-json\/wp\/v2\/posts\/194911\/revisions"}],"wp:featuredmedia":[{"embeddable":true,"href":"https:\/\/www.europesays.com\/pl\/wp-json\/wp\/v2\/media\/101028"}],"wp:attachment":[{"href":"https:\/\/www.europesays.com\/pl\/wp-json\/wp\/v2\/media?parent=194911"}],"wp:term":[{"taxonomy":"category","embeddable":true,"href":"https:\/\/www.europesays.com\/pl\/wp-json\/wp\/v2\/categories?post=194911"},{"taxonomy":"post_tag","embeddable":true,"href":"https:\/\/www.europesays.com\/pl\/wp-json\/wp\/v2\/tags?post=194911"}],"curies":[{"name":"wp","href":"https:\/\/api.w.org\/{rel}","templated":true}]}}