{"id":194914,"date":"2026-01-09T00:36:16","date_gmt":"2026-01-09T00:36:16","guid":{"rendered":"https:\/\/www.europesays.com\/pl\/194914\/"},"modified":"2026-01-09T00:36:16","modified_gmt":"2026-01-09T00:36:16","slug":"jaroslaw-kaczynski-zwoluje-politykow-pis-obecnosc-obowiazkowa","status":"publish","type":"post","link":"https:\/\/www.europesays.com\/pl\/194914\/","title":{"rendered":"Jaros\u0142aw Kaczy\u0144ski zwo\u0142uje polityk\u00f3w PiS. &#8222;Obecno\u015b\u0107 obowi\u0105zkowa&#8221;"},"content":{"rendered":"<p class=\"ods-c-paragraph \">Narada z udzia\u0142em najwa\u017cniejszych polityk\u00f3w PiS ma si\u0119 rozpocz\u0105\u0107 ok. godz. 14 w siedzibie partii na ul. Nowogrodzkiej. Wyjazdowe spotkanie klubu zaplanowano natomiast na godz. 18.<\/p>\n<p>Dalszy ci\u0105g artyku\u0142u pod materia\u0142em wideo<\/p>\n<p> Kiedy zaczyna si\u0119 narada kierownictwa PiS? <\/p>\n<p> Gdzie odb\u0119dzie si\u0119 najbli\u017csze spotkanie partii? <\/p>\n<p> Jaki jest cel wezwania Jaros\u0142awa Kaczy\u0144skiego? <\/p>\n<p> Dlaczego Kaczy\u0144ski jest w trudnej sytuacji? <\/p>\n<p class=\"ods-c-paragraph \">\u2014 Je\u015bli chodzi o PiS, s\u0105 w bardzo trudnym momencie. Jaros\u0142aw Kaczy\u0144ski wraca po przerwie \u015bwi\u0105tecznej i wzywa na dywanik bardzo konkretne grupy \u2014 przekaza\u0142a dziennikarka TVN24 Arleta Zalewska.<\/p>\n<p class=\"ods-c-paragraph \">\u2014 Jaros\u0142aw Kaczy\u0144ski ma jeden cel: zawieszenie broni. To ma by\u0107 pokaz jedno\u015bci, a przynajmniej pr\u00f3ba pojednania frakcji na tym etapie \u2014 doda\u0142a.<\/p>\n<p>Jaros\u0142aw Kaczy\u0144ski znalaz\u0142 si\u0119 w najtrudniejszym po\u0142o\u017ceniu od ponad dekady<\/p>\n<p class=\"ods-c-paragraph \">Dzi\u015b poparcie dla PiS stanowi niewiele ponad po\u0142ow\u0119 ca\u0142ego poparcia dla prawicy. To oznacza, \u017ce Kaczy\u0144ski znalaz\u0142 si\u0119 w najtrudniejszym po\u0142o\u017ceniu od ponad dekady \u2014 poprzedni kryzys to czas posmole\u0144skiej smuty w latach 2012-13, gdy <a href=\"https:\/\/wiadomosci.onet.pl\/kiosk\/ziobro-nie-jest-pierwszy-czyli-jak-oni-odchodzili\/qzq62\" id=\"8ab3d349-a508-4fd1-b2cd-15d00e94be66\" rel=\"nofollow noopener\" target=\"_blank\">z PiS odszed\u0142 Ziobro, a zamachowe teorie Macierewicza ci\u0105gn\u0119\u0142y parti\u0119 w otch\u0142a\u0144<\/a> \u2014 wskazuj\u0105 tw\u00f3rcy &#8222;Stanu Wyj\u0105tkowego&#8221;.<\/p>\n<p class=\"ods-c-paragraph \">Teraz jest nawet gorzej. W\u00f3wczas mimo wszystko Kaczy\u0144skiemu nikt na prawicy nie zagra\u017ca\u0142. Teraz PiS musi mierzy\u0107 si\u0119 z realn\u0105 konkurencj\u0105 i nie ma co marzy\u0107 o samodzielnych rz\u0105dach, jak to by\u0142o w latach 2015-2023, gdy Kaczy\u0144ski jednoosobowo zarz\u0105dza\u0142 pa\u0144stwem.<\/p>\n<p class=\"ods-c-paragraph \">Do tego dochodzi s\u0142abn\u0105ca pozycja Kaczy\u0144skiego w partii. Skutkiem s\u0105 narastaj\u0105ce konflikty wewn\u0119trzne mi\u0119dzy frakcjami \u2014 zacz\u0105\u0142 si\u0119 realny wy\u015bcig do schedy po prezesie. Tw\u00f3rcy &#8222;Stanu Wyj\u0105tkowego&#8221; szczeg\u00f3\u0142owo opowiadaj\u0105 <a href=\"https:\/\/wiadomosci.onet.pl\/kraj\/maslarze-kontra-margaryniarze-stan-wyjatkowy-w-pis-caly-czas-kipi\/0x2fymn\" id=\"6ea2021d-e188-44be-a52f-ed76952ab1ce\" rel=\"nofollow noopener\" target=\"_blank\">o kulisach wojny &#8222;ma\u015blarzy&#8221; (Czarnek, Jaki, Sasin, Boche\u0144ski) z &#8222;margaryniarzami&#8221; (stronnikami Morawieckiego)<\/a>. <\/p>\n<p class=\"ods-c-paragraph \">ZOBACZ: <a href=\"https:\/\/wiadomosci.onet.pl\/kraj\/podsumowanie-roku-ze-stanem-wyjatkowym-czesc-druga-koniec-potegi-kaczynskiego\/s15gmx0\" id=\"21660917-1fb7-4f20-9644-2ba0b535657d\" rel=\"nofollow noopener\" target=\"_blank\">Podsumowanie roku ze &#8222;Stanem Wyj\u0105tkowym&#8221;. Cz\u0119\u015b\u0107 druga: koniec pot\u0119gi Kaczy\u0144skiego<\/a><\/p>\n","protected":false},"excerpt":{"rendered":"Narada z udzia\u0142em najwa\u017cniejszych polityk\u00f3w PiS ma si\u0119 rozpocz\u0105\u0107 ok. godz. 14 w siedzibie partii na ul. Nowogrodzkiej.&hellip;\n","protected":false},"author":2,"featured_media":194915,"comment_status":"","ping_status":"","sticky":false,"template":"","format":"standard","meta":{"footnotes":""},"categories":[12],"tags":[32,33,36,37,27,422,49,34,35,28,31,48,25,46,529,42,38,40,39,41,47,29,30,26],"class_list":{"0":"post-194914","1":"post","2":"type-post","3":"status-publish","4":"format-standard","5":"has-post-thumbnail","7":"category-polska","8":"tag-breaking-news","9":"tag-breakingnews","10":"tag-featured-news","11":"tag-featurednews","12":"tag-headlines","13":"tag-jaroslaw_kaczynski","14":"tag-kraj","15":"tag-latest-news","16":"tag-latestnews","17":"tag-naglowki","18":"tag-najwazniejsze-artykuly","19":"tag-nat_styl","20":"tag-news","21":"tag-omp","22":"tag-pis","23":"tag-pl","24":"tag-poland","25":"tag-polish","26":"tag-polska","27":"tag-polski","28":"tag-screening_general","29":"tag-top-stories","30":"tag-topstories","31":"tag-wiadomosci"},"share_on_mastodon":{"url":"https:\/\/pubeurope.com\/@pl\/115862345039936379","error":""},"_links":{"self":[{"href":"https:\/\/www.europesays.com\/pl\/wp-json\/wp\/v2\/posts\/194914","targetHints":{"allow":["GET"]}}],"collection":[{"href":"https:\/\/www.europesays.com\/pl\/wp-json\/wp\/v2\/posts"}],"about":[{"href":"https:\/\/www.europesays.com\/pl\/wp-json\/wp\/v2\/types\/post"}],"author":[{"embeddable":true,"href":"https:\/\/www.europesays.com\/pl\/wp-json\/wp\/v2\/users\/2"}],"replies":[{"embeddable":true,"href":"https:\/\/www.europesays.com\/pl\/wp-json\/wp\/v2\/comments?post=194914"}],"version-history":[{"count":0,"href":"https:\/\/www.europesays.com\/pl\/wp-json\/wp\/v2\/posts\/194914\/revisions"}],"wp:featuredmedia":[{"embeddable":true,"href":"https:\/\/www.europesays.com\/pl\/wp-json\/wp\/v2\/media\/194915"}],"wp:attachment":[{"href":"https:\/\/www.europesays.com\/pl\/wp-json\/wp\/v2\/media?parent=194914"}],"wp:term":[{"taxonomy":"category","embeddable":true,"href":"https:\/\/www.europesays.com\/pl\/wp-json\/wp\/v2\/categories?post=194914"},{"taxonomy":"post_tag","embeddable":true,"href":"https:\/\/www.europesays.com\/pl\/wp-json\/wp\/v2\/tags?post=194914"}],"curies":[{"name":"wp","href":"https:\/\/api.w.org\/{rel}","templated":true}]}}