{"id":194999,"date":"2026-01-09T01:59:09","date_gmt":"2026-01-09T01:59:09","guid":{"rendered":"https:\/\/www.europesays.com\/pl\/194999\/"},"modified":"2026-01-09T01:59:09","modified_gmt":"2026-01-09T01:59:09","slug":"zmasowany-atak-rosji-na-ukraine-eksplozje-w-kijowe-i-we-lwowie","status":"publish","type":"post","link":"https:\/\/www.europesays.com\/pl\/194999\/","title":{"rendered":"Zmasowany atak Rosji na Ukrain\u0119. Eksplozje w Kijowe i we Lwowie"},"content":{"rendered":"<p>&#8222;Stolica jest atakowana przez bezza\u0142ogowe statki powietrzne. Obecnie jest ich oko\u0142o 15 nad ca\u0142ym miastem&#8221; &#8211; napisa\u0142 Kliczko w komunikatorze Telegram.<\/p>\n<p>Ataki na Kij\u00f3w i Lw\u00f3w<\/p>\n<p>Mer Kijowa przekaza\u0142, \u017ce w wyniku ataku dron\u00f3w w kilku dzielnicach wybuch\u0142y po\u017cary.\u00a0&#8222;Silne eksplozje w dzielnicy Obo\u0142o\u0144. Atak na stolic\u0119 trwa nadal&#8221; &#8211; doda\u0142 w kolejnym wpisie.<\/p>\n<p>\u00a0<\/p>\n<p>\u00a0<\/p>\n<p>Ukrai\u0144skie media podaj\u0105, \u017ce do rosyjskiego ataku dosz\u0142o te\u017c we Lwowie.<\/p>\n<p>\u00a0<\/p>\n<p>ZOBACZ: <a href=\"https:\/\/www.polsatnews.pl\/wiadomosc\/2026-01-06\/celowali-w-obiekty-cywilne-sa-ofiary-i-ranni-w-ukrainie\/\" target=\"_blank\" rel=\"noopener noreferrer nofollow\">Celowali w obiekty cywilne. S\u0105 ofiary i ranni w Ukrainie<\/a><\/p>\n<p>\u00a0<\/p>\n<p>&#8222;Po og\u0142oszeniu alarmu przeciwlotniczego we Lwowie us\u0142yszeli\u015bmy seri\u0119 eksplozji. Teraz ustalamy, co dok\u0142adnie si\u0119 sta\u0142o, czy by\u0142y to naloty i w jakim rejonie. Wsp\u00f3\u0142pracujemy ze wszystkimi s\u0142u\u017cbami&#8221; &#8211; poinformowa\u0142 mer miasta Andrij Sadowyj.<\/p>\n<p>\u00a0<\/p>\n<p>W kolejnym wpisie Sadowyj wyja\u015bni\u0142, \u017ce &#8222;dosz\u0142o do ataku na obiekt infrastruktury krytycznej&#8221;. &#8222;Wszystkie odpowiednie s\u0142u\u017cby dzia\u0142aj\u0105 na miejscu, po\u017car jest gaszony. Obecnie nie ma informacji o ofiarach. Obiekty cywilne i budynki mieszkalne w mie\u015bcie nie zosta\u0142y uszkodzone&#8221; &#8211; doda\u0142.<\/p>\n<p>Ambasada USA ostrzega\u0142a przed atakiem<\/p>\n<p>Prezydent Ukrainy Wo\u0142odymyr Ze\u0142enski w swoim przem\u00f3wieniu w czwartek wieczorem ostrzeg\u0142 przed mo\u017cliwo\u015bci\u0105 przeprowadzenia przez Rosj\u0119 w nocy masowego ataku na Ukrain\u0119.\u00a0<\/p>\n<p>\u00a0<\/p>\n<p>ZOBACZ: <a href=\"https:\/\/www.polsatnews.pl\/wiadomosc\/2026-01-05\/kubanczyk-pojmany-na-froncie-ujawnil-sposob-dzialania-rosjan\/\" target=\"_blank\" rel=\"noopener noreferrer nofollow\">Kuba\u0144czyk pojmany na froncie. Ujawni\u0142 spos\u00f3b dzia\u0142ania Rosjan<\/a><\/p>\n<p>\u00a0<\/p>\n<p>Przed mo\u017cliwym atakiem ze strony Rosji ostrzega\u0142a r\u00f3wnie\u017c ambasada USA w Kijowie, kt\u00f3ra wyda\u0142a\u00a0alert bezpiecze\u0144stwa\u00a0skierowany do ameryka\u0144skich obywateli przebywaj\u0105cych na terenie Ukrainy. W komunikacie wskazano, \u017ce obowi\u0105zuje on na terytorium ca\u0142ego kraju.<\/p>\n<p>Jak czytamy, instytucja otrzyma\u0142a informacj\u0119 o &#8222;potencjalnie\u00a0znacz\u0105cym ataku\u00a0powietrznym&#8221;, kt\u00f3ry mo\u017ce zosta\u0107 przeprowadzony\u00a0w ka\u017cdej chwili\u00a0w ci\u0105gu kilku najbli\u017cszych dni.<\/p>\n<p>\u00a0<\/p>\n<p>Widzia\u0142e\u015b co\u015b wa\u017cnego? Przy\u015blij zdj\u0119cie, film lub napisz, co si\u0119 sta\u0142o. Skorzystaj z naszej <a href=\"https:\/\/www.polsatnews.pl\/platforma-widzow\/\" target=\"_blank\" rel=\"noopener noreferrer nofollow\">Wrzutni<\/a><\/p>\n<p>                <img decoding=\"async\" src=\"https:\/\/www.europesays.com\/pl\/wp-content\/uploads\/2025\/12\/1767205510_449_vhtibjx9aegwpua7gmrq3cs3rabgix8f.jpg\" alt=\"\" itemprop=\"contentUrl\" style=\"position:absolute; width: 100%; max-height: 100%;\"\/><video controls=\"\" controlslist=\"nodownload\" poster=\"https:\/\/www.europesays.com\/pl\/wp-content\/uploads\/2025\/12\/1767205510_449_vhtibjx9aegwpua7gmrq3cs3rabgix8f.jpg\" class=\"videoPlayer player6856316 news__video\" data-id=\"6856316\">Twoja przegl\u0105darka nie wspiera odtwarzacza wideo&#8230;<\/video><\/p>\n<p>                <a class=\"news__read-more-button\" href=\"https:\/\/www.polsatnews.pl\/\" rel=\"nofollow noopener\" target=\"_blank\">Czytaj wi\u0119cej<\/a><\/p>\n<p>\t\t\tChcesz by\u0107 na bie\u017c\u0105co z najnowszymi newsami?<\/p>\n<p class=\"app-ad__preview\">Jeste\u015bmy w aplikacji na Tw\u00f3j telefon. Sprawd\u017a\u00a0nas!<\/p>\n","protected":false},"excerpt":{"rendered":"&#8222;Stolica jest atakowana przez bezza\u0142ogowe statki powietrzne. Obecnie jest ich oko\u0142o 15 nad ca\u0142ym miastem&#8221; &#8211; napisa\u0142 Kliczko&hellip;\n","protected":false},"author":2,"featured_media":195000,"comment_status":"","ping_status":"","sticky":false,"template":"","format":"standard","meta":{"footnotes":""},"categories":[14],"tags":[32,33,27,34,35,28,31,25,40,41,80,29,30,26,82,83,84],"class_list":{"0":"post-194999","1":"post","2":"type-post","3":"status-publish","4":"format-standard","5":"has-post-thumbnail","7":"category-swiat","8":"tag-breaking-news","9":"tag-breakingnews","10":"tag-headlines","11":"tag-latest-news","12":"tag-latestnews","13":"tag-naglowki","14":"tag-najwazniejsze-artykuly","15":"tag-news","16":"tag-polish","17":"tag-polski","18":"tag-swiat","19":"tag-top-stories","20":"tag-topstories","21":"tag-wiadomosci","22":"tag-world","23":"tag-world-news","24":"tag-worldnews"},"share_on_mastodon":{"url":"https:\/\/pubeurope.com\/@pl\/115862671350561035","error":""},"_links":{"self":[{"href":"https:\/\/www.europesays.com\/pl\/wp-json\/wp\/v2\/posts\/194999","targetHints":{"allow":["GET"]}}],"collection":[{"href":"https:\/\/www.europesays.com\/pl\/wp-json\/wp\/v2\/posts"}],"about":[{"href":"https:\/\/www.europesays.com\/pl\/wp-json\/wp\/v2\/types\/post"}],"author":[{"embeddable":true,"href":"https:\/\/www.europesays.com\/pl\/wp-json\/wp\/v2\/users\/2"}],"replies":[{"embeddable":true,"href":"https:\/\/www.europesays.com\/pl\/wp-json\/wp\/v2\/comments?post=194999"}],"version-history":[{"count":0,"href":"https:\/\/www.europesays.com\/pl\/wp-json\/wp\/v2\/posts\/194999\/revisions"}],"wp:featuredmedia":[{"embeddable":true,"href":"https:\/\/www.europesays.com\/pl\/wp-json\/wp\/v2\/media\/195000"}],"wp:attachment":[{"href":"https:\/\/www.europesays.com\/pl\/wp-json\/wp\/v2\/media?parent=194999"}],"wp:term":[{"taxonomy":"category","embeddable":true,"href":"https:\/\/www.europesays.com\/pl\/wp-json\/wp\/v2\/categories?post=194999"},{"taxonomy":"post_tag","embeddable":true,"href":"https:\/\/www.europesays.com\/pl\/wp-json\/wp\/v2\/tags?post=194999"}],"curies":[{"name":"wp","href":"https:\/\/api.w.org\/{rel}","templated":true}]}}