{"id":195007,"date":"2026-01-09T02:09:09","date_gmt":"2026-01-09T02:09:09","guid":{"rendered":"https:\/\/www.europesays.com\/pl\/195007\/"},"modified":"2026-01-09T02:09:09","modified_gmt":"2026-01-09T02:09:09","slug":"polskie-zespoly-ze-zmiennym-szczesciem-zobacz-tabele-ligi-mistrzow","status":"publish","type":"post","link":"https:\/\/www.europesays.com\/pl\/195007\/","title":{"rendered":"Polskie zespo\u0142y ze zmiennym szcz\u0119\u015bciem. Zobacz tabele Ligi Mistrz\u00f3w"},"content":{"rendered":"\n<p class=\"contentpart contentpart--default contentpart--text\" data-position=\"0\">Za nami druga kolejka spotka\u0144 w rozgrywkach Ligi Mistrz\u00f3w. Podobnie jak na inauguracj\u0119, polskie ekipy nie zdo\u0142a\u0142y unikn\u0105\u0107 strat. Z czterech polskich zespo\u0142\u00f3w trzy wygra\u0142y swoje mecze. Powody do zadowolenia mia\u0142y Aluron CMC Warta Zawiercie, Asseco Resovia Rzesz\u00f3w i Bogdanka Lublin. Wpadk\u0119 zanotowa\u0142 jedynie Projekt Warszawa.<\/p>\n<p class=\"contentpart contentpart--default contentpart--text\" data-position=\"1\">Zawiercianie pokonali na wyje\u017adzie Sporting Lizbona. Styl nie zachwyci\u0142, najwa\u017cniejszy jednak by\u0142 wynik. Ekipa Micha\u0142a Winiarskiego musia\u0142a wygra\u0107, aby liczy\u0107 si\u0119 w grze o awans do kolejnej rundy z pierwszego miejsca w grupie D. Zadanie uda\u0142o si\u0119 zrealizowa\u0107 mimo absencji Bartosza Kwolka, kt\u00f3ry na przedmeczowym rozruchu podkr\u0119ci\u0142 staw skokowy.<\/p>\n<p> <img role=\"presentation\" src=\"https:\/\/std.wpcdn.pl\/images\/adv\/placeholder_wp.svg\" loading=\"lazy\" alt=\"\" decoding=\"async\"\/>  <\/p>\n<p class=\"contentpart contentpart--default contentpart--text\" data-position=\"2\">ZOBACZ WIDEO: Ma 40 lat. By\u0142a miss Polski wci\u0105\u017c zachwyca<\/p>\n<p class=\"contentpart contentpart--default contentpart--text\" data-position=\"4\">Swoje starcie zwyci\u0119sko zako\u0144czyli r\u00f3wnie\u017c Rzeszowianie. Dla Asseco Resovii triumf nad Luneburgiem by\u0142 pierwszym w tegorocznych rozgrywkach. Wcze\u015bniej zesp\u00f3\u0142 z Podkarpacia uleg\u0142 wicemistrzom Polski. Dzi\u0119ki triumfowi za trzy punkty, dru\u017cyna trenera Bottiego wskoczy\u0142a na drugie miejsce w tabeli.<\/p>\n<p class=\"contentpart contentpart--default contentpart--text\" data-position=\"5\">Rozczarowa\u0142 Projekt Warszawa. Sto\u0142eczny zesp\u00f3\u0142 mia\u0142 problemy nie tylko z podr\u00f3\u017c\u0105 do Montpellier, ale r\u00f3wnie\u017c w rywalizacji z francuskim zespo\u0142em. Gospodarze do\u015b\u0107 niespodziewanie triumfowali 3:2, komplikuj\u0105c polskiej ekipie rywalizacj\u0119 o awans. Projekt ma przed sob\u0105 jeszcze starcie z Cucine Lube Civitanowa i rund\u0119 rewan\u017cow\u0105. Na chwil\u0119 obecn\u0105 jednak to rywale s\u0105 w korzystniejszej sytuacji w grze o faz\u0119 play-off.<\/p>\n<p class=\"contentpart contentpart--default contentpart--text\" data-position=\"6\">Swoje spotkanie po raz drugi w tegorocznej edycji wygrali mistrzowie Polski. Bogdanka LUK musia\u0142a si\u0119 jednak mocno nam\u0119czy\u0107, aby potwierdzi\u0107 wy\u017cszo\u015b\u0107 nad Knack Roeselare. Podopieczni trenera Antigi triumf przyp\u0142acili strat\u0105 punktu. Pozostaj\u0105 jednak liderem w swojej grupie.<\/p>\n<p> <img role=\"presentation\" src=\"https:\/\/std.wpcdn.pl\/images\/adv\/placeholder_wp.svg\" loading=\"lazy\" alt=\"\" decoding=\"async\"\/>  <\/p>\n<p class=\"contentpart contentpart--default contentpart--text\" data-position=\"7\">W rozgrywkach Ligi Mistrz\u00f3w zespo\u0142y rywalizuj\u0105 systemem ka\u017cdy z ka\u017cdym. Awans do \u0107wier\u0107fina\u0142\u00f3w zapewni\u0105 sobie zwyci\u0119zcy ka\u017cdej z grup. Dru\u017cyny z drugich miejsc oraz jeden zesp\u00f3\u0142 z trzeciego miejsca zagraj\u0105 w fazie play-off, kt\u00f3rej stawk\u0105 b\u0119dzie prawo gry w \u0107wier\u0107finale. Pozosta\u0142e dru\u017cyny z trzecich miejsc zostan\u0105 oddelegowane do gry w Pucharze CEV.<\/p>\n<p class=\"contentpart contentpart--default contentpart--text\" data-position=\"8\">Zwyci\u0119zcy dwumecz\u00f3w \u0107wier\u0107fina\u0142owych zagraj\u0105 w Final Four.<\/p>\n<p class=\"contentpart contentpart--default contentpart--text\" data-position=\"9\">Tabele <a href=\"https:\/\/sportowefakty.wp.pl\/siatkowka\/liga-mistrzow\" rel=\"nofollow noopener\" target=\"_blank\">Ligi Mistrz\u00f3w 2025\/2026<\/a> &#8211; faza grupowa:<\/p>\n<p class=\"contentpart contentpart--default contentpart--text\" data-position=\"10\">Grupa A:<\/p>\n<p class=\"contentpart contentpart--default contentpart--text\" data-position=\"12\">Grupa B:<\/p>\n<p class=\"contentpart contentpart--default contentpart--text\" data-position=\"14\">Grupa C:<\/p>\n<p class=\"contentpart contentpart--default contentpart--text\" data-position=\"16\">Grupa D:<\/p>\n<p class=\"contentpart contentpart--default contentpart--text\" data-position=\"18\">Grupa E:<\/p>\n","protected":false},"excerpt":{"rendered":"Za nami druga kolejka spotka\u0144 w rozgrywkach Ligi Mistrz\u00f3w. Podobnie jak na inauguracj\u0119, polskie ekipy nie zdo\u0142a\u0142y unikn\u0105\u0107&hellip;\n","protected":false},"author":2,"featured_media":195008,"comment_status":"","ping_status":"","sticky":false,"template":"","format":"standard","meta":{"footnotes":""},"categories":[24],"tags":[37814,19502,19498,1343,693,19494,29335,270,19499,42,38,40,39,41,37813,131,29336,127,126,3123,18665],"class_list":{"0":"post-195007","1":"post","2":"type-post","3":"status-publish","4":"format-standard","5":"has-post-thumbnail","7":"category-sport","8":"tag-aleksander-sliwka","9":"tag-aluron-cmc-warta-zawiercie","10":"tag-asseco-resovia-rzeszow","11":"tag-bogdanka-luk-lublin","12":"tag-europejskie-puchary","13":"tag-hala-sportowa-osir","14":"tag-kamil-semeniuk","15":"tag-liga-mistrzow","16":"tag-pge-projekt-warszawa","17":"tag-pl","18":"tag-poland","19":"tag-polish","20":"tag-polska","21":"tag-polski","22":"tag-radostin-stojczew","23":"tag-siatkowka","24":"tag-sir-susa-vim-perugia","25":"tag-sport","26":"tag-sports","27":"tag-tomasz-fornal","28":"tag-zawiercie"},"share_on_mastodon":{"url":"https:\/\/pubeurope.com\/@pl\/115862710771975837","error":""},"_links":{"self":[{"href":"https:\/\/www.europesays.com\/pl\/wp-json\/wp\/v2\/posts\/195007","targetHints":{"allow":["GET"]}}],"collection":[{"href":"https:\/\/www.europesays.com\/pl\/wp-json\/wp\/v2\/posts"}],"about":[{"href":"https:\/\/www.europesays.com\/pl\/wp-json\/wp\/v2\/types\/post"}],"author":[{"embeddable":true,"href":"https:\/\/www.europesays.com\/pl\/wp-json\/wp\/v2\/users\/2"}],"replies":[{"embeddable":true,"href":"https:\/\/www.europesays.com\/pl\/wp-json\/wp\/v2\/comments?post=195007"}],"version-history":[{"count":0,"href":"https:\/\/www.europesays.com\/pl\/wp-json\/wp\/v2\/posts\/195007\/revisions"}],"wp:featuredmedia":[{"embeddable":true,"href":"https:\/\/www.europesays.com\/pl\/wp-json\/wp\/v2\/media\/195008"}],"wp:attachment":[{"href":"https:\/\/www.europesays.com\/pl\/wp-json\/wp\/v2\/media?parent=195007"}],"wp:term":[{"taxonomy":"category","embeddable":true,"href":"https:\/\/www.europesays.com\/pl\/wp-json\/wp\/v2\/categories?post=195007"},{"taxonomy":"post_tag","embeddable":true,"href":"https:\/\/www.europesays.com\/pl\/wp-json\/wp\/v2\/tags?post=195007"}],"curies":[{"name":"wp","href":"https:\/\/api.w.org\/{rel}","templated":true}]}}