{"id":195104,"date":"2026-01-09T04:06:16","date_gmt":"2026-01-09T04:06:16","guid":{"rendered":"https:\/\/www.europesays.com\/pl\/195104\/"},"modified":"2026-01-09T04:06:16","modified_gmt":"2026-01-09T04:06:16","slug":"wyziebiona-suczka-znaleziona-przy-torach-w-wielbarku-bylo-widac-ze-slabnie","status":"publish","type":"post","link":"https:\/\/www.europesays.com\/pl\/195104\/","title":{"rendered":"Wyzi\u0119biona suczka znaleziona przy torach w Wielbarku. &#8222;By\u0142o wida\u0107, \u017ce s\u0142abnie&#8221;"},"content":{"rendered":"<p class=\"Paragraph_desktopParagraph__U31Gm\">Nagranie przedstawiaj\u0105ce b\u0142\u0105kaj\u0105c\u0105 si\u0119 w <a href=\"https:\/\/kobieta.onet.pl\/snieg\" id=\"1fad2870-4233-4764-855d-be0eee0e9e20\" rel=\"nofollow noopener\" target=\"_blank\">\u015bniegu <\/a>suczk\u0119 pojawi\u0142o si\u0119 w sieci 4 stycznia. Kornelia Kostrzewa, radna Wielbarku, udost\u0119pni\u0142a film, na kt\u00f3rym wida\u0107 wyra\u017anie cierpi\u0105ce zwierz\u0119 w pobli\u017cu tor\u00f3w kolejowych. Suczka kr\u0119ci\u0142a si\u0119 w k\u00f3\u0142ko, dr\u017ca\u0142a i skomla\u0142a, a ca\u0142\u0105 okolic\u0119 pokrywa\u0142a gruba warstwa \u015bniegu.<\/p>\n<p class=\"Paragraph_desktopParagraph__U31Gm\">Przeczytaj r\u00f3wnie\u017c: <\/p>\n<ul class=\"OchatFollowUps_wrapper__1ry7X\">\n<li class=\"OchatFollowUps_item__Dhyly OchatFollowUps_itemDesktop__R6aBv\">Gdzie znaleziono suczk\u0119?<\/li>\n<li class=\"OchatFollowUps_item__Dhyly OchatFollowUps_itemDesktop__R6aBv\">Kto opiekowa\u0142 si\u0119 suczk\u0105?<\/li>\n<li class=\"OchatFollowUps_item__Dhyly OchatFollowUps_itemDesktop__R6aBv\">Jakie by\u0142y objawy suczki?<\/li>\n<li class=\"OchatFollowUps_item__Dhyly OchatFollowUps_itemDesktop__R6aBv\">Dlaczego suczka nie mia\u0142a czipa?<\/li>\n<\/ul>\n<p class=\"Paragraph_desktopParagraph__U31Gm\">Kostrzewa poinformowa\u0142a, \u017ce suczka, nazwana przez ni\u0105 \u015anie\u017cynk\u0105, zosta\u0142a zabrana do jej domu. Dzia\u0142aczka relacjonowa\u0142a, \u017ce zwierz\u0119 by\u0142o w bardzo z\u0142ym stanie, ale podj\u0119to pr\u00f3b\u0119 ratowania go. Niestety, ju\u017c nast\u0119pnego dnia rano radna przekaza\u0142a, \u017ce suczka nie prze\u017cy\u0142a. Nie mia\u0142a czipa, a jej w\u0142a\u015bciciel pozostaje nieznany.<\/p>\n<p class=\"Paragraph_desktopParagraph__U31Gm\">&#8222;Kr\u0105\u017cy\u0142a w k\u00f3\u0142ko, nie s\u0142ysza\u0142a. By\u0142a te\u017c wychudzona i mia\u0142a problemy z sercem. Ju\u017c wtedy rozwa\u017ca\u0142y\u015bmy eutanazj\u0119, ale chcia\u0142y\u015bmy jej da\u0107 szans\u0119. Po lekach sama wsta\u0142a rano na nogi, troch\u0119 zjad\u0142a. Dosta\u0142a kolejne leki. Wieczorem by\u0142o wida\u0107, \u017ce s\u0142abnie. Przesiedzia\u0142am z ni\u0105 ca\u0142\u0105 noc. Niestety odesz\u0142a nad ranem&#8221;\u2014 powiedzia\u0142a w rozmowie z TVN24 Kornelia Kostrzewa.<\/p>\n<p class=\"Paragraph_desktopParagraph__U31Gm\">W rozmowie z tvn24.pl Kornelia Kostrzewa podkre\u015bli\u0142a, \u017ce w regionie b\u0142\u0105kaj\u0105ce si\u0119 zwierz\u0119ta nie s\u0105 rzadko\u015bci\u0105. &#8222;U nas niestety jest standardem, \u017ce du\u017co kot\u00f3w i ps\u00f3w si\u0119 b\u0142\u0105ka, wiele jest te\u017c na \u0142a\u0144cuchach. Kastracje s\u0105 ma\u0142o popularne. Pies id\u0105cy luzem nie jest u nas, niestety, niczym dziwnym, dlatego nikt z pocz\u0105tku nie zareagowa\u0142&#8221; \u2014 t\u0142umaczy\u0142a radna.<\/p>\n","protected":false},"excerpt":{"rendered":"Nagranie przedstawiaj\u0105ce b\u0142\u0105kaj\u0105c\u0105 si\u0119 w \u015bniegu suczk\u0119 pojawi\u0142o si\u0119 w sieci 4 stycznia. Kornelia Kostrzewa, radna Wielbarku, udost\u0119pni\u0142a&hellip;\n","protected":false},"author":2,"featured_media":195105,"comment_status":"","ping_status":"","sticky":false,"template":"","format":"standard","meta":{"footnotes":""},"categories":[12],"tags":[32,33,36,37,27,34,35,28,31,53,25,52,68,51,55,6183,42,38,40,39,41,47,196,29,30,65,50,26,6509],"class_list":{"0":"post-195104","1":"post","2":"type-post","3":"status-publish","4":"format-standard","5":"has-post-thumbnail","7":"category-polska","8":"tag-breaking-news","9":"tag-breakingnews","10":"tag-featured-news","11":"tag-featurednews","12":"tag-headlines","13":"tag-latest-news","14":"tag-latestnews","15":"tag-naglowki","16":"tag-najwazniejsze-artykuly","17":"tag-new_header","18":"tag-news","19":"tag-onet3","20":"tag-onet3d","21":"tag-onet3d_2i","22":"tag-phx","23":"tag-pies","24":"tag-pl","25":"tag-poland","26":"tag-polish","27":"tag-polska","28":"tag-polski","29":"tag-screening_general","30":"tag-styl_zycia","31":"tag-top-stories","32":"tag-topstories","33":"tag-update_me","34":"tag-v2021","35":"tag-wiadomosci","36":"tag-zwierzeta_zwierze"},"share_on_mastodon":{"url":"https:\/\/pubeurope.com\/@pl\/115863170766199160","error":""},"_links":{"self":[{"href":"https:\/\/www.europesays.com\/pl\/wp-json\/wp\/v2\/posts\/195104","targetHints":{"allow":["GET"]}}],"collection":[{"href":"https:\/\/www.europesays.com\/pl\/wp-json\/wp\/v2\/posts"}],"about":[{"href":"https:\/\/www.europesays.com\/pl\/wp-json\/wp\/v2\/types\/post"}],"author":[{"embeddable":true,"href":"https:\/\/www.europesays.com\/pl\/wp-json\/wp\/v2\/users\/2"}],"replies":[{"embeddable":true,"href":"https:\/\/www.europesays.com\/pl\/wp-json\/wp\/v2\/comments?post=195104"}],"version-history":[{"count":0,"href":"https:\/\/www.europesays.com\/pl\/wp-json\/wp\/v2\/posts\/195104\/revisions"}],"wp:featuredmedia":[{"embeddable":true,"href":"https:\/\/www.europesays.com\/pl\/wp-json\/wp\/v2\/media\/195105"}],"wp:attachment":[{"href":"https:\/\/www.europesays.com\/pl\/wp-json\/wp\/v2\/media?parent=195104"}],"wp:term":[{"taxonomy":"category","embeddable":true,"href":"https:\/\/www.europesays.com\/pl\/wp-json\/wp\/v2\/categories?post=195104"},{"taxonomy":"post_tag","embeddable":true,"href":"https:\/\/www.europesays.com\/pl\/wp-json\/wp\/v2\/tags?post=195104"}],"curies":[{"name":"wp","href":"https:\/\/api.w.org\/{rel}","templated":true}]}}