{"id":195106,"date":"2026-01-09T04:08:09","date_gmt":"2026-01-09T04:08:09","guid":{"rendered":"https:\/\/www.europesays.com\/pl\/195106\/"},"modified":"2026-01-09T04:08:09","modified_gmt":"2026-01-09T04:08:09","slug":"miliony-euro-dla-polskiego-klubu-gwiazdor-juz-w-nowych-barwach","status":"publish","type":"post","link":"https:\/\/www.europesays.com\/pl\/195106\/","title":{"rendered":"Miliony euro dla polskiego klubu. Gwiazdor ju\u017c w nowych barwach"},"content":{"rendered":"\n<p class=\"contentpart contentpart--default contentpart--text\" data-position=\"0\">Czwartek by\u0142 bardzo intensywnym dniem w gabinetach Broendby IF. <a href=\"https:\/\/sportowefakty.wp.pl\/pilka-nozna\/1228415\/oficjalnie-bartosz-slisz-w-nowym-klubie-powrot-do-europy\" rel=\"nofollow noopener\" target=\"_blank\">W godzinach popo\u0142udniowych potwierdzony zosta\u0142 transfer Bartosza Slisza<\/a>, a wieczorem do\u0142\u0105czy\u0142 do niego Ousmane Sow.<\/p>\n<p class=\"contentpart contentpart--default contentpart--text\" data-position=\"1\">Senegalczyk pomy\u015blnie przeszed\u0142 testy medyczne i trafi\u0142 do du\u0144skiego klubu z G\u00f3rnika Zabrze za ok. 3 miliony euro (plus bonusy). Podpisa\u0142 kontrakt do 30 czerwca 2030 roku.<\/p>\n<p> <img role=\"presentation\" src=\"https:\/\/std.wpcdn.pl\/images\/adv\/placeholder_wp.svg\" loading=\"lazy\" alt=\"\" decoding=\"async\"\/>  <\/p>\n<p class=\"contentpart contentpart--default contentpart--text\" data-position=\"2\">&#8211; Dla mnie Broendby by\u0142o najlepszym wyborem. To du\u017cy i wa\u017cny krok dla mojego rozwoju. Pokazali du\u017c\u0105 determinacj\u0119, by mnie pozyska\u0107. Dam z siebie wszystko, \u017ceby sprosta\u0107 temu zaufaniu &#8211; powiedzia\u0142 Sow.<\/p>\n<p class=\"contentpart contentpart--default contentpart--text\" data-position=\"3\">G\u00f3rnik wola\u0142by rzecz jasna zatrzyma\u0107 pi\u0142karza (trudno si\u0119 dziwi\u0107), natomiast propozycja Broendby by\u0142a z kategorii &#8222;nie do odrzucenia&#8221;. Szczeg\u00f3lnie, \u017ce w obecnym uk\u0142adzie w\u0142a\u015bcicielskim (klub nale\u017cy do miasta) trzeba sprzedawa\u0107, by prze\u017cy\u0107.<\/p>\n<p class=\"contentpart contentpart--default contentpart--text\" data-position=\"4\">25-latek by\u0142 kluczow\u0105 postaci\u0105 dru\u017cyny Michala Gasparika. W rundzie jesiennej\u00a0strzeli\u0142 dziewi\u0119\u0107 goli i zanotowa\u0142 trzy asysty w dziewi\u0119tnastu meczach.<\/p>\n<p class=\"contentpart contentpart--default contentpart--text\" data-position=\"5\">Broendby IF jest obecnie na trzecim miejscu w tabeli du\u0144skiej ekstraklasy.<\/p>\n<p class=\"contentpart contentpart--default contentpart--text\" data-position=\"6\">ZOBACZ WIDEO: #dziejesiewsporcie: Zobacz, co zrobi\u0142 bramkarz. To by\u0142 spektakularny gol!<\/p>\n","protected":false},"excerpt":{"rendered":"Czwartek by\u0142 bardzo intensywnym dniem w gabinetach Broendby IF. W godzinach popo\u0142udniowych potwierdzony zosta\u0142 transfer Bartosza Slisza, a&hellip;\n","protected":false},"author":2,"featured_media":195107,"comment_status":"","ping_status":"","sticky":false,"template":"","format":"standard","meta":{"footnotes":""},"categories":[24],"tags":[37339,37338,2787,4979,27384,269,278,1724,42,38,40,39,41,127,126],"class_list":{"0":"post-195106","1":"post","2":"type-post","3":"status-publish","4":"format-standard","5":"has-post-thumbnail","7":"category-sport","8":"tag-broendby-if","9":"tag-broendby-stadion","10":"tag-dania","11":"tag-gornik-zabrze","12":"tag-ousmane-sow","13":"tag-pilka-nozna","14":"tag-pilka-w-europie","15":"tag-pko-ekstraklasa","16":"tag-pl","17":"tag-poland","18":"tag-polish","19":"tag-polska","20":"tag-polski","21":"tag-sport","22":"tag-sports"},"share_on_mastodon":{"url":"https:\/\/pubeurope.com\/@pl\/115863178671078582","error":""},"_links":{"self":[{"href":"https:\/\/www.europesays.com\/pl\/wp-json\/wp\/v2\/posts\/195106","targetHints":{"allow":["GET"]}}],"collection":[{"href":"https:\/\/www.europesays.com\/pl\/wp-json\/wp\/v2\/posts"}],"about":[{"href":"https:\/\/www.europesays.com\/pl\/wp-json\/wp\/v2\/types\/post"}],"author":[{"embeddable":true,"href":"https:\/\/www.europesays.com\/pl\/wp-json\/wp\/v2\/users\/2"}],"replies":[{"embeddable":true,"href":"https:\/\/www.europesays.com\/pl\/wp-json\/wp\/v2\/comments?post=195106"}],"version-history":[{"count":0,"href":"https:\/\/www.europesays.com\/pl\/wp-json\/wp\/v2\/posts\/195106\/revisions"}],"wp:featuredmedia":[{"embeddable":true,"href":"https:\/\/www.europesays.com\/pl\/wp-json\/wp\/v2\/media\/195107"}],"wp:attachment":[{"href":"https:\/\/www.europesays.com\/pl\/wp-json\/wp\/v2\/media?parent=195106"}],"wp:term":[{"taxonomy":"category","embeddable":true,"href":"https:\/\/www.europesays.com\/pl\/wp-json\/wp\/v2\/categories?post=195106"},{"taxonomy":"post_tag","embeddable":true,"href":"https:\/\/www.europesays.com\/pl\/wp-json\/wp\/v2\/tags?post=195106"}],"curies":[{"name":"wp","href":"https:\/\/api.w.org\/{rel}","templated":true}]}}