{"id":195108,"date":"2026-01-09T04:12:15","date_gmt":"2026-01-09T04:12:15","guid":{"rendered":"https:\/\/www.europesays.com\/pl\/195108\/"},"modified":"2026-01-09T04:12:15","modified_gmt":"2026-01-09T04:12:15","slug":"twarde-stanowisko-trumpa-wobec-nato-nawet-jesli-oni-nie-beda-tego-robic","status":"publish","type":"post","link":"https:\/\/www.europesays.com\/pl\/195108\/","title":{"rendered":"Twarde stanowisko Trumpa wobec NATO. &#8222;Nawet je\u015bli oni nie b\u0119d\u0105 tego robi\u0107&#8221;"},"content":{"rendered":"<p class=\"ods-c-paragraph \">Donald Trump wyg\u0142osi\u0142 swoj\u0105 opini\u0119 na temat Sojuszu P\u00f3\u0142nocnoatlantyckiego we wpisie na platformie Truth Social. Stwierdzi\u0142 w nim, \u017ce wi\u0119kszo\u015b\u0107 pa\u0144stw cz\u0142onkowskich &#8222;nie p\u0142aci\u0142a rachunk\u00f3w&#8221; dop\u00f3ki on nie zainterweniowa\u0142 i &#8222;z szacunkiem sk\u0142oni\u0142 ich do [wydawania] 5 proc. PKB&#8221; na obronno\u015b\u0107.<\/p>\n<p>Dalszy ci\u0105g artyku\u0142u pod materia\u0142em wideo<\/p>\n<p> Co Donald Trump s\u0105dzi o NATO? <\/p>\n<p> Jakie s\u0105 obawy Trumpa dotycz\u0105ce pomocy NATO? <\/p>\n<p> Jakie dzia\u0142ania podj\u0105\u0142 Trump w zwi\u0105zku z p\u0142atno\u015bciami pa\u0144stw cz\u0142onkowskich NATO? <\/p>\n<p> Jak Trump ocenia rol\u0119 USA w NATO? <\/p>\n<p class=\"ods-c-paragraph \">Doda\u0142 te\u017c, \u017ce bez jego zaanga\u017cowania Rosja &#8222;mia\u0142aby teraz ca\u0142\u0105 Ukrain\u0119. Pami\u0119tajcie te\u017c, \u017ce sam zako\u0144czy\u0142em osiem wojen, a Norwegia, cz\u0142onek NATO, naiwnie postanowi\u0142a nie przyzna\u0107 mi Pokojowej Nagrody Nobla&#8221;.<\/p>\n<p class=\"ods-c-paragraph \">&#8222;Rosja i Chiny maj\u0105 zero strachu wobec NATO bez Stan\u00f3w Zjednoczonych i w\u0105tpi\u0119, \u017ceby NATO pomog\u0142o nam, gdyby\u015bmy naprawd\u0119 potrzebowali&#8221; \u2014 oznajmi\u0142 Trump. Doda\u0142 jednak, \u017ce USA &#8222;zawsze b\u0119dzie wspiera\u0107 NATO, nawet je\u015bli oni nie b\u0119d\u0105 wspiera\u0107 nas [USA]&#8221;.<\/p>\n<p class=\"ods-c-paragraph \">&#8222;Jedynym krajem, kt\u00f3rego Chiny i Rosja boj\u0105 si\u0119 i szanuj\u0105, s\u0105 USA odbudowane przez DJT&#8221; \u2014 powt\u00f3rzy\u0142.<\/p>\n<p>Trump kwestionuje ewentualn\u0105 pomoc NATO<\/p>\n<p class=\"ods-c-paragraph \">Ameryka\u0144ski prezydent zamie\u015bci\u0142 sw\u00f3j wpis po tym, jak we wtorek <a href=\"https:\/\/wiadomosci.onet.pl\/swiat\/premier-danii-ostrzega-trump-powaznie-mysli-o-przejeciu-grenlandii\/5s9w7xn\" id=\"1b1803ce-895e-4518-be12-abf99bbc65c9\" rel=\"nofollow noopener\" target=\"_blank\">premierka Danii Mette Frederiksen zasugerowa\u0142a, \u017ce przej\u0119cie Grenlandii przez USA b\u0119dzie oznacza\u0107 koniec NATO.<\/a><\/p>\n<p class=\"ods-c-paragraph \">Prezydent USA wielokrotnie wcze\u015bniej wyra\u017ca\u0142 w\u0105tpliwo\u015b\u0107 co do tego, czy sojusznicy Ameryki stan\u0119liby w jej obronie. Mimo to, jedyny przypadek zastosowania artyku\u0142u 5. o obronie wzajemnej przez NATO nast\u0105pi\u0142 w reakcji na zamachy terrorystyczne z 11 wrze\u015bnia 2001 r., kiedy wraz ze Stanami Zjednoczonymi do Afganistanu wesz\u0142y wojska szeregu pa\u0144stw NATO, w tym Polski i Danii.<\/p>\n","protected":false},"excerpt":{"rendered":"Donald Trump wyg\u0142osi\u0142 swoj\u0105 opini\u0119 na temat Sojuszu P\u00f3\u0142nocnoatlantyckiego we wpisie na platformie Truth Social. Stwierdzi\u0142 w nim,&hellip;\n","protected":false},"author":2,"featured_media":195109,"comment_status":"","ping_status":"","sticky":false,"template":"","format":"standard","meta":{"footnotes":""},"categories":[14],"tags":[32,33,2787,44,27,34,35,28,31,48,160,25,46,40,41,87,47,80,29,30,415,71,26,82,83,84],"class_list":{"0":"post-195108","1":"post","2":"type-post","3":"status-publish","4":"format-standard","5":"has-post-thumbnail","7":"category-swiat","8":"tag-breaking-news","9":"tag-breakingnews","10":"tag-dania","11":"tag-donald_trump","12":"tag-headlines","13":"tag-latest-news","14":"tag-latestnews","15":"tag-naglowki","16":"tag-najwazniejsze-artykuly","17":"tag-nat_styl","18":"tag-nato","19":"tag-news","20":"tag-omp","21":"tag-polish","22":"tag-polski","23":"tag-rosja","24":"tag-screening_general","25":"tag-swiat","26":"tag-top-stories","27":"tag-topstories","28":"tag-ukraina","29":"tag-usa","30":"tag-wiadomosci","31":"tag-world","32":"tag-world-news","33":"tag-worldnews"},"share_on_mastodon":{"url":"https:\/\/pubeurope.com\/@pl\/115863194315282463","error":""},"_links":{"self":[{"href":"https:\/\/www.europesays.com\/pl\/wp-json\/wp\/v2\/posts\/195108","targetHints":{"allow":["GET"]}}],"collection":[{"href":"https:\/\/www.europesays.com\/pl\/wp-json\/wp\/v2\/posts"}],"about":[{"href":"https:\/\/www.europesays.com\/pl\/wp-json\/wp\/v2\/types\/post"}],"author":[{"embeddable":true,"href":"https:\/\/www.europesays.com\/pl\/wp-json\/wp\/v2\/users\/2"}],"replies":[{"embeddable":true,"href":"https:\/\/www.europesays.com\/pl\/wp-json\/wp\/v2\/comments?post=195108"}],"version-history":[{"count":0,"href":"https:\/\/www.europesays.com\/pl\/wp-json\/wp\/v2\/posts\/195108\/revisions"}],"wp:featuredmedia":[{"embeddable":true,"href":"https:\/\/www.europesays.com\/pl\/wp-json\/wp\/v2\/media\/195109"}],"wp:attachment":[{"href":"https:\/\/www.europesays.com\/pl\/wp-json\/wp\/v2\/media?parent=195108"}],"wp:term":[{"taxonomy":"category","embeddable":true,"href":"https:\/\/www.europesays.com\/pl\/wp-json\/wp\/v2\/categories?post=195108"},{"taxonomy":"post_tag","embeddable":true,"href":"https:\/\/www.europesays.com\/pl\/wp-json\/wp\/v2\/tags?post=195108"}],"curies":[{"name":"wp","href":"https:\/\/api.w.org\/{rel}","templated":true}]}}