{"id":195110,"date":"2026-01-09T04:14:08","date_gmt":"2026-01-09T04:14:08","guid":{"rendered":"https:\/\/www.europesays.com\/pl\/195110\/"},"modified":"2026-01-09T04:14:08","modified_gmt":"2026-01-09T04:14:08","slug":"ps-w-biathlonie-polka-z-duza-strata-do-liderki-w-oberhofie-przeglad-sportowy-onet","status":"publish","type":"post","link":"https:\/\/www.europesays.com\/pl\/195110\/","title":{"rendered":"P\u015a w biathlonie: Polka z du\u017c\u0105 strat\u0105 do liderki w Oberhofie &#8211; Przegl\u0105d Sportowy Onet"},"content":{"rendered":"<ol>\n<li><a href=\"https:\/\/news.google.com\/rss\/articles\/CBMivwFBVV95cUxQeEVnTl9lSXl0OFhkajRMQjFIZG1ST3RQVDlzOFlmUmVlMy1welZURnA3RzV3eEdEX1FUSTZKREpiOWdEcFc3UEw0SjA1a1lLRW1yb2k4Q3lYNkNsQ1pTYjYzSk56NEVvM1hTQVF6cXZnd1VOc1ozNFp1VGpQMVkyMHctUUM5eEZGU1dSVkYzOTJqbm94N2xlQXBlbDlhWWU4c1U2aDU0UkZwZXBrN1c0SkdBTkdVNzB5Q1lfTExfTQ?oc=5\" target=\"_blank\" rel=\"nofollow noopener\">P\u015a w biathlonie: Polka z du\u017c\u0105 strat\u0105 do liderki w Oberhofie<\/a>&nbsp;&nbsp;Przegl\u0105d Sportowy Onet<\/li>\n<li><a href=\"https:\/\/news.google.com\/rss\/articles\/CBMivAFBVV95cUxNelZOTlNrRjd4UC1vQTBkeTVKR21xbk5adEFPc1dJc1lldlNUd3AxeWl5eDE0UFBXaHVIc29CYU00QjBLV01Rd2gteVhRa3Ewb2o4WExlQ1ZrUEUxbV96S1RHUndzTDlfQk0tNzZkdktFbnhlN0VUVFNzMEo0ZnIzMm1MOG9fWHhWeHkzaVlFSkdzb1d4Z0tjbk8tdUNLVXBGUGVQZ213N2tVc2V5cXljd2FsWXB5UEI1dEoxVtIBwgFBVV95cUxQTGxUNE9HZkM0bWpIQi1OX09wMzFLTW9kM1dqTUt1LXduRVFGSHZTaVlfNURNX2FtbXgySHdvd2NTYUlPUlY2TEo5ZHpoQVRnN2k5TkpfX1Z2b1BiQVlUajEzSXJzUDVyTTUwVHpGNFdNc3QzUmF4blRRWGd2LXNhSWNqTFBwTV9MNEM2enh5cndHVWxGMjlDUmJlUmQ2SlFubGRMZTNiTFlrUVdlRkVra3VhZlhMSlk4ODJsY05oa3lQUQ?oc=5\" target=\"_blank\" rel=\"nofollow noopener\">Biathlon \u2013 Puchar \u015awiata, Oberhof: sprint kobiet [ZAPIS]<\/a>&nbsp;&nbsp;sport.tvp.pl<\/li>\n<li><a href=\"https:\/\/news.google.com\/rss\/articles\/CBMixAFBVV95cUxORUctRnlaM2pXaExldktWNWZOSDBWT01hdC1SVHA5akw3VDJRQmdCQWx5UWpVMG93eVd6TklDdUFWRzA0UWk0MzRzcy1nRk5ScGlacUI3QTFaMFROS2hwNW9NU0tBMmwtT0tRQmRqdm83ckJGblBIZ3ptSWk4S3ltQkRpdzJ0d0V0d3plSnJNdUxIUWVmOHBBWnVIcE1sSWFiVDFpdkQydGFXMVlqaWJ4UFBfTUtsOFo3U1hjSG9DRGVHaUZS?oc=5\" target=\"_blank\" rel=\"nofollow noopener\">Pi\u0119kny gest po zwyci\u0119stwie. Dedykacja dla zmar\u0142ego biathlonisty<\/a>&nbsp;&nbsp;Przegl\u0105d Sportowy Onet<\/li>\n<li><a href=\"https:\/\/news.google.com\/rss\/articles\/CBMirgFBVV95cUxPUzNtZlhVRjU0Wkl4M1pKS1NQQ2R4WFN4VEs4LWE5dmEwYWxpeXM1WmRNN0w0YTFtWWF6UDJoaDdOY1pqXzBDS0Zud2RXUDlyOWkyZjBmMV9oYk12MW96SnJxV3RTa2xtVXNHOU1jeG9neWVmVjlvdUFqOW1XbnNFNk1odGQ0LTVmOFhzUy1qZWNRYTliQ1lfZEhST0F1YmZJVmMzTHo3X05wbVVCN2c?oc=5\" target=\"_blank\" rel=\"nofollow noopener\">W\u0142och potwierdzi\u0142 wysok\u0105 form\u0119. Trzech Polak\u00f3w w biegu po\u015bcigowym<\/a>&nbsp;&nbsp;SportoweFakty<\/li>\n<li><a href=\"https:\/\/news.google.com\/rss\/articles\/CBMiigFBVV95cUxOS0Flem4yQXFXNDF2dkc4SmFGMkJHdjF6TER0b0JySmRhcTZwWU1SUTUxcEg0R3kyT0t1cHhzNXFnQkZFX0NuUFJ6UW9YVmxxTFJIbndSQWtCZHNxQ212cy0zMlp6aFdxQWIwaWNSYjlISXlxZC02VS02RGM1R2F5OWxaTVBGVTRiaEE?oc=5\" target=\"_blank\" rel=\"nofollow noopener\">P\u015a. Jakie\u0142a i \u017buk z awansem do po\u015bcigu w Oberhofie<\/a>&nbsp;&nbsp;Polski Zwi\u0105zek Biathlonu<\/li>\n<\/ol>\n","protected":false},"excerpt":{"rendered":"P\u015a w biathlonie: Polka z du\u017c\u0105 strat\u0105 do liderki w Oberhofie&nbsp;&nbsp;Przegl\u0105d Sportowy Onet Biathlon \u2013 Puchar \u015awiata, Oberhof:&hellip;\n","protected":false},"author":2,"featured_media":195111,"comment_status":"","ping_status":"","sticky":false,"template":"","format":"standard","meta":{"footnotes":""},"categories":[5],"tags":[5455,32,33,36,37,27,67,37823,32051,34,35,28,31,25,42,38,40,39,41,136,128,47,135,29,30,26,130],"class_list":{"0":"post-195110","1":"post","2":"type-post","3":"status-publish","4":"format-standard","5":"has-post-thumbnail","7":"category-naglowki","8":"tag-biathlon","9":"tag-breaking-news","10":"tag-breakingnews","11":"tag-featured-news","12":"tag-featurednews","13":"tag-headlines","14":"tag-intextvideo_splayer","15":"tag-joanna_jakiela","16":"tag-kamila_zuk","17":"tag-latest-news","18":"tag-latestnews","19":"tag-naglowki","20":"tag-najwazniejsze-artykuly","21":"tag-news","22":"tag-pl","23":"tag-poland","24":"tag-polish","25":"tag-polska","26":"tag-polski","27":"tag-ps_detal_new","28":"tag-psv2","29":"tag-screening_general","30":"tag-sport_sport","31":"tag-top-stories","32":"tag-topstories","33":"tag-wiadomosci","34":"tag-wiadomosci_sportowe"},"share_on_mastodon":{"url":"https:\/\/pubeurope.com\/@pl\/115863202217074123","error":""},"_links":{"self":[{"href":"https:\/\/www.europesays.com\/pl\/wp-json\/wp\/v2\/posts\/195110","targetHints":{"allow":["GET"]}}],"collection":[{"href":"https:\/\/www.europesays.com\/pl\/wp-json\/wp\/v2\/posts"}],"about":[{"href":"https:\/\/www.europesays.com\/pl\/wp-json\/wp\/v2\/types\/post"}],"author":[{"embeddable":true,"href":"https:\/\/www.europesays.com\/pl\/wp-json\/wp\/v2\/users\/2"}],"replies":[{"embeddable":true,"href":"https:\/\/www.europesays.com\/pl\/wp-json\/wp\/v2\/comments?post=195110"}],"version-history":[{"count":0,"href":"https:\/\/www.europesays.com\/pl\/wp-json\/wp\/v2\/posts\/195110\/revisions"}],"wp:featuredmedia":[{"embeddable":true,"href":"https:\/\/www.europesays.com\/pl\/wp-json\/wp\/v2\/media\/195111"}],"wp:attachment":[{"href":"https:\/\/www.europesays.com\/pl\/wp-json\/wp\/v2\/media?parent=195110"}],"wp:term":[{"taxonomy":"category","embeddable":true,"href":"https:\/\/www.europesays.com\/pl\/wp-json\/wp\/v2\/categories?post=195110"},{"taxonomy":"post_tag","embeddable":true,"href":"https:\/\/www.europesays.com\/pl\/wp-json\/wp\/v2\/tags?post=195110"}],"curies":[{"name":"wp","href":"https:\/\/api.w.org\/{rel}","templated":true}]}}