{"id":195112,"date":"2026-01-09T04:15:07","date_gmt":"2026-01-09T04:15:07","guid":{"rendered":"https:\/\/www.europesays.com\/pl\/195112\/"},"modified":"2026-01-09T04:15:07","modified_gmt":"2026-01-09T04:15:07","slug":"wta-brisbane-aryna-sabalenka-madison-keys-relacja-na-zywo-przeglad-sportowy-onet","status":"publish","type":"post","link":"https:\/\/www.europesays.com\/pl\/195112\/","title":{"rendered":"WTA Brisbane: Aryna Sabalenka &#8211; Madison Keys [RELACJA NA \u017bYWO] &#8211; Przegl\u0105d Sportowy Onet"},"content":{"rendered":"<ol>\n<li><a href=\"https:\/\/news.google.com\/rss\/articles\/CBMirgFBVV95cUxPVDV5WDcxTm1mOUp0T3pCNnl6eFBGaER0RVFjLXZLRldiYmtzUl93Zll4R2lJNFhiTmVRU0M2UjIwVEZnMEJJYTkyS2lxeXRfVDR2NWx5MDdiVGZ5Q1I4eC1oZDZBbFM5bFMzVnc2MUlTT1g4QTVxQjloUWV6Zml4NXVjNlFHbmpWcWk4TkNFRHhhSDFXVGRBZlQxU0FLTWRXZTFRSEZnVlRIdldvbHc?oc=5\" target=\"_blank\" rel=\"nofollow noopener\">WTA Brisbane: Aryna Sabalenka &#8211; Madison Keys [RELACJA NA \u017bYWO]<\/a>&nbsp;&nbsp;Przegl\u0105d Sportowy Onet<\/li>\n<li><a href=\"https:\/\/news.google.com\/rss\/articles\/CBMisgFBVV95cUxNV3J5ZmlhcGhtMmRXYU9OcUxycXhrREl6U1NlME1rOHl1WV8yTlNhNWRET0RneUJ3WktVQ0tIbVhpcE9kMVIxLTRvS0RWeFhGSHRaODJzS3pHZ3NNb1pFRE93WE5Zc05iYWx6bmpySE5Qb2FIR0FVcnpHbnFrdGg1c09mdEJxTzV5cFVaT2wzYktBb3V3djhBMXRnbkNkcVBmSkJGajFCMFltUHhVQktOclJn?oc=5\" target=\"_blank\" rel=\"nofollow noopener\">Obro\u0144czyni tytu\u0142u AO pokaza\u0142a, w jakiej jest formie. Trzygodzinny horror Tenis<\/a>&nbsp;&nbsp;Sport.pl<\/li>\n<li><a href=\"https:\/\/news.google.com\/rss\/articles\/CBMiowFBVV95cUxQQVZ5a1hMU0ZCNFlqUEtPSDQtNlpKU09oZlFZZUpHdmVNdGhNOS03Rzd0bjh6TUpLYVNYdmg2MEwxWnJxWGlYMGMtd2tFNVZQZF90a0hSbjdGN2NEN1VyYmxRSktuX1JKeGtXUWtZeTV6aFJpMkNhRWFkMURENksyVEhMZVMzQzJocmlWYUlZVEhxWEtnVjg4Mkd4RmdIYnBnem1R?oc=5\" target=\"_blank\" rel=\"nofollow noopener\">Faworytki zda\u0142y wymagaj\u0105ce testy. Pogromczyni Fr\u0119ch za burt\u0105<\/a>&nbsp;&nbsp;SportoweFakty<\/li>\n<li><a href=\"https:\/\/news.google.com\/rss\/articles\/CBMirAFBVV95cUxOSzhsUHJoZDlvX0pTNWNvMG1nanJWUXBYTWpMTVlQLXFDWUZnTG5rR21nQVdka3ZHeEJRVUx0Q21weXJScndIZ1Z1V3U1ZVAxV0swX2NDRXFqSThTeDVaazN0UjlxaF8xMFRrVEdGNmtsTnUyb0xsWWdOdEU0cWgwa2MwbFNmZWd3bjBGZmw3dFNSWU5mWXhBX044WkxjQ0JnWURWcGppNDluWGdo?oc=5\" target=\"_blank\" rel=\"nofollow noopener\">Aryna Sabalenka musia\u0142a czeka\u0107 kilka godzin. Trzy tie-breaki w Brisbane<\/a>&nbsp;&nbsp;Sport w INTERIA.PL<\/li>\n<li><a href=\"https:\/\/news.google.com\/rss\/articles\/CBMizwFBVV95cUxOMWlrc0RKa0w3M0R1SXRYYnJqNHdtUUtLT092MUE1NlFJZGJ4eFI0WGdDZVdfZGJIOUktcWZBMnB0eVUzd0FJWHZJSUE2Z2c5VnJnLThYOTNiUXQ0dm5EVi1oYTVHcVl2RnFSR1Z0eng5TXZKYW85RzdkaWdZZFgyWUdYamNDLVUwd2NvQnZBTDhzMDhTbFVnRTNtQ250MDN3dndkOUJHLXE2NDNGOTdvalUzdmZiUHd5dXNfbjZ5NEhFRVBhUnpMQTE5Ry1XN0k?oc=5\" target=\"_blank\" rel=\"nofollow noopener\">Niesamowity mecz! Ponad 3 godziny na korcie. Aryna Sabalenka zna ju\u017c rywalk\u0119<\/a>&nbsp;&nbsp;MSN<\/li>\n<\/ol>\n","protected":false},"excerpt":{"rendered":"WTA Brisbane: Aryna Sabalenka &#8211; Madison Keys [RELACJA NA \u017bYWO]&nbsp;&nbsp;Przegl\u0105d Sportowy Onet Obro\u0144czyni tytu\u0142u AO pokaza\u0142a, w jakiej&hellip;\n","protected":false},"author":2,"featured_media":195113,"comment_status":"","ping_status":"","sticky":false,"template":"","format":"standard","meta":{"footnotes":""},"categories":[24],"tags":[1352,188,13838,186,42,38,40,39,41,136,128,47,127,135,126,156,130],"class_list":{"0":"post-195112","1":"post","2":"type-post","3":"status-publish","4":"format-standard","5":"has-post-thumbnail","7":"category-sport","8":"tag-aryna_sabalenka","9":"tag-liveblog","10":"tag-madison_keys","11":"tag-na_zywo","12":"tag-pl","13":"tag-poland","14":"tag-polish","15":"tag-polska","16":"tag-polski","17":"tag-ps_detal_new","18":"tag-psv2","19":"tag-screening_general","20":"tag-sport","21":"tag-sport_sport","22":"tag-sports","23":"tag-tenis","24":"tag-wiadomosci_sportowe"},"share_on_mastodon":{"url":"https:\/\/pubeurope.com\/@pl\/115863206151973101","error":""},"_links":{"self":[{"href":"https:\/\/www.europesays.com\/pl\/wp-json\/wp\/v2\/posts\/195112","targetHints":{"allow":["GET"]}}],"collection":[{"href":"https:\/\/www.europesays.com\/pl\/wp-json\/wp\/v2\/posts"}],"about":[{"href":"https:\/\/www.europesays.com\/pl\/wp-json\/wp\/v2\/types\/post"}],"author":[{"embeddable":true,"href":"https:\/\/www.europesays.com\/pl\/wp-json\/wp\/v2\/users\/2"}],"replies":[{"embeddable":true,"href":"https:\/\/www.europesays.com\/pl\/wp-json\/wp\/v2\/comments?post=195112"}],"version-history":[{"count":0,"href":"https:\/\/www.europesays.com\/pl\/wp-json\/wp\/v2\/posts\/195112\/revisions"}],"wp:featuredmedia":[{"embeddable":true,"href":"https:\/\/www.europesays.com\/pl\/wp-json\/wp\/v2\/media\/195113"}],"wp:attachment":[{"href":"https:\/\/www.europesays.com\/pl\/wp-json\/wp\/v2\/media?parent=195112"}],"wp:term":[{"taxonomy":"category","embeddable":true,"href":"https:\/\/www.europesays.com\/pl\/wp-json\/wp\/v2\/categories?post=195112"},{"taxonomy":"post_tag","embeddable":true,"href":"https:\/\/www.europesays.com\/pl\/wp-json\/wp\/v2\/tags?post=195112"}],"curies":[{"name":"wp","href":"https:\/\/api.w.org\/{rel}","templated":true}]}}