{"id":195114,"date":"2026-01-09T04:19:15","date_gmt":"2026-01-09T04:19:15","guid":{"rendered":"https:\/\/www.europesays.com\/pl\/195114\/"},"modified":"2026-01-09T04:19:15","modified_gmt":"2026-01-09T04:19:15","slug":"minus-415-stopnia-w-finlandii-mrozy-generuja-najwyzszy-w-historii-pobor-energii","status":"publish","type":"post","link":"https:\/\/www.europesays.com\/pl\/195114\/","title":{"rendered":"Minus 41,5 stopnia w Finlandii. Mrozy generuj\u0105 najwy\u017cszy w historii pob\u00f3r energii"},"content":{"rendered":"<p>2026-01-08 10:05, akt.2026-01-08 10:13<\/p>\n<p>publikacja<br \/>2026-01-08 10:05<\/p>\n<p>aktualizacja<br \/>2026-01-08 10:13<\/p>\n<p>Podziel si\u0119<\/p>\n<p>W miejscowo\u015bci Savukoski we wschodniej Laponii, niedaleko granicy Finlandii z Rosj\u0105, zanotowano w czwartek najni\u017csz\u0105 dotychczas tej zimy temperatur\u0119 &#8211; minus 41,5 stopnia C. Z powodu niskich temperatur w ca\u0142ym kraju zu\u017cycie energii elektrycznej osi\u0105gn\u0119\u0142o najwy\u017cszy poziom w historii &#8211; poda\u0142 fi\u0144ski operator Fingrid.<\/p>\n<p><img decoding=\"async\" class=\"o-graphics-multiobject__inner-blurry-picture-img\" src=\"https:\/\/www.europesays.com\/pl\/wp-content\/uploads\/2026\/01\/0af2d94bab3267-948-568-2-12-992-595.jpg\" width=\"948\" height=\"568\" alt=\"Minus 41,5 stopnia w Finlandii. Mrozy generuj\u0105 najwy\u017cszy w historii pob\u00f3r energii\" loading=\"lazy\"\/><img decoding=\"async\" class=\"o-graphics-multiobject__item webfeedsFeaturedVisual\" src=\"https:\/\/www.europesays.com\/pl\/wp-content\/uploads\/2026\/01\/0af2d94bab3267-948-568-2-12-992-595.jpg\" width=\"948\" height=\"568\" alt=\"Minus 41,5 stopnia w Finlandii. Mrozy generuj\u0105 najwy\u017cszy w historii pob\u00f3r energii\" loading=\"lazy\"\/>fot. Olha Volynska \/ \/\u00a0Shutterstock<\/p>\n<p>Temperatura spad\u0142a w Finlandii poni\u017cej 40 stopni mrozu po raz pierwszy tej zimy.<\/p>\n<blockquote>\n<p>Tak niskie odczyty na p\u00f3\u0142nocnych szeroko\u015bciach geograficznych nie s\u0105 rzadkim zjawiskiem, ale przy wysokim ci\u015bnieniu s\u0142o\u0144ce, kt\u00f3re pi\u0119knie \u015bwieci, jest tylko ozdob\u0105 dnia, a nie naturaln\u0105 grza\u0142k\u0105 \u2013 skomentowa\u0142 dy\u017curny meteorolog Fi\u0144skiego Instytutu Meteorologicznego, Juha Jantunen.<\/p>\n<\/blockquote>\n<p>Bardzo niskie temperatury utrzymuj\u0105 si\u0119 na terenie ca\u0142ej Finlandii od pocz\u0105tku 2026 roku i ju\u017c wcze\u015bniej w styczniu rejestrowano poni\u017cej minus 35 stopni. W czwartek na po\u0142udniowo-zachodnim wybrze\u017cu w okolicach Turku i Pori jest oko\u0142o minus 10 stopni, w okolicach Helsinek i Tampere oko\u0142o minus 15, w Karelii na wschodzie oko\u0142o minus 25. Najcieplej jest na Wyspach Alandzkich \u2013 oko\u0142o zera.<\/p>\n<p>Wed\u0142ug operatora sieci przesy\u0142owych Fingrid z powodu mroz\u00f3w zu\u017cycie energii elektrycznej w Finlandii osi\u0105gn\u0119\u0142o najwy\u017cszy poziom w historii. System elektroenergetyczny dzia\u0142a jednak normalnie i nie ma zagro\u017cenia dla dostaw \u2013 przekazano w komunikacie. (PAP)<\/p>\n<p>pmo\/ ap\/<\/p>\n<p>Podziel si\u0119<\/p>\n<p>Tematy<\/p>\n","protected":false},"excerpt":{"rendered":"2026-01-08 10:05, akt.2026-01-08 10:13 publikacja2026-01-08 10:05 aktualizacja2026-01-08 10:13 Podziel si\u0119 W miejscowo\u015bci Savukoski we wschodniej Laponii, niedaleko granicy&hellip;\n","protected":false},"author":2,"featured_media":195115,"comment_status":"","ping_status":"","sticky":false,"template":"","format":"standard","meta":{"footnotes":""},"categories":[14],"tags":[32,33,27,34,35,28,31,25,40,41,80,29,30,26,82,83,84],"class_list":{"0":"post-195114","1":"post","2":"type-post","3":"status-publish","4":"format-standard","5":"has-post-thumbnail","7":"category-swiat","8":"tag-breaking-news","9":"tag-breakingnews","10":"tag-headlines","11":"tag-latest-news","12":"tag-latestnews","13":"tag-naglowki","14":"tag-najwazniejsze-artykuly","15":"tag-news","16":"tag-polish","17":"tag-polski","18":"tag-swiat","19":"tag-top-stories","20":"tag-topstories","21":"tag-wiadomosci","22":"tag-world","23":"tag-world-news","24":"tag-worldnews"},"share_on_mastodon":{"url":"https:\/\/pubeurope.com\/@pl\/115863221890729925","error":""},"_links":{"self":[{"href":"https:\/\/www.europesays.com\/pl\/wp-json\/wp\/v2\/posts\/195114","targetHints":{"allow":["GET"]}}],"collection":[{"href":"https:\/\/www.europesays.com\/pl\/wp-json\/wp\/v2\/posts"}],"about":[{"href":"https:\/\/www.europesays.com\/pl\/wp-json\/wp\/v2\/types\/post"}],"author":[{"embeddable":true,"href":"https:\/\/www.europesays.com\/pl\/wp-json\/wp\/v2\/users\/2"}],"replies":[{"embeddable":true,"href":"https:\/\/www.europesays.com\/pl\/wp-json\/wp\/v2\/comments?post=195114"}],"version-history":[{"count":0,"href":"https:\/\/www.europesays.com\/pl\/wp-json\/wp\/v2\/posts\/195114\/revisions"}],"wp:featuredmedia":[{"embeddable":true,"href":"https:\/\/www.europesays.com\/pl\/wp-json\/wp\/v2\/media\/195115"}],"wp:attachment":[{"href":"https:\/\/www.europesays.com\/pl\/wp-json\/wp\/v2\/media?parent=195114"}],"wp:term":[{"taxonomy":"category","embeddable":true,"href":"https:\/\/www.europesays.com\/pl\/wp-json\/wp\/v2\/categories?post=195114"},{"taxonomy":"post_tag","embeddable":true,"href":"https:\/\/www.europesays.com\/pl\/wp-json\/wp\/v2\/tags?post=195114"}],"curies":[{"name":"wp","href":"https:\/\/api.w.org\/{rel}","templated":true}]}}