{"id":195120,"date":"2026-01-09T04:34:09","date_gmt":"2026-01-09T04:34:09","guid":{"rendered":"https:\/\/www.europesays.com\/pl\/195120\/"},"modified":"2026-01-09T04:34:09","modified_gmt":"2026-01-09T04:34:09","slug":"rzad-podwyzszy-stawki-vat-tak-na-dwie-kategorie-napojow","status":"publish","type":"post","link":"https:\/\/www.europesays.com\/pl\/195120\/","title":{"rendered":"Rz\u0105d podwy\u017cszy stawki VAT? Tak, na dwie kategorie napoj\u00f3w"},"content":{"rendered":"<p class=\"Paragraph_desktopParagraph__U31Gm\">Na pocz\u0105tku grudnia 2025 r. na stronie Rz\u0105dowego Centrum Legislacji opublikowano projekt nowelizacji ustawy o podatku VAT. Zaproponowano w nim podwy\u017cszenie stawki tego podatku na napoje energetyzuj\u0105ce oraz bezalkoholowe odpowiedniki napoj\u00f3w alkoholowych.<\/p>\n<p class=\"Paragraph_desktopParagraph__U31Gm\">Projekt zak\u0142ada podwy\u017cszenie stawki VAT z 5 proc. do 23 proc. (w obrocie handlowym) oraz z 8 proc. do 23 proc. (w ramach us\u0142ug gastronomicznych) wy\u0142\u0105cznie na wymienione kategorie napoj\u00f3w. 23 proc. to podstawowa stawka VAT \u2014 obecnie te produkty s\u0105 obj\u0119te obni\u017conymi stawkami.<\/p>\n<ul class=\"OchatFollowUps_wrapper__1ry7X\">\n<li class=\"OchatFollowUps_item__Dhyly OchatFollowUps_itemDesktop__R6aBv\">Jakie kategorie napoj\u00f3w obejmie podwy\u017cka VAT?<\/li>\n<li class=\"OchatFollowUps_item__Dhyly OchatFollowUps_itemDesktop__R6aBv\">Jakie stawki VAT b\u0119d\u0105 obowi\u0105zywa\u0107 po podwy\u017cce?<\/li>\n<li class=\"OchatFollowUps_item__Dhyly OchatFollowUps_itemDesktop__R6aBv\">Kiedy planowane jest zwi\u0119kszenie stawek VAT?<\/li>\n<li class=\"OchatFollowUps_item__Dhyly OchatFollowUps_itemDesktop__R6aBv\">Dlaczego stawki VAT dla napoj\u00f3w zosta\u0142y podwy\u017cszone?<\/li>\n<\/ul>\n<p class=\"Paragraph_desktopParagraph__U31Gm\">Micha\u0142 Wo\u015b pomin\u0105\u0142 wa\u017cny kontekst \u2014 nie poinformowa\u0142, \u017ce planuje si\u0119 podwy\u017cszenie stawki VAT jedynie na okre\u015blone rodzaje napoj\u00f3w. Z tego wzgl\u0119du <a rel=\"nofollow noopener\" href=\"https:\/\/demagog.org.pl\/wypowiedzi\/rzad-podwyzszy-stawki-vat-tak-na-dwie-kategorie-napojow\/\" id=\"909eccce-5f4c-4021-b292-0f2561e8b842\" target=\"_blank\">Demagog<\/a> ocenia t\u0119 wypowied\u017a jako manipulacj\u0119.<\/p>\n<p>Micha\u0142 Wo\u015b ostrzega: rz\u0105d zdecydowa\u0142 <\/p>\n<p class=\"Paragraph_desktopParagraph__U31Gm\">27 grudnia 2025 r. Micha\u0142 Wo\u015b, pose\u0142 Prawa i Sprawiedliwo\u015bci, opublikowa\u0142 na Facebooku wpis, w kt\u00f3rym ostrzeg\u0142 przed wzrostem stawek podatku VAT. &#8222;Rz\u0105d zdecydowa\u0142&#8221; \u2014 napisa\u0142 i zapowiedzia\u0142, \u017ce stawki wzrosn\u0105 z 5 do 23 proc. \u2014 w sprzeda\u017cy detalicznej oraz z 8 do 23 proc. \u2014 w us\u0142ugach gastronomicznych.<\/p>\n<p><img decoding=\"async\" class=\"Image_image__0tuHp Image_autoHeight__f2n87 \" height=\"587\" width=\"560\" src=\"https:\/\/www.europesays.com\/pl\/wp-content\/uploads\/2026\/01\/4e8k9kpTURBXy85YTI0MDg5Mjk0NDk1MmUzZWNkOWI3ODY3MGQ3MDUwNy5wbmeSlQLNA6wAwsOVAgDNAkvCw94AA6EwAaExAaEzw.jpeg\" alt=\"Fot. Facebook \/ Modyfikacje: Demagog\" loading=\"lazy\" \/>Partner demagog.org.pl<\/p>\n<p>Fot. Facebook \/ Modyfikacje: Demagog<\/p>\n<p class=\"Paragraph_desktopParagraph__U31Gm\">Cz\u0119\u015b\u0107 komentuj\u0105cych ten post uwierzy\u0142a w doniesienia polityka. Jeden z u\u017cytkownik\u00f3w serwisu napisa\u0142 [pisownia oryginalna]: &#8222;Nie jestem zaskoczony Jak tak dalej p\u00f3jdzie dobijemy do 27 proc. [\u2026]&#8221;. Inny skomentowa\u0142 [pisownia oryginalna]: &#8222;Ale dobrze, \u017ce bran\u017ca beauty z 23 do 8. Manicure prawem nie towarem. Chleb towarem nie prawem&#8221;. Kolejny czytelnik stwierdzi\u0142 [pisownia oryginalna]: &#8222;Pizza tak smakowa\u0142a, \u017ce nie mog\u0105 nad\u0105\u017cy\u0107, wi\u0119c musi i\u015b\u0107 VAT w g\u00f3r\u0119 dla tych co g\u0142osowali za nimi&#8221;. Zesp\u00f3\u0142 Stowarzyszenia Demagog przyjrza\u0142 si\u0119 wi\u0119c propozycji rz\u0105du.<\/p>\n<p>Rz\u0105d musi ograniczy\u0107 deficyt \u2014 wymaga tego prawo UE <\/p>\n<p class=\"Paragraph_desktopParagraph__U31Gm\">W pa\u017adzierniku 2025 roku rz\u0105d przyj\u0105\u0142 informacj\u0119 o dzia\u0142aniach podj\u0119tych w ramach unijnej procedury nadmiernego deficytu. Przypomnijmy, \u017ce Polska jest ni\u0105 obj\u0119ta od lipca 2024 roku w zwi\u0105zku z wysokim deficytem bud\u017cetowym za wcze\u015bniejszy rok.<\/p>\n<p class=\"Paragraph_desktopParagraph__U31Gm\">W efekcie Rada Ministr\u00f3w jest zobligowana do przedstawiania co p\u00f3\u0142 roku informacji o post\u0119pach we wdra\u017caniu zalece\u0144 Rady Unii Europejskiej, kt\u00f3re maj\u0105 na celu przywr\u00f3cenie dyscypliny bud\u017cetowej.<\/p>\n<p class=\"Paragraph_desktopParagraph__U31Gm\">We wspomnianym komunikacie z pa\u017adziernika, poza informacj\u0105 na temat dzia\u0142a\u0144 przewidzianych w projekcie bud\u017cetu na 2026 rok, wskazano r\u00f3wnie\u017c aktywno\u015bci, kt\u00f3re w tym projekcie si\u0119 nie znalaz\u0142y, a mog\u0105 mie\u0107 pozytywny wp\u0142yw na bud\u017cet.<\/p>\n<p class=\"Paragraph_desktopParagraph__U31Gm\">Wymieniono w\u015br\u00f3d nich m.in. podwy\u017cszenie stawki VAT do 23 proc. na okre\u015blone napoje, kt\u00f3rych minimum 20 proc. sk\u0142adu stanowi sok owocowy, warzywny lub ich mieszanka \u2014 bezalkoholowe odpowiedniki napoj\u00f3w alkoholowych oraz napoje energetyzuj\u0105ce.<\/p>\n<p>Podwy\u017cka tylko dla dw\u00f3ch kategorii napoj\u00f3w <\/p>\n<p class=\"Paragraph_desktopParagraph__U31Gm\">Na pocz\u0105tku grudnia projekt nowelizacji ustawy o podatku VAT zawieraj\u0105cy t\u0119 propozycj\u0119 zosta\u0142 opublikowany w Rz\u0105dowym Centrum Legislacji. Zak\u0142ada on podwy\u017cszenie stawki VAT z 5 proc. do 23 proc. (w obrocie handlowym) oraz z 8 proc. do 23 proc. (w ramach us\u0142ug gastronomicznych) wy\u0142\u0105cznie na wymienione wy\u017cej kategorie napoj\u00f3w. 23 proc. to podstawowa stawka VAT.<\/p>\n<p class=\"Paragraph_desktopParagraph__U31Gm\">W uzasadnieniu projektu podkre\u015blono, \u017ce ze wzgl\u0119du na obecno\u015b\u0107 soku w sk\u0142adzie te produkty s\u0105 obecnie opodatkowane obni\u017con\u0105 stawk\u0105 VAT. Jej celem by\u0142o preferencyjne opodatkowanie napoj\u00f3w zawieraj\u0105cych owoce lub warzywa w por\u00f3wnaniu do napoj\u00f3w maj\u0105cych w sk\u0142adzie g\u0142\u00f3wnie cukier czy sztuczne barwniki.<\/p>\n<p class=\"Paragraph_desktopParagraph__U31Gm\">Polityk pomin\u0105\u0142 jednak ten kontekst i nie poinformowa\u0142, \u017ce plan podwy\u017cszenia stawki VAT dotyczy jedynie okre\u015blonych napoj\u00f3w. Wspomniane wy\u017cej komentarze \u015bwiadcz\u0105 o tym, \u017ce Micha\u0142 Wo\u015b m\u00f3g\u0142 w ten spos\u00f3b zmyli\u0107 cz\u0119\u015b\u0107 odbiorc\u00f3w w kwestii tego, jakie produkty obejmuje podwy\u017cka.<\/p>\n<p>Nie ma uzasadnienia dla ulgowego opodatkowania <\/p>\n<p class=\"Paragraph_desktopParagraph__U31Gm\">W uzasadnieniu nowelizacji odniesiono si\u0119 r\u00f3wnie\u017c do kategorii napoj\u00f3w, kt\u00f3re korzystaj\u0105 z ni\u017cszego opodatkowania, a \u2014 wed\u0142ug ministra finans\u00f3w i gospodarki \u2014 nie powinny. Wskazano \u2014 na podstawie przeprowadzonych analiz \u2014 \u017ce nie ma \u017cadnego powodu, aby korzysta\u0142y one z ulgowej stawki podatku VAT.<\/p>\n<p class=\"Paragraph_desktopParagraph__U31Gm\">W\u015br\u00f3d argument\u00f3w na poparcie tego stanowiska wymieniono &#8222;wysokie koszty spo\u0142eczno-ekonomiczne&#8221; spo\u017cywania napoj\u00f3w energetycznych, takie jak ich wp\u0142yw na samopoczucie i zdrowie m\u0142odych ludzi.<\/p>\n<p class=\"Paragraph_desktopParagraph__U31Gm\">Zauwa\u017cono, \u017ce pozosta\u0142e napoje bezalkoholowe zawieraj\u0105ce mniej ni\u017c 20 proc. soku z owoc\u00f3w czy warzyw s\u0105 obj\u0119te podstawow\u0105 stawk\u0105 podatku. Podkre\u015blono, \u017ce proponowane rozwi\u0105zanie ujednolici opodatkowanie VAT tej kategorii napoj\u00f3w.<\/p>\n<p class=\"Paragraph_desktopParagraph__U31Gm\">[REKLAMA] Stowarzyszenie Demagog od lat odr\u00f3\u017cnia fa\u0142sz od prawdy. Pom\u00f3\u017c robi\u0107 to dalej: wesprzyj <a rel=\"nofollow noopener\" href=\"https:\/\/patronite.pl\/demagog\" id=\"f1c01936-7708-4e11-8c06-b5804f5323b2\" target=\"_blank\">Demagoga na Patronite<\/a>!<\/p>\n","protected":false},"excerpt":{"rendered":"Na pocz\u0105tku grudnia 2025 r. na stronie Rz\u0105dowego Centrum Legislacji opublikowano projekt nowelizacji ustawy o podatku VAT. Zaproponowano&hellip;\n","protected":false},"author":2,"featured_media":195121,"comment_status":"","ping_status":"","sticky":false,"template":"","format":"standard","meta":{"footnotes":""},"categories":[12],"tags":[32,33,10777,105,36,37,27,6821,34,35,28,31,53,25,52,68,51,55,42,38,40,39,41,47,29,30,50,26],"class_list":{"0":"post-195120","1":"post","2":"type-post","3":"status-publish","4":"format-standard","5":"has-post-thumbnail","7":"category-polska","8":"tag-breaking-news","9":"tag-breakingnews","10":"tag-demagog","11":"tag-ekonomia","12":"tag-featured-news","13":"tag-featurednews","14":"tag-headlines","15":"tag-job","16":"tag-latest-news","17":"tag-latestnews","18":"tag-naglowki","19":"tag-najwazniejsze-artykuly","20":"tag-new_header","21":"tag-news","22":"tag-onet3","23":"tag-onet3d","24":"tag-onet3d_2i","25":"tag-phx","26":"tag-pl","27":"tag-poland","28":"tag-polish","29":"tag-polska","30":"tag-polski","31":"tag-screening_general","32":"tag-top-stories","33":"tag-topstories","34":"tag-v2021","35":"tag-wiadomosci"},"share_on_mastodon":{"url":"https:\/\/pubeurope.com\/@pl\/115863280901226979","error":""},"_links":{"self":[{"href":"https:\/\/www.europesays.com\/pl\/wp-json\/wp\/v2\/posts\/195120","targetHints":{"allow":["GET"]}}],"collection":[{"href":"https:\/\/www.europesays.com\/pl\/wp-json\/wp\/v2\/posts"}],"about":[{"href":"https:\/\/www.europesays.com\/pl\/wp-json\/wp\/v2\/types\/post"}],"author":[{"embeddable":true,"href":"https:\/\/www.europesays.com\/pl\/wp-json\/wp\/v2\/users\/2"}],"replies":[{"embeddable":true,"href":"https:\/\/www.europesays.com\/pl\/wp-json\/wp\/v2\/comments?post=195120"}],"version-history":[{"count":0,"href":"https:\/\/www.europesays.com\/pl\/wp-json\/wp\/v2\/posts\/195120\/revisions"}],"wp:featuredmedia":[{"embeddable":true,"href":"https:\/\/www.europesays.com\/pl\/wp-json\/wp\/v2\/media\/195121"}],"wp:attachment":[{"href":"https:\/\/www.europesays.com\/pl\/wp-json\/wp\/v2\/media?parent=195120"}],"wp:term":[{"taxonomy":"category","embeddable":true,"href":"https:\/\/www.europesays.com\/pl\/wp-json\/wp\/v2\/categories?post=195120"},{"taxonomy":"post_tag","embeddable":true,"href":"https:\/\/www.europesays.com\/pl\/wp-json\/wp\/v2\/tags?post=195120"}],"curies":[{"name":"wp","href":"https:\/\/api.w.org\/{rel}","templated":true}]}}