{"id":195139,"date":"2026-01-09T05:04:09","date_gmt":"2026-01-09T05:04:09","guid":{"rendered":"https:\/\/www.europesays.com\/pl\/195139\/"},"modified":"2026-01-09T05:04:09","modified_gmt":"2026-01-09T05:04:09","slug":"oto-kogo-szuka-legia-warszawa-wielki-problem-gwiazdora-przeglad-sportowy-onet","status":"publish","type":"post","link":"https:\/\/www.europesays.com\/pl\/195139\/","title":{"rendered":"Oto kogo szuka Legia Warszawa! Wielki problem gwiazdora &#8211; Przegl\u0105d Sportowy Onet"},"content":{"rendered":"<ol>\n<li><a href=\"https:\/\/news.google.com\/rss\/articles\/CBMiqwFBVV95cUxNWmJUdWV1b3VkQ3d5RzZrTl9QVzVYNGUxa0xhVXZVSmlBS1kzOGVrVkhjWi1pR3RTTFNTTmZTX2NGMVJaMThtYU9vX2hpT1JVWlRqZ3NZbmZ2N0JTcUlLdTFscTNIdDFXRUlETmlVR21aNGRnT0dZMUY3M0gzM0tUZy1NV28zRWxSdkE4andwVC04aTI1eXdfM0ZJNVJ5cG9jZ2lMTjBSdE1xRVE?oc=5\" target=\"_blank\" rel=\"nofollow noopener\">Oto kogo szuka Legia Warszawa! Wielki problem gwiazdora<\/a>&nbsp;&nbsp;Przegl\u0105d Sportowy Onet<\/li>\n<li><a href=\"https:\/\/news.google.com\/rss\/articles\/CBMiogFBVV95cUxPYjg0ejJJbVF6TzZfUHBUd0xXY0x4U2t1RmZjSGVRaGxzNU1VS1BtdTV0cTh0em56bW1NZnhsanEwU1BsbkItalNPNTdOSTFXZC1yQUlzVkl4am5fcmRMemxROEFuSHFQdzFNSGFNOE0xOWIyOEpId1Q4MFpNSllLdzFXbjZDcUFaZURSTzhINXN4MGpodG5qUy1BMXNzeExGbmc?oc=5\" target=\"_blank\" rel=\"nofollow noopener\">To koniec? Media: Papszun zdecydowa\u0142 ws. gwiazdy Legii<\/a>&nbsp;&nbsp;Sport.pl<\/li>\n<li><a href=\"https:\/\/news.google.com\/rss\/articles\/CBMitAFBVV95cUxOdWRYTWpjaXY2b2NiMHU4MTNTczJ4eWlrdmhKWHphcS1GREJkTmtFSDk5MXFEejBKdzhER3FDODIyMmlLMkZ2YW5LV1A3MjRXOHRPMDZlZjUydVBHRGswRmZnSmx4RFVqQ1h1al9MaFZNUlRCbWZCWGp2Z3lvQnF1LWpBbUZaVS03ZGk0R0ZjOVFaY1pZQ3duNlloak1POFVqTXl1TkJqZkNwb3c4d085eVhUa3g?oc=5\" target=\"_blank\" rel=\"nofollow noopener\">Media: Reprezentant Polski zmieni klub. Zapad\u0142a decyzja, wok\u00f3\u0142 pi\u0142karza zawrza\u0142o<\/a>&nbsp;&nbsp;Sport w INTERIA.PL<\/li>\n<li><a href=\"https:\/\/news.google.com\/rss\/articles\/CBMimAFBVV95cUxOYjZqUFQtYjJjemFlQng5MUF2Z3VYeF8yZjljdnJXSlNwUWlJTHRRUlU1UVhUU2lFYTlRTllCVzRkRXRkaEh2QUh1R3l3Y1QyakFHa1ZtanRoUGU3MzJmdEtzVzRDX3ZDZjVCSV9qT1ZWaXBnVkpxWlBLMHlYOVYyQ2tuWmFCNE1LYVlxZTBLYkprNlBGZER0WdIBngFBVV95cUxQN25SRldvTUJ5b2p4QWJlM0l6WmlNcVU3ZENwcjNZaHR6N18xM1RpaEhoSlhPdnZDekEwUEV1U2pHSEpGWTRWSkRVR0JiNFZtVWp5amFiLXNkcnAwU181NW5fWTlSOHdteXpSQnRybkNLdGFIN0dIWG92WVczMUhMQUROUEVkNGtuYXU0a2dfWFJjbmZwQkp3LU42REw5dw?oc=5\" target=\"_blank\" rel=\"nofollow noopener\">Bart\u0142omiej Dr\u0105gowski dosta\u0142 zgod\u0119 na transfer od Panathinaikosu<\/a>&nbsp;&nbsp;sport.tvp.pl<\/li>\n<li><a href=\"https:\/\/news.google.com\/rss\/articles\/CBMi0gFBVV95cUxPazg3ZmpyRWIyLTZPZXI2ckh2R0RGbnF3SWdWR0FFaDlmOWhLTk5xZ01pcFVpZGN0ajkzbUlQV2xFbHNGV3NnT0NMTVdzX2Q0V2RmRDA4TzZkeF9mWXpKUVpBaTQ4emp2RGFBTnJMMGl3SnhGZnozV0w1SEdSVmVfZDIwTlVqVTl1UDE4R0w1cHM5d0x1Si1wM2t3U3FidmxPdDJ0Sk9qLVVicGI0TXhySUJ0TzVtSHkwekxLN25rVE9oVEgzMkR0c2otNmFza1RPbXc?oc=5\" target=\"_blank\" rel=\"nofollow noopener\">Legia z mocnym stanowiskiem ws. Tobiasza! Nowy bramkarz nadci\u0105ga na \u0141azienkowsk\u0105 [NASZ NEWS]<\/a>&nbsp;&nbsp;Meczyki.pl<\/li>\n<\/ol>\n","protected":false},"excerpt":{"rendered":"Oto kogo szuka Legia Warszawa! Wielki problem gwiazdora&nbsp;&nbsp;Przegl\u0105d Sportowy Onet To koniec? Media: Papszun zdecydowa\u0142 ws. gwiazdy Legii&nbsp;&nbsp;Sport.pl&hellip;\n","protected":false},"author":2,"featured_media":195140,"comment_status":"","ping_status":"","sticky":false,"template":"","format":"standard","meta":{"footnotes":""},"categories":[24],"tags":[67,8839,2563,746,948,42,38,40,39,41,136,128,47,127,135,126,130],"class_list":{"0":"post-195139","1":"post","2":"type-post","3":"status-publish","4":"format-standard","5":"has-post-thumbnail","7":"category-sport","8":"tag-intextvideo_splayer","9":"tag-kacper_tobiasz","10":"tag-legia_warszawa","11":"tag-lysy","12":"tag-pilka_nozna","13":"tag-pl","14":"tag-poland","15":"tag-polish","16":"tag-polska","17":"tag-polski","18":"tag-ps_detal_new","19":"tag-psv2","20":"tag-screening_general","21":"tag-sport","22":"tag-sport_sport","23":"tag-sports","24":"tag-wiadomosci_sportowe"},"share_on_mastodon":{"url":"https:\/\/pubeurope.com\/@pl\/115863398818987917","error":""},"_links":{"self":[{"href":"https:\/\/www.europesays.com\/pl\/wp-json\/wp\/v2\/posts\/195139","targetHints":{"allow":["GET"]}}],"collection":[{"href":"https:\/\/www.europesays.com\/pl\/wp-json\/wp\/v2\/posts"}],"about":[{"href":"https:\/\/www.europesays.com\/pl\/wp-json\/wp\/v2\/types\/post"}],"author":[{"embeddable":true,"href":"https:\/\/www.europesays.com\/pl\/wp-json\/wp\/v2\/users\/2"}],"replies":[{"embeddable":true,"href":"https:\/\/www.europesays.com\/pl\/wp-json\/wp\/v2\/comments?post=195139"}],"version-history":[{"count":0,"href":"https:\/\/www.europesays.com\/pl\/wp-json\/wp\/v2\/posts\/195139\/revisions"}],"wp:featuredmedia":[{"embeddable":true,"href":"https:\/\/www.europesays.com\/pl\/wp-json\/wp\/v2\/media\/195140"}],"wp:attachment":[{"href":"https:\/\/www.europesays.com\/pl\/wp-json\/wp\/v2\/media?parent=195139"}],"wp:term":[{"taxonomy":"category","embeddable":true,"href":"https:\/\/www.europesays.com\/pl\/wp-json\/wp\/v2\/categories?post=195139"},{"taxonomy":"post_tag","embeddable":true,"href":"https:\/\/www.europesays.com\/pl\/wp-json\/wp\/v2\/tags?post=195139"}],"curies":[{"name":"wp","href":"https:\/\/api.w.org\/{rel}","templated":true}]}}