{"id":195143,"date":"2026-01-09T05:11:18","date_gmt":"2026-01-09T05:11:18","guid":{"rendered":"https:\/\/www.europesays.com\/pl\/195143\/"},"modified":"2026-01-09T05:11:18","modified_gmt":"2026-01-09T05:11:18","slug":"skoki-narciarskie-druga-edycja-red-bull-skoki-w-punkt-znamy-liste-uczestnikow","status":"publish","type":"post","link":"https:\/\/www.europesays.com\/pl\/195143\/","title":{"rendered":"Skoki narciarskie. Druga edycja Red Bull Skoki w Punkt \u2013 znamy list\u0119 uczestnik\u00f3w!"},"content":{"rendered":"<p>Ju\u017c 1 kwietnia na Wielkiej Krokwi zobaczymy czo\u0142owych skoczk\u00f3w narciarskich \u015bwiata i legendarnych kapitan\u00f3w, kt\u00f3rzy zmierz\u0105 si\u0119 w drugiej edycji Red Bull Skoki w Punkt. Na li\u015bcie zawodnik\u00f3w znale\u017ali si\u0119 m.in. aktualni liderzy Pucharu \u015awiata Domen Prevc i Ryoyu Kobayashi oraz reprezentanci Polski na czele z Kacprem Tomasiakiem. Szczeg\u00f3\u0142owe informacje oraz bilety dost\u0119pne s\u0105 na stronie redbull.pl\/skoki.<\/p>\n<p>                            <a class=\"fancybox\" href=\"https:\/\/www.skijumping.pl\/content\/images\/news\/powieksz\/skokiwpunkt_2025-12-04_12-29-32.jpg\" data-fancybox=\"gallery37874\" data-caption=\"Red Bull Skoki w Punkt 2026, fot. Red Bull\" rel=\"nofollow noopener\" target=\"_blank\"><img decoding=\"async\" class=\"img-responsive lazyload\" src=\"https:\/\/www.europesays.com\/pl\/wp-content\/uploads\/2025\/12\/280x190_q80_skokiwpunkt_2025-12-04_12-29-32.jpg\" alt=\"Red Bull Skoki w Punkt 2026\" title=\"Red Bull Skoki w Punkt 2026\"\/><\/a>Red Bull Skoki w Punkt 2026<a class=\"fancybox\" href=\"https:\/\/www.skijumping.pl\/content\/images\/news\/powieksz\/redbull_2026-01-08_12-33-41.jpg\" data-fancybox=\"gallery37874\" data-caption=\"Uczestnicy Red Bull Skoki w Punkt 2026, fot. Red Bull\" rel=\"nofollow noopener\" target=\"_blank\"><img decoding=\"async\" class=\"img-responsive lazyload\" src=\"https:\/\/www.europesays.com\/pl\/wp-content\/uploads\/2026\/01\/280x190_q80_redbull_2026-01-08_12-33-41.jpg\" alt=\"Uczestnicy Red Bull Skoki w Punkt 2026\" title=\"Uczestnicy Red Bull Skoki w Punkt 2026\"\/><\/a>Uczestnicy Red Bull Skoki w Punkt 2026<\/p>\n<p>fot. Red Bull<\/p>\n<p>Druga edycja jedynego na \u015bwiecie dru\u017cynowego konkursu skok\u00f3w do celu wraca do Zakopanego. Znamy ju\u017c list\u0119 zawodnik\u00f3w, kt\u00f3rzy wezm\u0105 udzia\u0142 w Red Bull Skoki w Punkt 2026. Domen Prevc, Ryoyu Kobayashi, Anze Lanisek a do tego Kacper Tomasiak, Piotr \u017by\u0142a czy Dawid Kubacki. Te nazwiska z pewno\u015bci\u0105 przykuwaj\u0105 uwag\u0119.<\/p>\n<p>Kibic\u00f3w czeka nie lada gratka, bo do Zakopanego przyjedzie ca\u0142a plejada gwiazd, a dru\u017cyny poprowadzi pi\u0119ciu legendarnych kapitan\u00f3w: Adam Ma\u0142ysz, Martin Schmitt, Thomas Morgenstern, Andreas Goldberger oraz debiutuj\u0105cy w tej roli s\u0142ynny Fin Janne Ahonen.<\/p>\n<p>\u2013 Mam przeczucie, \u017ce to b\u0119dzie co\u015b ca\u0142kowicie szalonego! Podoba mi si\u0119 format zawod\u00f3w Red\u00a0Bull Skoki w Punkt i taki spos\u00f3b rozgrywania konkurs\u00f3w. Mam nadziej\u0119, \u017ce kibice dopisz\u0105 i naprawd\u0119 pod Wielk\u0105 Krokiew przyjd\u0105 t\u0142umy \u2013 m\u00f3wi\u0142 Ahonen, kt\u00f3ry jako jedyny w historii pi\u0119ciokrotnie wygra\u0142 Turniej Czterech Skoczni.<\/p>\n<p>W Zakopanem zaprezentuje si\u0119 dw\u00f3ch aktualnych mistrz\u00f3w olimpijskich (Ryoyu Kobayashi i Marius Lindvik), mistrz\u00f3w \u015bwiata (Domen Prevc i Marius Lindvik), rekordzista \u015bwiata (Marius Lindvik), autor najd\u0142u\u017cszego lotu w dziejach na 291 metr\u00f3w (Ryoyu Kobayashi) i wielu zawodnik\u00f3w, kt\u00f3rzy od lat nale\u017c\u0105 do czo\u0142\u00f3wki Pucharu \u015awiata jak Karl Geiger, Timi Zajc czy Anze Lanisek.<\/p>\n<p>W Red Bull Skoki w Punkt wezm\u0105 r\u00f3wnie\u017c udzia\u0142 czo\u0142owi reprezentanci Polski, dwukrotny mistrz \u015bwiata Piotr \u017by\u0142a, mistrz \u015bwiata i zwyci\u0119zca Turnieju Czterech Skoczni Dawid Kubacki, dru\u017cynowy mistrz \u015bwiata Maciej Kot oraz najlepszy z bia\u0142o-czerwonych w obecnej edycji Pucharu \u015awiata Kacper Tomasiak.<\/p>\n<p>Zawodnicy z listy startowej zostali podzieleni na cztery koszyki, a losowanie zespo\u0142\u00f3w odb\u0119dzie si\u0119 na pocz\u0105tku marca. Zwyci\u0119\u017cy dru\u017cyna, kt\u00f3ra pod wodz\u0105 kapitana legendy b\u0119dzie po o\u015bmiu skokach jak najbli\u017cej \u0142\u0105cznej odleg\u0142o\u015bci 1000 metr\u00f3w.<\/p>\n<p>Druga edycja Red Bull Skoki w Punkt zostanie rozegrana w \u015brod\u0119 1 kwietnia i ponownie zwie\u0144czy sezon. Zawodnicy przyjad\u0105 do Zakopanego tu\u017c po zako\u0144czeniu Pucharu \u015awiata w Planicy i jest prawdopodobne, \u017ce w Zakopanem zobaczymy zdobywc\u0119 Kryszta\u0142owej Kuli.<\/p>\n<p>Na kibic\u00f3w czeka mn\u00f3stwo atrakcji, a podziwianie czo\u0142owych skoczk\u00f3w \u015bwiata lataj\u0105cych do celu to nie wszystko. Po zako\u0144czeniu zawod\u00f3w b\u0119dzie mo\u017cna spotka\u0107 si\u0119 z kapitanami oraz zawodnikami, zdoby\u0107 autograf czy zrobi\u0107 sobie zdj\u0119cie z jednym z idoli. Wydarzenie wspieraj\u0105: Volkswagen Samochody Dostawcze, Garmin, Varta oraz Orlen.<\/p>\n<p>Lista uczestnik\u00f3w 2. edycji Red Bull Skoki w Punkt<\/p>\n<p>Koszyk 1<\/p>\n<ul>&#13;<\/p>\n<li>Gregor Deschwanden (Szwajcaria)<\/li>\n<p>&#13;<\/p>\n<li>Ryoyu Kobayashi (Japonia)<\/li>\n<p>&#13;<\/p>\n<li>Anze Lanisek (S\u0142owenia)<\/li>\n<p>&#13;<\/p>\n<li>Domen Prevc (S\u0142owenia)<\/li>\n<p>&#13;<\/p>\n<li>Kacper Tomasiak (Polska)<\/li>\n<p>&#13;\n<\/ul>\n<p>Koszyk 2<\/p>\n<ul>&#13;<\/p>\n<li>Maciej Kot (Polska)<\/li>\n<p>&#13;<\/p>\n<li>Dawid Kubacki (Polska)<\/li>\n<p>&#13;<\/p>\n<li>Pawe\u0142 W\u0105sek (Polska)<\/li>\n<p>&#13;<\/p>\n<li>Aleksander Zniszczo\u0142 (Polska)<\/li>\n<p>&#13;<\/p>\n<li>Piotr \u017by\u0142a (Polska)<\/li>\n<p>&#13;\n<\/ul>\n<p>Koszyk 3<\/p>\n<ul>&#13;<\/p>\n<li>Valentin Foubert (Francja)<\/li>\n<p>&#13;<\/p>\n<li>Marius Lindvik (Norwegia)<\/li>\n<p>&#13;<\/p>\n<li>Kristoffer Eriksen Sundal (Norwegia)<\/li>\n<p>&#13;<\/p>\n<li>Timi Zajc (S\u0142owenia)<\/li>\n<p>&#13;<\/p>\n<li>W\u0142adimir Zografski (Bu\u0142garia)<\/li>\n<p>&#13;\n<\/ul>\n<p>Koszyk 4<\/p>\n<ul>&#13;<\/p>\n<li>Tate Frantz (USA)<\/li>\n<p>&#13;<\/p>\n<li>Karl Geiger (Niemcy)<\/li>\n<p>&#13;<\/p>\n<li>Alex Insam (W\u0142ochy)<\/li>\n<p>&#13;<\/p>\n<li>Jewehen Marusiak (Ukraina)<\/li>\n<p>&#13;<\/p>\n<li>Andreas Wellinger (Niemcy)<\/li>\n<p>&#13;\n<\/ul>\n<p>Kapitanowie: <\/p>\n<ul>&#13;<\/p>\n<li>Janne Ahonen (Finlandia)<\/li>\n<p>&#13;<\/p>\n<li>Andreas Goldberger (Austria)<\/li>\n<p>&#13;<\/p>\n<li>Adam Ma\u0142ysz (Polska)<\/li>\n<p>&#13;<\/p>\n<li>Thomas Morgenstern (Austria)<\/li>\n<p>&#13;<\/p>\n<li>Martin Schmitt (Niemcy)<\/li>\n<p>&#13;\n<\/ul>\n<p>* losowanie dru\u017cyn odb\u0119dzie si\u0119 na pocz\u0105tku marca 2026<\/p>\n<p>Harmonogram imprezy 1 kwietnia 2026 w Zakopanem:<\/p>\n<ul>&#13;<\/p>\n<li>15:00 Otwarcie bram<\/li>\n<p>&#13;<\/p>\n<li>16:45 Start pierwszej serii<\/li>\n<p>&#13;<\/p>\n<li>Po zako\u0144czeniu zawod\u00f3w sesja autografowa oraz spotkania z zawodnikami i kapitanami<\/li>\n<p>&#13;\n<\/ul>\n<p>Szczeg\u00f3\u0142y na <a href=\"https:\/\/www.redbull.com\/pl-pl\/events\/red-bull-skoki-w-punkt\" rel=\"nofollow noopener\" target=\"_blank\">redbull.pl\/skoki<\/a><\/p>\n","protected":false},"excerpt":{"rendered":"Ju\u017c 1 kwietnia na Wielkiej Krokwi zobaczymy czo\u0142owych skoczk\u00f3w narciarskich \u015bwiata i legendarnych kapitan\u00f3w, kt\u00f3rzy zmierz\u0105 si\u0119 w&hellip;\n","protected":false},"author":2,"featured_media":132502,"comment_status":"","ping_status":"","sticky":false,"template":"","format":"standard","meta":{"footnotes":""},"categories":[24],"tags":[1574,1546,1557,1558,1561,1573,1571,1563,291,1553,1564,1549,1551,1543,1550,1562,1547,1565,1540,1568,1544,42,38,40,39,41,1554,1359,1567,1560,1559,1566,1556,1569,1539,1538,1555,127,126,1552,1541,1548,1542,1570,1572,645,1545],"class_list":{"0":"post-195143","1":"post","2":"type-post","3":"status-publish","4":"format-standard","5":"has-post-thumbnail","7":"category-sport","8":"tag-4skocznie","9":"tag-adam","10":"tag-adam-malysz","11":"tag-adammalysz","12":"tag-coc","13":"tag-czteryskocznie","14":"tag-fis","15":"tag-fis-cup","16":"tag-historia","17":"tag-horngacher","18":"tag-io","19":"tag-kobayashi","20":"tag-kraft","21":"tag-kuba","22":"tag-kubacki","23":"tag-lotos-cup","24":"tag-malysz","25":"tag-ms","26":"tag-narciarskie","27":"tag-narty","28":"tag-piotrek","29":"tag-pl","30":"tag-poland","31":"tag-polish","32":"tag-polska","33":"tag-polski","34":"tag-polskie","35":"tag-ranking","36":"tag-ski-jumping","37":"tag-skijump","38":"tag-skijumping","39":"tag-skoczkowie","40":"tag-skocznia","41":"tag-skocznie","42":"tag-skoki","43":"tag-skoki-narciarskie","44":"tag-skokinarciarskie","45":"tag-sport","46":"tag-sports","47":"tag-stefan","48":"tag-stoch","49":"tag-wellinger","50":"tag-wolny","51":"tag-zakopane","52":"tag-zawody","53":"tag-zdjecia","54":"tag-zyla"},"share_on_mastodon":{"url":"","error":"Validation failed: Text character limit of 500 exceeded"},"_links":{"self":[{"href":"https:\/\/www.europesays.com\/pl\/wp-json\/wp\/v2\/posts\/195143","targetHints":{"allow":["GET"]}}],"collection":[{"href":"https:\/\/www.europesays.com\/pl\/wp-json\/wp\/v2\/posts"}],"about":[{"href":"https:\/\/www.europesays.com\/pl\/wp-json\/wp\/v2\/types\/post"}],"author":[{"embeddable":true,"href":"https:\/\/www.europesays.com\/pl\/wp-json\/wp\/v2\/users\/2"}],"replies":[{"embeddable":true,"href":"https:\/\/www.europesays.com\/pl\/wp-json\/wp\/v2\/comments?post=195143"}],"version-history":[{"count":0,"href":"https:\/\/www.europesays.com\/pl\/wp-json\/wp\/v2\/posts\/195143\/revisions"}],"wp:featuredmedia":[{"embeddable":true,"href":"https:\/\/www.europesays.com\/pl\/wp-json\/wp\/v2\/media\/132502"}],"wp:attachment":[{"href":"https:\/\/www.europesays.com\/pl\/wp-json\/wp\/v2\/media?parent=195143"}],"wp:term":[{"taxonomy":"category","embeddable":true,"href":"https:\/\/www.europesays.com\/pl\/wp-json\/wp\/v2\/categories?post=195143"},{"taxonomy":"post_tag","embeddable":true,"href":"https:\/\/www.europesays.com\/pl\/wp-json\/wp\/v2\/tags?post=195143"}],"curies":[{"name":"wp","href":"https:\/\/api.w.org\/{rel}","templated":true}]}}