{"id":195167,"date":"2026-01-09T05:57:10","date_gmt":"2026-01-09T05:57:10","guid":{"rendered":"https:\/\/www.europesays.com\/pl\/195167\/"},"modified":"2026-01-09T05:57:10","modified_gmt":"2026-01-09T05:57:10","slug":"korea-polnocna-kim-dzong-un-napisal-list-do-putina-zapewnil-o-wsparciu","status":"publish","type":"post","link":"https:\/\/www.europesays.com\/pl\/195167\/","title":{"rendered":"Korea P\u00f3\u0142nocna. Kim Dzong Un napisa\u0142 list do Putina, zapewni\u0142 o wsparciu"},"content":{"rendered":"<p>W skr\u00f3cie<\/p>\n<ul class=\"typography ids-typeset-body ids-typeset-body--preset-large list ids-list ids-list--unordered ids-list--size-large \" datatype=\"disc\">\n<li class=\"ids-list-item\">\n<p>Kim Dzong Un zadeklarowa\u0142 w li\u015bcie do W\u0142adimira Putina bezwarunkowe i trwa\u0142e wsparcie dla polityki Kremla.<\/p>\n<\/li>\n<li class=\"ids-list-item\">\n<p>List Kima by\u0142 odpowiedzi\u0105 na wcze\u015bniejsze pismo, w kt\u00f3rym Putin dzi\u0119kowa\u0142 Korei P\u00f3\u0142nocnej za wsparcie wojskowe oraz nawi\u0105zywa\u0142 do historycznych wi\u0119zi.<\/p>\n<\/li>\n<li class=\"ids-list-item\">\n<p>Putin w swoim li\u015bcie podkre\u015bli\u0142 wsp\u00f3lne dzia\u0142ania Rosji i Korei P\u00f3\u0142nocnej oraz ich zaanga\u017cowanie w kszta\u0142towanie wielobiegunowego porz\u0105dku \u015bwiata.<\/p>\n<\/li>\n<li class=\"ids-list-item\"><\/li>\n<\/ul>\n<p class=\"typography ids-typeset-body ids-typeset-body--preset-large link paragraph ids-paragraph ids-paragraph--default\">&#8222;B\u0119d\u0119 bezwarunkowo szanowa\u0142 i bezwarunkowo wspiera\u0142 ca\u0142\u0105 wasz\u0105 polityk\u0119 i decyzje i jestem got\u00f3w zawsze by\u0107 z wami dla waszego dobra i dla waszej Rosji&#8221; &#8211; napisa\u0142 Kim w li\u015bcie do Putina, cytowanym przez KCNA.<\/p>\n<p class=\"typography ids-typeset-body ids-typeset-body--preset-large link paragraph ids-paragraph ids-paragraph--default\">&#8222;Ten wyb\u00f3r b\u0119dzie sta\u0142y i trwa\u0142y&#8221; &#8211; doda\u0142 p\u00f3\u0142nocnokorea\u0144ski dyktator.<\/p>\n<p>W\u0142adimir Putin podzi\u0119kowa\u0142 Korei P\u00f3\u0142nocnej za wsparcie wojskowe<\/p>\n<p class=\"typography ids-typeset-body ids-typeset-body--preset-large link paragraph ids-paragraph ids-paragraph--default\">P\u00f3\u0142nocnokorea\u0144ska agencja poinformowa\u0142a, \u017ce list Kima by\u0142 odpowiedzi\u0105 na pismo wys\u0142ane wcze\u015bniej przez Putina.<\/p>\n<p class=\"typography ids-typeset-body ids-typeset-body--preset-large link paragraph ids-paragraph ids-paragraph--default\">Jak stwierdzi\u0142 przyw\u00f3dca <a href=\"https:\/\/wydarzenia.interia.pl\/tematy-kreml,gsbi,4409\" rel=\"nofollow noopener\" target=\"_blank\">Kremla<\/a> w grudniowym li\u015bcie wys\u0142anym do dyktatora Korei P\u00f3\u0142nocnej, &#8222;wi\u0119zi bojowej przyja\u017ani, dobrej woli i wzajemnej pomocy, kt\u00f3re ugruntowa\u0142y si\u0119 w czasach dawnej wojny, pozostaj\u0105 silne i niezawodne nawet dzisiaj&#8221;.<\/p>\n<p class=\"typography ids-typeset-body ids-typeset-body--preset-large link paragraph ids-paragraph ids-paragraph--default\">Rosjanin nawi\u0105za\u0142 w ten spos\u00f3b do rocznicy wyzwolenia Korei spod japo\u0144skiej okupacji. Opr\u00f3cz tego Putin pozwoli\u0142 sobie na komentarz w sprawie wojny w <a href=\"https:\/\/wydarzenia.interia.pl\/tematy-ukraina,gsbi,3144\" rel=\"nofollow noopener\" target=\"_blank\">Ukrainie<\/a>.<\/p>\n<p>Putin wspomnia\u0142 o &#8222;wyzwalaniu obwodu kurskiego&#8221; przez \u017co\u0142nierzy z Korei P\u00f3\u0142nocnej<\/p>\n<p class=\"typography ids-typeset-body ids-typeset-body--preset-large link paragraph ids-paragraph ids-paragraph--default\">&#8222;Zosta\u0142o to (wi\u0119\u017a pomi\u0119dzy Rosj\u0105 a KRLD &#8211; red.) w pe\u0142ni udowodnione przez bohaterski udzia\u0142 \u017co\u0142nierzy KRLD w wyzwoleniu terytorium obwodu kurskiego z r\u0105k ukrai\u0144skich okupant\u00f3w&#8221; &#8211; napisa\u0142 <a href=\"https:\/\/wydarzenia.interia.pl\/tematy-wladimir-putin,gsbi,9\" rel=\"nofollow noopener\" target=\"_blank\">W\u0142adimir Putin<\/a> w li\u015bcie.<\/p>\n<p class=\"typography ids-typeset-body ids-typeset-body--preset-large link paragraph ids-paragraph ids-paragraph--default\">Dyktator zaznaczy\u0142 przy tym, \u017ce &#8222;Rosjanie na zawsze zachowaj\u0105 pami\u0119\u0107 o ich odwadze i po\u015bwi\u0119ceniu&#8221;.<\/p>\n<p class=\"typography ids-typeset-body ids-typeset-body--preset-large link paragraph ids-paragraph ids-paragraph--default\">W dalszej cz\u0119\u015bci listu Putin zadeklarowa\u0142, \u017ce <a href=\"https:\/\/wydarzenia.interia.pl\/tematy-rosja,gsbi,3125\" rel=\"nofollow noopener\" target=\"_blank\">Rosja<\/a> i <a href=\"https:\/\/wydarzenia.interia.pl\/tematy-korea-polnocna,gsbi,4314\" rel=\"nofollow noopener\" target=\"_blank\">Korea P\u00f3\u0142nocna<\/a> nadal &#8222;b\u0119d\u0105 dzia\u0142a\u0107 wsp\u00f3lnie, skutecznie broni\u0107 swojej suwerenno\u015bci oraz wnosi\u0107 znacz\u0105cy wk\u0142ad w ustanowienie sprawiedliwego wielobiegunowego porz\u0105dku \u015bwiata&#8221;.<\/p>\n<p>Koniec z kar\u0105 wi\u0119zienia za obraz\u0119 uczu\u0107 religijnych? \u017burek: Rozpoczynamy dyskusj\u0119Polsat NewsPolsat News<\/p>\n<p><a class=\"ids-undecorated-link source ids-page-info--source__link\" href=\"https:\/\/www.interia.pl\" rel=\"nofollow noopener\" target=\"_blank\"><img decoding=\"async\" class=\"ids-image-holder__img\" loading=\"lazy\" alt=\"\" title=\"\" height=\"24px\" src=\"https:\/\/www.europesays.com\/pl\/wp-content\/uploads\/2026\/01\/1767782590_880_0009A60QQ5I2TYF7-C202-F4.webp.webp\"\/><\/a><\/p>\n<p>Masz sugestie, uwagi albo widzisz b\u0142\u0105d? Napisz do nas<\/p>\n","protected":false},"excerpt":{"rendered":"W skr\u00f3cie Kim Dzong Un zadeklarowa\u0142 w li\u015bcie do W\u0142adimira Putina bezwarunkowe i trwa\u0142e wsparcie dla polityki Kremla.&hellip;\n","protected":false},"author":2,"featured_media":195168,"comment_status":"","ping_status":"","sticky":false,"template":"","format":"standard","meta":{"footnotes":""},"categories":[14],"tags":[32,33,27,34,35,28,31,25,40,41,80,29,30,26,82,83,84],"class_list":{"0":"post-195167","1":"post","2":"type-post","3":"status-publish","4":"format-standard","5":"has-post-thumbnail","7":"category-swiat","8":"tag-breaking-news","9":"tag-breakingnews","10":"tag-headlines","11":"tag-latest-news","12":"tag-latestnews","13":"tag-naglowki","14":"tag-najwazniejsze-artykuly","15":"tag-news","16":"tag-polish","17":"tag-polski","18":"tag-swiat","19":"tag-top-stories","20":"tag-topstories","21":"tag-wiadomosci","22":"tag-world","23":"tag-world-news","24":"tag-worldnews"},"share_on_mastodon":{"url":"https:\/\/pubeurope.com\/@pl\/115863607241977137","error":""},"_links":{"self":[{"href":"https:\/\/www.europesays.com\/pl\/wp-json\/wp\/v2\/posts\/195167","targetHints":{"allow":["GET"]}}],"collection":[{"href":"https:\/\/www.europesays.com\/pl\/wp-json\/wp\/v2\/posts"}],"about":[{"href":"https:\/\/www.europesays.com\/pl\/wp-json\/wp\/v2\/types\/post"}],"author":[{"embeddable":true,"href":"https:\/\/www.europesays.com\/pl\/wp-json\/wp\/v2\/users\/2"}],"replies":[{"embeddable":true,"href":"https:\/\/www.europesays.com\/pl\/wp-json\/wp\/v2\/comments?post=195167"}],"version-history":[{"count":0,"href":"https:\/\/www.europesays.com\/pl\/wp-json\/wp\/v2\/posts\/195167\/revisions"}],"wp:featuredmedia":[{"embeddable":true,"href":"https:\/\/www.europesays.com\/pl\/wp-json\/wp\/v2\/media\/195168"}],"wp:attachment":[{"href":"https:\/\/www.europesays.com\/pl\/wp-json\/wp\/v2\/media?parent=195167"}],"wp:term":[{"taxonomy":"category","embeddable":true,"href":"https:\/\/www.europesays.com\/pl\/wp-json\/wp\/v2\/categories?post=195167"},{"taxonomy":"post_tag","embeddable":true,"href":"https:\/\/www.europesays.com\/pl\/wp-json\/wp\/v2\/tags?post=195167"}],"curies":[{"name":"wp","href":"https:\/\/api.w.org\/{rel}","templated":true}]}}