{"id":195177,"date":"2026-01-09T06:04:05","date_gmt":"2026-01-09T06:04:05","guid":{"rendered":"https:\/\/www.europesays.com\/pl\/195177\/"},"modified":"2026-01-09T06:04:05","modified_gmt":"2026-01-09T06:04:05","slug":"protesty-w-iranie-nie-ustaja-w-ogniu-stanal-budynek-rzadowy-najwazniejsze-informacje","status":"publish","type":"post","link":"https:\/\/www.europesays.com\/pl\/195177\/","title":{"rendered":"Protesty w Iranie nie ustaj\u0105, w ogniu stan\u0105\u0142 budynek rz\u0105dowy [NAJWA\u017bNIEJSZE INFORMACJE]"},"content":{"rendered":"<p> Dlaczego to jest wa\u017cne? <\/p>\n<p class=\"ods-c-paragraph \">Ira\u0144skie protesty rozpocz\u0119\u0142y si\u0119 od strajku zwi\u0105zanego z gwa\u0142townym spadkiem warto\u015bci krajowej waluty i trudn\u0105 sytuacj\u0105 ekonomiczn\u0105, ale szybko nabra\u0142y charakteru politycznego. Pojawi\u0142y si\u0119 has\u0142a wymierzone w rz\u0105d i w\u0142adz\u0119 ajatollah\u00f3w. W ci\u0105gu kilkunastu dni manifestacje obj\u0119\u0142y \u2014 zdaniem opozycyjnego portalu Iran International \u2014 powy\u017cej 200 miast.<\/p>\n<p>  Jak przebiegaj\u0105 protesty? <\/p>\n<p class=\"ods-c-paragraph \">Nagrania pokazuj\u0105 t\u0142umy na ulicach Teheranu, Meszhedu i innych miast. S\u0142ycha\u0107 okrzyki: &#8222;Niech \u017cyje szach&#8221;, &#8222;To ju\u017c ostatnia bitwa!&#8221; oraz &#8222;\u015amier\u0107 dyktatorowi&#8221;. W wielu miejscach dosz\u0142o do star\u0107 ze s\u0142u\u017cbami, kt\u00f3re otwiera\u0142y ogie\u0144 do protestuj\u0105cych. Tak si\u0119 sta\u0142o m.in. w Fardis. Protestuj\u0105cy w nocy podpalili budynek rz\u0105dowy w Teheranie. Wed\u0142ug opublikowanych w czwartek oblicze\u0144 organizacji pozarz\u0105dowej Iran Human Rights z siedzib\u0105 w Norwegii od pocz\u0105tku protest\u00f3w zgin\u0119\u0142o co najmniej 45 manifestant\u00f3w.<\/p>\n<p>      Co powiedzia\u0142 Reza Pahlawi? <\/p>\n<p class=\"ods-c-paragraph \">Reza Pahlawi, syn obalonego w 1979 r. szacha, wezwa\u0142 do kolejnych protest\u00f3w w stolicy. &#8222;Miliony Ira\u0144czyk\u00f3w domaga\u0142o si\u0119 dzi\u015b wolno\u015bci&#8221; \u2014 napisa\u0142 Pahlawi na platformie X. Podzi\u0119kowa\u0142 prezydentowi USA Donaldowi Trumpowi za wsparcie i wezwa\u0142 europejskich przyw\u00f3dc\u00f3w do dzia\u0142ania.<\/p>\n<p class=\"ods-c-paragraph \">Pahlawi \u017cyje na wygnaniu. Nie jest jasne, jak du\u017cy wp\u0142yw ma on na protesty. Ira\u0144ska opozycja za granic\u0105 jest uwa\u017cana za podzielon\u0105 i rozdrobnion\u0105.<\/p>\n<p> Jakie s\u0105 przyczyny protest\u00f3w w Iranie? <\/p>\n<p> Ile miast obj\u0119\u0142y protesty? <\/p>\n<p> Co powiedzia\u0142 Reza Pahlawi? <\/p>\n<p> Jak reaguj\u0105 w\u0142adze Iranu na protesty? <\/p>\n<p>    Jakie jest stanowisko USA? <\/p>\n<p class=\"ods-c-paragraph \">Donald Trump przekaza\u0142 w wywiadzie dla stacji Fox News, \u017ce \u200b\u200bStany Zjednoczone uderz\u0105 w islamski re\u017cim w Iranie, je\u015bli ten nadal b\u0119dzie zabija\u0142 demonstrant\u00f3w. O\u015bwiadczenie to pad\u0142o tu\u017c przed wiadomo\u015bci\u0105, \u017ce si\u0142y bezpiecze\u0144stwa re\u017cimu zastrzeli\u0142y dziesi\u0105tki demonstrant\u00f3w w Fardis.<\/p>\n<p>      Jak reaguj\u0105 w\u0142adze Iranu? <\/p>\n<p class=\"ods-c-paragraph \">Ira\u0144skie media pa\u0144stwowe umniejszaj\u0105 skali protest\u00f3w, a w\u0142adza blokuje internet. W tym czasie organizacje praw cz\u0142owieka informuj\u0105 o dziesi\u0105tkach zabitych i tysi\u0105cach aresztowanych. Prezydent Iranu apeluje o uspokojenie nastroj\u00f3w, jednak bezskutecznie.<\/p>\n<p class=\"ods-c-paragraph \">CZYTAJ TE\u017b:<\/p>\n<p class=\"ods-c-paragraph \"><a href=\"https:\/\/www.onet.pl\/informacje\/onetwiadomosci\/krwawe-starcia-w-iranie-policja-otworzyla-ogien\/5gy675c,79cfc278\" id=\"5d8c59ce-7b2c-453b-a946-ea57484212bb\" rel=\"nofollow noopener\" target=\"_blank\">Krwawe starcia w Iranie. Policja otworzy\u0142a ogie\u0144<\/a><\/p>\n<p class=\"ods-c-paragraph \"><a href=\"https:\/\/wiadomosci.onet.pl\/swiat\/iran-zalewa-fala-protestow-demonstranci-opanowali-dwa-miasta-rezim-traci-kontrole\/zntkg3m\" id=\"5a12e501-e60b-4987-b164-9cc17425ff0a\" rel=\"nofollow noopener\" target=\"_blank\">Iran zalewa fala protest\u00f3w. Demonstranci opanowali dwa miasta. Re\u017cim traci kontrol\u0119<\/a><\/p>\n<p class=\"ods-c-paragraph \"><a href=\"https:\/\/www.onet.pl\/informacje\/onetwiadomosci\/eskalacja-protestow-w-iranie-amerykanie-przerzucaja-sily-do-pobliskich-baz\/t4pmz8t,79cfc278\" id=\"ad9cda4a-1ee5-4db1-a85d-c5db81c7174a\" rel=\"nofollow noopener\" target=\"_blank\">Eskalacja protest\u00f3w w Iranie. Amerykanie przerzucaj\u0105 si\u0142y do pobliskich baz<\/a><\/p>\n","protected":false},"excerpt":{"rendered":"Dlaczego to jest wa\u017cne? Ira\u0144skie protesty rozpocz\u0119\u0142y si\u0119 od strajku zwi\u0105zanego z gwa\u0142townym spadkiem warto\u015bci krajowej waluty i&hellip;\n","protected":false},"author":2,"featured_media":195178,"comment_status":"","ping_status":"","sticky":false,"template":"","format":"standard","meta":{"footnotes":""},"categories":[14],"tags":[32,33,27,663,34,35,28,31,48,25,46,69,40,41,47,80,29,30,70,26,82,83,84],"class_list":{"0":"post-195177","1":"post","2":"type-post","3":"status-publish","4":"format-standard","5":"has-post-thumbnail","7":"category-swiat","8":"tag-breaking-news","9":"tag-breakingnews","10":"tag-headlines","11":"tag-iran","12":"tag-latest-news","13":"tag-latestnews","14":"tag-naglowki","15":"tag-najwazniejsze-artykuly","16":"tag-nat_styl","17":"tag-news","18":"tag-omp","19":"tag-podsumowanie_nocy","20":"tag-polish","21":"tag-polski","22":"tag-screening_general","23":"tag-swiat","24":"tag-top-stories","25":"tag-topstories","26":"tag-w_skrocie","27":"tag-wiadomosci","28":"tag-world","29":"tag-world-news","30":"tag-worldnews"},"share_on_mastodon":{"url":"https:\/\/pubeurope.com\/@pl\/115863634846000325","error":""},"_links":{"self":[{"href":"https:\/\/www.europesays.com\/pl\/wp-json\/wp\/v2\/posts\/195177","targetHints":{"allow":["GET"]}}],"collection":[{"href":"https:\/\/www.europesays.com\/pl\/wp-json\/wp\/v2\/posts"}],"about":[{"href":"https:\/\/www.europesays.com\/pl\/wp-json\/wp\/v2\/types\/post"}],"author":[{"embeddable":true,"href":"https:\/\/www.europesays.com\/pl\/wp-json\/wp\/v2\/users\/2"}],"replies":[{"embeddable":true,"href":"https:\/\/www.europesays.com\/pl\/wp-json\/wp\/v2\/comments?post=195177"}],"version-history":[{"count":0,"href":"https:\/\/www.europesays.com\/pl\/wp-json\/wp\/v2\/posts\/195177\/revisions"}],"wp:featuredmedia":[{"embeddable":true,"href":"https:\/\/www.europesays.com\/pl\/wp-json\/wp\/v2\/media\/195178"}],"wp:attachment":[{"href":"https:\/\/www.europesays.com\/pl\/wp-json\/wp\/v2\/media?parent=195177"}],"wp:term":[{"taxonomy":"category","embeddable":true,"href":"https:\/\/www.europesays.com\/pl\/wp-json\/wp\/v2\/categories?post=195177"},{"taxonomy":"post_tag","embeddable":true,"href":"https:\/\/www.europesays.com\/pl\/wp-json\/wp\/v2\/tags?post=195177"}],"curies":[{"name":"wp","href":"https:\/\/api.w.org\/{rel}","templated":true}]}}