{"id":195184,"date":"2026-01-09T06:08:11","date_gmt":"2026-01-09T06:08:11","guid":{"rendered":"https:\/\/www.europesays.com\/pl\/195184\/"},"modified":"2026-01-09T06:08:11","modified_gmt":"2026-01-09T06:08:11","slug":"bogdan-trojanek-o-kulturze-romow-wspomnial-o-hejcie-w-przestrzeni-publicznej","status":"publish","type":"post","link":"https:\/\/www.europesays.com\/pl\/195184\/","title":{"rendered":"Bogdan Trojanek o kulturze Rom\u00f3w. Wspomnia\u0142 o hejcie w przestrzeni publicznej"},"content":{"rendered":"<p class=\"ods-c-paragraph \">Pod koniec grudnia Bogdan Trojanek zaskoczy\u0142 wszystkich, ujawniaj\u0105c, \u017ce jego wnuk, Giovanni Trojanek, oraz <a href=\"https:\/\/plejada.pl\/temat\/viki-gabor\/fy04ed0\" id=\"00db7cf0-76dd-4f55-bf3d-370c66d351e5\" rel=\"nofollow noopener\" target=\"_blank\">Viki Gabor <\/a>s\u0105 ju\u017c po \u015blubie \u2014 zgodnie z romskim zwyczajem. Cho\u0107 pocz\u0105tkowo wielu odbiorc\u00f3w potraktowa\u0142o te s\u0142owa jako \u017cart, sama artystka potwierdzi\u0142a, \u017ce jest szcz\u0119\u015bliwa i rzeczywi\u015bcie zawar\u0142a zwi\u0105zek wed\u0142ug tradycji romskiej. Decyzja m\u0142odej piosenkarki wywo\u0142a\u0142a fal\u0119 komentarzy, a cz\u0119\u015b\u0107 fan\u00f3w nie kry\u0142a sceptycyzmu wobec jej relacji z Giovannim Trojankiem. Para zapowiedzia\u0142a tak\u017ce, \u017ce zamierza wkr\u00f3tce sformalizowa\u0107 sw\u00f3j zwi\u0105zek zgodnie z polskim prawem.<\/p>\n<p>Dalszy ci\u0105g artyku\u0142u pod materia\u0142em wideo<\/p>\n<p> Kto wzi\u0105\u0142 \u015blub z Viki Gabor? <\/p>\n<p> Jakie s\u0105 tradycje romskie dotycz\u0105ce ma\u0142\u017ce\u0144stw? <\/p>\n<p> Jak d\u0142ugo trwaj\u0105 romskie wesela? <\/p>\n<p> Co Bogdan Trojanek m\u00f3wi o hejcie wobec Rom\u00f3w? <\/p>\n<p>  Bogdan Trojanek opowiedzia\u0142 o romskich tradycjach<\/p>\n<p class=\"ods-c-paragraph \">W programie &#8222;Pytanie na \u015bniadanie&#8221; goszcz\u0105cy Bogdan Trojanek, wyja\u015bni\u0142, na czym polegaj\u0105 zwyczaje kultury, kt\u00f3r\u0105 reprezentuje.<\/p>\n<p class=\"ods-c-paragraph \">&#8222;M\u00f3j wnuk Giovanni Trojanek i Viki Gabor, wed\u0142ug prawa romskiego, zwyczajowego, otrzymali b\u0142ogos\u0142awie\u0144stwo od dziadk\u00f3w. I to jest prawo zwyczajowe, kt\u00f3rego nie zapisano, a jednak przestrzega si\u0119 go od 700 lat. Oczywi\u015bcie s\u0105 jeszcze kwestie urz\u0119dowe, ale 700 lat temu nie by\u0142o urz\u0119d\u00f3w stanu cywilnego, a ta tradycja ju\u017c istnia\u0142a. To b\u0142ogos\u0142awie\u0144stwo, wi\u0119c oni wed\u0142ug naszego prawa zwyczajowego s\u0105 m\u0119\u017cem i \u017con\u0105&#8221; \u2014 podkre\u015bli\u0142 Bogdan Trojanek na antenie TVP.<\/p>\n<p class=\"ods-c-paragraph \">W programie Bogdan Trojanek szczeg\u00f3\u0142owo opowiada\u0142 o obrz\u0119dach towarzysz\u0105cych romskim weselom. Jak zaznaczy\u0142, uroczysto\u015bci te potrafi\u0105 trwa\u0107 nawet pi\u0119\u0107 dni.<\/p>\n<blockquote class=\"ods-o-quota\">\n<p class=\"ods-o-quota__paragraph\">Gdyby\u015bmy chcieli was zaprosi\u0107 na wesele moich wnuk\u00f3w, musicie przygotowa\u0107 si\u0119 na to, \u017ce b\u0119dziecie ta\u0144czy\u0107 przez pi\u0119\u0107 dni, pi\u0107 przez pi\u0119\u0107 dni i je\u015b\u0107 przez pi\u0119\u0107 dni<\/p>\n<\/blockquote>\n<p class=\"ods-c-paragraph \">\u2014 \u017cartowa\u0142, podkre\u015blaj\u0105c wyj\u0105tkowo\u015b\u0107 romskiej kultury.<\/p>\n<p class=\"ods-c-paragraph \">Jednocze\u015bnie go\u015b\u0107 programu nie kry\u0142 rozczarowania fal\u0105 hejtu, z jak\u0105 spotyka si\u0119 spo\u0142eczno\u015b\u0107 romska w przestrzeni publicznej. &#8222;Powiem szczerze, \u017ce nie rozumiem, jak w XXI w. hejt mo\u017ce dotyka\u0107 Rom\u00f3w. Przecie\u017c mieszkamy w Polsce. Przyjechali\u015bmy tu 700 lat temu, pokochali\u015bmy Polsk\u0119, kochamy polsk\u0105 ziemi\u0119, a to, \u017ce mamy pi\u0119kn\u0105 tradycj\u0119 i szacunek do rodzic\u00f3w&#8230; Trzeba o tym m\u00f3wi\u0107, bo ten hejt wynika z niewiedzy&#8221; \u2014 t\u0142umaczy\u0142 Bogdan Trojanek.<\/p>\n<p class=\"ods-c-paragraph \">Na zako\u0144czenie rozmowy Bogdan Trojanek skierowa\u0142 apel do widz\u00f3w, prosz\u0105c o wi\u0119ksze zrozumienie i otwarto\u015b\u0107 wobec romskiej tradycji. &#8222;Tradycja jest pi\u0119kna i dlatego tak bardzo zach\u0119cam naszych braci Polak\u00f3w, wi\u0119kszo\u015bciowe spo\u0142ecze\u0144stwo, do wi\u0119kszego zrozumienia dla Rom\u00f3w. Musimy si\u0119 poznawa\u0107, bo ka\u017cdy z nas wymaga szacunku. Chc\u0119 szacunku, mi\u0142o\u015bci, bo t\u0119 mi\u0142o\u015b\u0107 mamy wszyscy w sercu, wystarczy tylko je otworzy\u0107. Zobaczcie, arty\u015bci XXI w., taka Viki Gabor zachowa\u0142a pi\u0119kn\u0105 romsk\u0105 tradycj\u0119. Czy to nie jest pi\u0119kne?&#8221; \u2014 pyta\u0142 Bogdan Trojanek.<\/p>\n<p class=\"ods-c-paragraph \">Dzi\u0119kujemy, \u017ce przeczyta\u0142a\u015b\/e\u015b nasz artyku\u0142 do ko\u0144ca. W serwisie Plejada.pl ka\u017cdego dnia piszemy o najwa\u017cniejszych wydarzeniach show-biznesowych. B\u0105d\u017a na bie\u017c\u0105co! <a rel=\"nofollow noopener\" href=\"https:\/\/news.google.com\/publications\/CAAiEF0PeAlb7W1llpV_mwV2rL4qFAgKIhBdD3gJW-1tZZaVf5sFdqy-?hl=pl&amp;gl=PL&amp;ceid=PL%3Apl\" id=\"020e7382-8e46-4e1b-bfc2-008d32a57001\" target=\"_blank\">Obserwuj<\/a> Plejad\u0119 w Wiadomo\u015bciach Google. Odwied\u017a nas tak\u017ce na <a rel=\"nofollow noopener\" href=\"https:\/\/www.facebook.com\/plejadapl\" id=\"09c73016-27b0-4105-854c-44c7bdabc6d1\" target=\"_blank\">Facebooku<\/a>, <a rel=\"nofollow noopener\" href=\"https:\/\/www.instagram.com\/plejadapl\/\" id=\"9d5e64c3-4058-4f00-907c-c9ec3030950f\" target=\"_blank\">Instagramie<\/a>, <a rel=\"nofollow noopener\" href=\"https:\/\/www.youtube.com\/c\/plejada\" id=\"25bb975d-6492-4f87-ae62-6a65b69850a9\" target=\"_blank\">YouTubie<\/a> oraz <a rel=\"nofollow noopener\" href=\"https:\/\/www.tiktok.com\/@plejada_pl\" id=\"534d1a3b-3c13-49d3-8667-6583eaee5cc5\" target=\"_blank\">TikToku<\/a>.<\/p>\n<p class=\"ods-c-paragraph \">Chcesz podzieli\u0107 si\u0119 ciekawym newsem lub zaproponowa\u0107 temat? Skontaktuj si\u0119 z nami, pisz\u0105c maila na adres: plejada@redakcjaonet.pl.<\/p>\n<p><script async src=\"\/\/www.instagram.com\/embed.js\"><\/script><script async src=\"\/\/www.tiktok.com\/embed.js\"><\/script><\/p>\n","protected":false},"excerpt":{"rendered":"Pod koniec grudnia Bogdan Trojanek zaskoczy\u0142 wszystkich, ujawniaj\u0105c, \u017ce jego wnuk, Giovanni Trojanek, oraz Viki Gabor s\u0105 ju\u017c&hellip;\n","protected":false},"author":2,"featured_media":195185,"comment_status":"","ping_status":"","sticky":false,"template":"","format":"standard","meta":{"footnotes":""},"categories":[22],"tags":[34189,122,48,125,46,42,38,40,39,41,34190,123,47,2027],"class_list":{"0":"post-195184","1":"post","2":"type-post","3":"status-publish","4":"format-standard","5":"has-post-thumbnail","7":"category-rozrywka","8":"tag-bogdan_trojanek","9":"tag-entertainment","10":"tag-nat_styl","11":"tag-newsy","12":"tag-omp","13":"tag-pl","14":"tag-poland","15":"tag-polish","16":"tag-polska","17":"tag-polski","18":"tag-romowie","19":"tag-rozrywka","20":"tag-screening_general","21":"tag-viki_gabor"},"share_on_mastodon":{"url":"https:\/\/pubeurope.com\/@pl\/115863650455625789","error":""},"_links":{"self":[{"href":"https:\/\/www.europesays.com\/pl\/wp-json\/wp\/v2\/posts\/195184","targetHints":{"allow":["GET"]}}],"collection":[{"href":"https:\/\/www.europesays.com\/pl\/wp-json\/wp\/v2\/posts"}],"about":[{"href":"https:\/\/www.europesays.com\/pl\/wp-json\/wp\/v2\/types\/post"}],"author":[{"embeddable":true,"href":"https:\/\/www.europesays.com\/pl\/wp-json\/wp\/v2\/users\/2"}],"replies":[{"embeddable":true,"href":"https:\/\/www.europesays.com\/pl\/wp-json\/wp\/v2\/comments?post=195184"}],"version-history":[{"count":0,"href":"https:\/\/www.europesays.com\/pl\/wp-json\/wp\/v2\/posts\/195184\/revisions"}],"wp:featuredmedia":[{"embeddable":true,"href":"https:\/\/www.europesays.com\/pl\/wp-json\/wp\/v2\/media\/195185"}],"wp:attachment":[{"href":"https:\/\/www.europesays.com\/pl\/wp-json\/wp\/v2\/media?parent=195184"}],"wp:term":[{"taxonomy":"category","embeddable":true,"href":"https:\/\/www.europesays.com\/pl\/wp-json\/wp\/v2\/categories?post=195184"},{"taxonomy":"post_tag","embeddable":true,"href":"https:\/\/www.europesays.com\/pl\/wp-json\/wp\/v2\/tags?post=195184"}],"curies":[{"name":"wp","href":"https:\/\/api.w.org\/{rel}","templated":true}]}}