{"id":195188,"date":"2026-01-09T06:11:11","date_gmt":"2026-01-09T06:11:11","guid":{"rendered":"https:\/\/www.europesays.com\/pl\/195188\/"},"modified":"2026-01-09T06:11:11","modified_gmt":"2026-01-09T06:11:11","slug":"wersal-sie-skonczyl-zaczal-sie-chaos-drapieznik-zdjal-maske","status":"publish","type":"post","link":"https:\/\/www.europesays.com\/pl\/195188\/","title":{"rendered":"Wersal si\u0119 sko\u0144czy\u0142, zacz\u0105\u0142 si\u0119 chaos. Drapie\u017cnik zdj\u0105\u0142 mask\u0119"},"content":{"rendered":"<p>    &#8222;Wyci\u015bniemy z tej ziemi niewyobra\u017calne bogactwo&#8221;<\/p>\n<p class=\"hyphenate \" data-text-len=\"484\" data-scroll=\"paragraph_3\"><a href=\"https:\/\/forsal.pl\/swiat\/usa\/artykuly\/10613136,prokurator-generalna-usa-nicolas-maduro-i-jego-zona-beda-sadzeni-w-nowym-jorku.html\" id=\"42e26e75-8882-47fc-90ee-6e58a42eb2da\" target=\"_blank\" rel=\"nofollow noopener\">Po uj\u0119ciu Nicolasa Maduro przez ameryka\u0144skich komandos\u00f3w<\/a> wenezuelska opozycja liczy\u0142a, \u017ce w kraju nast\u0105pi\u0105 demokratyczne przemiany, o kt\u00f3re od lat zabiegali. Jej liderka, Marina Corina Machado, wyrazi\u0142a gotowo\u015b\u0107 natychmiastowego przej\u0119cia w\u0142adzy.<\/p>\n<p class=\"hyphenate \" data-text-len=\"368\" data-scroll=\"paragraph_4\">Tymczasem <a href=\"https:\/\/forsal.pl\/tagi\/administracja\" id=\"52e76d70-bcf2-4598-abb8-283ca1b154d6\" title=\"administracja\" rel=\"nofollow noopener\" target=\"_blank\">administracja<\/a> Donalda Trumpa pozwoli\u0142a, by w\u0142adz\u0119 w Wenezueli obj\u0119\u0142a zast\u0119pczyni Maduro \u2013 wiceprezydent Delcy Rodriguez. Tak wi\u0119c represyjny re\u017cim utrzyma\u0142 si\u0119 przy w\u0142adzy, opozycjoni\u015bci nadal siedz\u0105 za kratami lub za granic\u0105.<\/p>\n<p class=\"hyphenate \" data-text-len=\"174\" data-scroll=\"paragraph_5\">Ameryka\u0144ski prezydent w og\u00f3le nie ukrywa, \u017ce w ca\u0142ej wenezuelskiej operacji przy\u015bwieca\u0142 mu jeden cel \u2013 zdobycie kontroli nad najbogatszymi na \u015bwiecie rezerwami ropy naftowej.<\/p>\n<p>    &#8222;Robi\u0105 to, co m\u00f3wi\u0105. I nie kieruj\u0105 si\u0119 szlachetnymi pobudkami&#8221;<\/p>\n<p class=\"hyphenate \" data-text-len=\"249\" data-scroll=\"paragraph_7\">Julian Roepcke, dziennikarz \u201eBilda\u201d, napisa\u0142 w czwartek na X, \u017ce sytuacja w Wenezueli pokazuje, i\u017c Europa powinna wreszcie zacz\u0105\u0107 bra\u0107 o\u015bwiadczenia obecnych w\u0142adz w Waszyngtonie powa\u017cnie \u2013 i to nie tylko w odniesieniu do Wenezueli. <\/p>\n<p class=\"hyphenate adSlotSibling\" data-text-len=\"781\" data-async-ad-slot=\"true\" data-scroll=\"paragraph_8\">&#8222;Je\u015bli przeanalizujemy dzia\u0142ania Waszyngtonu, to jedno staje si\u0119 jasne: USA nie s\u0105 zainteresowane wolnymi wyborami o niepewnym wyniku w Wenezueli \u2013 poniewa\u017c mog\u0142oby to ponownie os\u0142abi\u0107 ich kontrol\u0119 nad surowcami naturalnymi tego kraju. Wielu analityk\u00f3w twierdzi\u0142o w ostatnich tygodniach, \u017ce skutkiem ubocznym ameryka\u0144skiej interwencji mog\u0142aby by\u0107 przynajmniej nadzieja na demokratyczne zmiany i wolne <a href=\"https:\/\/forsal.pl\/tagi\/wybory\" id=\"c70ff9ec-66ed-44e0-8e4c-6fa8705024d9\" title=\"wybory\" rel=\"nofollow noopener\" target=\"_blank\">wybory<\/a>. Uwa\u017cam jednak, \u017ce USA b\u0119d\u0105 aktywnie dzia\u0142a\u0107 przeciwko temu \u2013 a raczej zaakceptuj\u0105 w fotelu prezydenckim tylko osob\u0119, kt\u00f3ra oka\u017ce si\u0119 wiarygodnym wasalem zar\u00f3wno przed, jak i po wyborach&#8221; \u2013 czytamy we wpisie dziennikarza.<\/p>\n<p class=\"hyphenate \" data-text-len=\"351\" data-scroll=\"paragraph_9\">I zaznaczy\u0142: &#8222;Musimy zrozumie\u0107, \u017ce administracja Trumpa robi to, co m\u00f3wi, i nie kieruje si\u0119 \u017cadnymi szlachetnymi pobudkami. A to nie wr\u00f3\u017cy niczego dobrego \u2013 ani Grenlandii, ani innym celom imperialistycznych ambicji Waszyngtonu, kt\u00f3re nie maj\u0105 nic wsp\u00f3lnego z 'Zachodem&#8217; rozumianym jako liberalno-demokratyczna wizja \u0142adu \u015bwiatowego&#8221;.<\/p>\n<p>Trwa \u0142adowanie wpisu Twitter<\/p>\n<p>    &#8222;Ostentacyjny cynizm to tarcza Trumpa&#8221;<\/p>\n<p class=\"hyphenate \" data-text-len=\"398\" data-scroll=\"paragraph_12\">Podobne wnioski prezentuje &#8222;The Economist&#8221; w najnowszym komentarzu zatytu\u0142owanym &#8222;Radyklana szczero\u015b\u0107 Donalda Trumpa&#8221;. Brytyjski tygodnik pisze, \u017ce chocia\u017c obecny prezydent USA &#8222;nagminnie k\u0142amie&#8221;, to &#8222;fundamentem jego politycznego magnetyzmu by\u0142a ponura szczero\u015b\u0107&#8221;. Taka jak we wpisie zaraz po uj\u0119ciu Maduro. &#8222;Wyci\u015bniemy z tej ziemi niewyobra\u017calne bogactwo&#8221; \u2013 zadeklarowa\u0142 wprost. <\/p>\n<p class=\"hyphenate \" data-text-len=\"602\" data-scroll=\"paragraph_13\">&#8222;Rozd\u017awi\u0119k mi\u0119dzy g\u0142oszonymi zasadami a czynami <a href=\"https:\/\/forsal.pl\/tagi\/polityka\" id=\"5ca4bb06-8bbd-49d7-860a-152c0481f5b6\" title=\"polityka\" rel=\"nofollow noopener\" target=\"_blank\">polityka<\/a> jest naj\u0142atwiejszym celem dla krytyk\u00f3w. Tymczasem ostentacyjny cynizm Trumpa s\u0142u\u017cy mu jako tarcza. Niekt\u00f3rzy mog\u0105 utyskiwa\u0107, \u017ce prezydent narusza w\u0142asne standardy \u2018America First\u2019, ale w tej kwestii nie jest on hipokryt\u0105. Dla niego to has\u0142o nie oznacza izolacjonizmu. Jest raczej przyzwoleniem na ameryka\u0144skie akty agresji dokonywane w imi\u0119 czystego interesu w\u0142asnego&#8221; \u2013 czytamy w artykule.<\/p>\n<p class=\"hyphenate adSlotSibling\" data-text-len=\"558\" data-async-ad-slot=\"true\" data-scroll=\"paragraph_14\">Wskazano, \u017ce Trump nawet nie udaje, \u017ce jego dzia\u0142ania w Wenezueli s\u0105 motywowane ch\u0119ci\u0105 wprowadzenia tam demokracji. Co te\u017c nie powinno dziwi\u0107, bo wynika wprost ze <a href=\"https:\/\/forsal.pl\/swiat\/usa\/artykuly\/10599660,niewinna-rosja-gnijaca-europa-bialy-dom-publikuje-strategiczny-manif.html\" id=\"898b2f72-40f2-4087-a31e-9d93d2363020\" target=\"_blank\" rel=\"nofollow noopener\">Strategii Bezpiecze\u0144stwa Narodowego<\/a> opublikowanej w grudniu 2025 r., gdzie, jak zaznaczy\u0142 &#8222;The Economist&#8221;, &#8222;promowanie demokracji czy praw cz\u0142owieka nie doczeka\u0142o si\u0119 nawet wzmianki&#8221;. <\/p>\n<p>    &#8222;Ameryka sta\u0142a si\u0119 g\u0142\u00f3wnym drapie\u017cnikiem&#8221;<\/p>\n<p class=\"hyphenate \" data-text-len=\"176\" data-scroll=\"paragraph_16\">Brytyjski tygodnik uwa\u017ca, \u017ce w nadchodz\u0105cych latach wszyscy, \u0142\u0105cznie z samymi Amerykanami, zat\u0119sknimy za dawn\u0105 &#8222;hipokryzj\u0105&#8221; i poszanowaniem zasad w stosunkach mi\u0119dzynarodowych.<\/p>\n<p class=\"hyphenate \" data-text-len=\"558\" data-scroll=\"paragraph_17\">&#8222;Prawo mi\u0119dzynarodowe rzadko opiera\u0142o si\u0119 na przymusie, a cz\u0119\u015bciej na dobrowolnym przestrzeganiu regu\u0142, kt\u00f3rym Ameryka, mimo wszystkich swoich wad, przewodzi\u0142a. Co si\u0119 stanie, gdy wyst\u0119pek nie b\u0119dzie ju\u017c czu\u0142 potrzeby sk\u0142adania ho\u0142du cnocie? Niepokoj\u0105ca jest my\u015bl o tym, jak mog\u0105 zacz\u0105\u0107 zachowywa\u0107 si\u0119 nie tylko Rosja i <a href=\"https:\/\/forsal.pl\/tagi\/chiny\" id=\"9f4a90f3-5b76-464c-b93b-f5eea941b29d\" title=\"Chiny\" rel=\"nofollow noopener\" target=\"_blank\">Chiny<\/a>, ale i mniejsze narody, gdy Ameryka otwarcie i szczerze przyjmuje rol\u0119 g\u0142\u00f3wnego drapie\u017cnika&#8221; \u2013 czytamy w komentarzu.<\/p>\n<p class=\"hyphenate \" data-text-len=\"337\" data-scroll=\"paragraph_18\">Jego autor pisze, \u017ce po Wenezueli nie tylko Kolumbia i Kuba, ale tak\u017ce Meksyk i Dania powinny traktowa\u0107 gro\u017aby Trumpa powa\u017cnie. &#8222;Mo\u017ce nie zawsze u\u017cyje on si\u0142y militarnej, ale wykorzysta ka\u017cdy inny \u015brodek nacisku, jakim dysponuje prezydent USA, nie bacz\u0105c na konsekwencje, kt\u00f3re wyst\u0105pi\u0105 po zako\u0144czeniu jego kadencji&#8221; \u2013 ostrzega tygodnik.<\/p>\n<p class=\"hyphenate \" data-text-len=\"455\" data-scroll=\"paragraph_19\">&#8222;The Economist&#8221; uwa\u017ca, \u017ce Trump myli si\u0119, je\u015bli wierzy, \u017ce ci\u0105g\u0142a projekcja nagiej si\u0142y uczyni Ameryk\u0119 bogatsz\u0105 i bezpieczniejsz\u0105. Zaznacza, \u017ce politycy z USA, kt\u00f3rzy doprowadzili do ustanowienia porz\u0105dku mi\u0119dzynarodowego po II wojnie \u015bwiatowej, nie byli naiwnymi romantykami. &#8222;Wyci\u0105gali lekcje z koszmar\u00f3w, kt\u00f3re kolejnym pokoleniom Amerykan\u00f3w i du\u017cej cz\u0119\u015bci \u015bwiata, prawdopodobnie nie przez przypadek, zosta\u0142y oszcz\u0119dzone&#8221; \u2013 zaznaczyli.<\/p>\n","protected":false},"excerpt":{"rendered":"&#8222;Wyci\u015bniemy z tej ziemi niewyobra\u017calne bogactwo&#8221; Po uj\u0119ciu Nicolasa Maduro przez ameryka\u0144skich komandos\u00f3w wenezuelska opozycja liczy\u0142a, \u017ce w&hellip;\n","protected":false},"author":2,"featured_media":195189,"comment_status":"","ping_status":"","sticky":false,"template":"","format":"standard","meta":{"footnotes":""},"categories":[14],"tags":[32,33,27,34,35,28,31,25,40,41,80,29,30,26,82,83,84],"class_list":{"0":"post-195188","1":"post","2":"type-post","3":"status-publish","4":"format-standard","5":"has-post-thumbnail","7":"category-swiat","8":"tag-breaking-news","9":"tag-breakingnews","10":"tag-headlines","11":"tag-latest-news","12":"tag-latestnews","13":"tag-naglowki","14":"tag-najwazniejsze-artykuly","15":"tag-news","16":"tag-polish","17":"tag-polski","18":"tag-swiat","19":"tag-top-stories","20":"tag-topstories","21":"tag-wiadomosci","22":"tag-world","23":"tag-world-news","24":"tag-worldnews"},"share_on_mastodon":{"url":"https:\/\/pubeurope.com\/@pl\/115863662318085678","error":""},"_links":{"self":[{"href":"https:\/\/www.europesays.com\/pl\/wp-json\/wp\/v2\/posts\/195188","targetHints":{"allow":["GET"]}}],"collection":[{"href":"https:\/\/www.europesays.com\/pl\/wp-json\/wp\/v2\/posts"}],"about":[{"href":"https:\/\/www.europesays.com\/pl\/wp-json\/wp\/v2\/types\/post"}],"author":[{"embeddable":true,"href":"https:\/\/www.europesays.com\/pl\/wp-json\/wp\/v2\/users\/2"}],"replies":[{"embeddable":true,"href":"https:\/\/www.europesays.com\/pl\/wp-json\/wp\/v2\/comments?post=195188"}],"version-history":[{"count":0,"href":"https:\/\/www.europesays.com\/pl\/wp-json\/wp\/v2\/posts\/195188\/revisions"}],"wp:featuredmedia":[{"embeddable":true,"href":"https:\/\/www.europesays.com\/pl\/wp-json\/wp\/v2\/media\/195189"}],"wp:attachment":[{"href":"https:\/\/www.europesays.com\/pl\/wp-json\/wp\/v2\/media?parent=195188"}],"wp:term":[{"taxonomy":"category","embeddable":true,"href":"https:\/\/www.europesays.com\/pl\/wp-json\/wp\/v2\/categories?post=195188"},{"taxonomy":"post_tag","embeddable":true,"href":"https:\/\/www.europesays.com\/pl\/wp-json\/wp\/v2\/tags?post=195188"}],"curies":[{"name":"wp","href":"https:\/\/api.w.org\/{rel}","templated":true}]}}