{"id":195234,"date":"2026-01-09T06:46:10","date_gmt":"2026-01-09T06:46:10","guid":{"rendered":"https:\/\/www.europesays.com\/pl\/195234\/"},"modified":"2026-01-09T06:46:10","modified_gmt":"2026-01-09T06:46:10","slug":"viktor-orban-krytykuje-finansowanie-ukrainy-zapowiada-ujawnienie-raportu","status":"publish","type":"post","link":"https:\/\/www.europesays.com\/pl\/195234\/","title":{"rendered":"Viktor Orban krytykuje finansowanie Ukrainy. Zapowiada ujawnienie raportu"},"content":{"rendered":"<p>W skr\u00f3cie<\/p>\n<ul class=\"typography ids-typeset-body ids-typeset-body--preset-large list ids-list ids-list--unordered ids-list--size-large \" datatype=\"disc\">\n<li class=\"ids-list-item\">\n<p>Premier W\u0119gier Viktor Orban krytykuje unijn\u0105 pomoc finansow\u0105 dla Ukrainy, podkre\u015blaj\u0105c skal\u0119 \u017c\u0105danych \u015brodk\u00f3w.<\/p>\n<\/li>\n<li class=\"ids-list-item\">\n<p>Orban ostrzega, \u017ce wsparcie dla Ukrainy mo\u017ce oznacza\u0107 ci\u0119cia w w\u0119gierskich programach socjalnych i obci\u0105\u017cenia podatnik\u00f3w.<\/p>\n<\/li>\n<li class=\"ids-list-item\">\n<p>Szef w\u0119gierskiego rz\u0105du podtrzymuje bliskie relacje z Rosj\u0105, krytykuje polityk\u0119 UE i domaga si\u0119 zako\u0144czenia sankcji przeciwko Moskwie.<\/p>\n<\/li>\n<li class=\"ids-list-item\"><\/li>\n<\/ul>\n<p class=\"typography ids-typeset-body ids-typeset-body--preset-large link paragraph ids-paragraph ids-paragraph--default\">&#8222;Oto co oznacza 800 miliard\u00f3w, kt\u00f3re ukrai\u0144ski premier chce dosta\u0107 z <a href=\"https:\/\/wydarzenia.interia.pl\/tematy-bruksela,gsbi,4402\" target=\"_blank\" rel=\"nofollow noopener\">Brukseli<\/a>&#8221; &#8211; podkre\u015bli\u0142 w swoim czwartkowym wpisie <a href=\"https:\/\/wydarzenia.interia.pl\/tematy-viktor-orban,gsbi,15\" rel=\"nofollow noopener\" target=\"_blank\">Viktor Orban<\/a>. &#8222;Od nas nie dostan\u0105&#8221; &#8211; zapewni\u0142.<\/p>\n<p class=\"typography ids-typeset-body ids-typeset-body--preset-large link paragraph ids-paragraph ids-paragraph--default\">Orban doda\u0142, \u017ce na \u015brodowym posiedzeniu rz\u0105du w Budapeszcie minister ds. Unii Europejskiej W\u0119gier Janos Boka\u00a0przedstawi\u0142 raport\u00a0opisuj\u0105cy to, jak Bruksela chce rozdysponowa\u0107 i pozyska\u0107 800 mld euro dla <a href=\"https:\/\/wydarzenia.interia.pl\/tematy-ukraina,gsbi,3144\" target=\"_blank\" rel=\"nofollow noopener\">Ukrainy<\/a>.<\/p>\n<p class=\"typography ids-typeset-body ids-typeset-body--preset-large link paragraph ids-paragraph ids-paragraph--default\">&#8222;Rezultat jest wr\u0119cz przera\u017caj\u0105cy. Brukselski dyktat zniesie 13. i 14. miesi\u0119czne emerytury, wycofa programy wsparcia rodzin i obci\u0105\u017cy w\u0119gierskich podatnik\u00f3w progresywnym podatkiem dochodowym &#8211;\u00a0wszystko po to, \u017ceby by\u0142y pieni\u0105dze na op\u0142acenie rachunk\u00f3w na Ukrainie&#8221; &#8211; stwierdzi\u0142 w\u0119gierski premier.<\/p>\n<p class=\"typography ids-typeset-body ids-typeset-body--preset-large link paragraph ids-paragraph ids-paragraph--default\">&#8211; Ukraina potrzebuje ok. 800 mld dolar\u00f3w w dekad\u0119 na odbudow\u0119 i wsparcie gospodarki &#8211; przekaza\u0142a premier <a href=\"https:\/\/wydarzenia.interia.pl\/tematy-julia-swyrydenko,gsbi,6852\" rel=\"nofollow noopener\" target=\"_blank\">Julia Swyrydenko<\/a>. Wyliczenia te dotycz\u0105 wy\u0142\u0105cznie sfery cywilnej i nie obejmuj\u0105 wydatk\u00f3w na obronno\u015b\u0107.<\/p>\n<p>W\u0119gry. Viktor Orban zapowiedzia\u0142 ujawnienie raportu ws. pieni\u0119dzy dla Ukrainy<\/p>\n<p class=\"typography ids-typeset-body ids-typeset-body--preset-large link paragraph ids-paragraph ids-paragraph--default\">&#8222;My, W\u0119grzy, nie chcemy mie\u0107 z tym nic wsp\u00f3lnego! Upublicznimy raport\u00a0ministra Boki, poniewa\u017c w\u0119gierskie rodziny maj\u0105 prawo wiedzie\u0107, jaki plan Bruksela chce im narzuci\u0107&#8221; &#8211; poinformowa\u0142 Viktor Orban.<\/p>\n<p class=\"typography ids-typeset-body ids-typeset-body--preset-large link paragraph ids-paragraph ids-paragraph--default\">Premier <a href=\"https:\/\/wydarzenia.interia.pl\/tematy-wegry,gsbi,3515\" target=\"_blank\" rel=\"nofollow noopener\">W\u0119gier<\/a> zaznaczy\u0142, \u017ce nie narzuci nikomu swoich pogl\u0105d\u00f3w, ale ka\u017cdy z jego rodak\u00f3w sam b\u0119dzie m\u00f3g\u0142 przekona\u0107 si\u0119 o s\u0142uszno\u015bci wstrzymywania pomocy finansowej dla Kijowa.<\/p>\n<p class=\"typography ids-typeset-body ids-typeset-body--preset-large link paragraph ids-paragraph ids-paragraph--default\">&#8211; W kwietniu b\u0119d\u0105 mogli wybiera\u0107 mi\u0119dzy drog\u0105 brukselsk\u0105 a drog\u0105 pokoju &#8211; napisa\u0142 Orban, odnosz\u0105c si\u0119 do zaplanowanych na kwiecie\u0144 wybor\u00f3w parlamentarnych na W\u0119grzech.<\/p>\n<p class=\"typography ids-typeset-body ids-typeset-body--preset-large link paragraph ids-paragraph ids-paragraph--default\">Zapis o utworzeniu kilku funduszy zajmuj\u0105cych si\u0119 odbudow\u0105 ukrai\u0144skiej gospodarki, odbudow\u0105 zniszczonych obszar\u00f3w i region\u00f3w oraz kwestiami humanitarnymi znalaz\u0142 si\u0119 w przedstawionym pod koniec grudnia 20-punktowym planie dla Ukrainy.<\/p>\n<p>Mi\u0119dzy UE a Rosj\u0105. Orban utrzymuje relacje z Kremlem<\/p>\n<p class=\"typography ids-typeset-body ids-typeset-body--preset-large link paragraph ids-paragraph ids-paragraph--default\">W\u0142adze W\u0119gier stoj\u0105 na stanowisku, \u017ce Ukraina nie ma szans na zwyci\u0119stwo militarne. Viktor Orban regularnie krytykuje polityk\u0119 <a href=\"https:\/\/wydarzenia.interia.pl\/tematy-unia-europejska,gsbi,46\" rel=\"nofollow noopener\" target=\"_blank\">Unii Europejskiej<\/a>, obarczaj\u0105c j\u0105 win\u0105 za zaognianie konfliktu, a tak\u017ce systematycznie wstrzymuje wsparcie finansowe dla <a href=\"https:\/\/wydarzenia.interia.pl\/tematy-kijow,gsbi,5436\" rel=\"nofollow noopener\" target=\"_blank\">Kijowa<\/a> i postuluje zako\u0144czenie sankcji przeciwko <a href=\"https:\/\/wydarzenia.interia.pl\/tematy-moskwa,gsbi,4412\" target=\"_blank\" rel=\"nofollow noopener\">Moskwie<\/a>.<\/p>\n<p class=\"typography ids-typeset-body ids-typeset-body--preset-large link paragraph ids-paragraph ids-paragraph--default\">Co wi\u0119cej, Budapeszt utrzymuje relacje dyplomatyczne z <a href=\"https:\/\/wydarzenia.interia.pl\/tematy-kreml,gsbi,4409\" target=\"_blank\" rel=\"nofollow noopener\">Kremlem<\/a> &#8211; sam premier W\u0119gier kontynuuje bezpo\u015brednie rozmowy z <a href=\"https:\/\/wydarzenia.interia.pl\/tematy-wladimir-putin,gsbi,9\" target=\"_blank\" rel=\"nofollow noopener\">W\u0142adimirem Putinem<\/a>, z kt\u00f3rym spotka\u0142 si\u0119 m.in. w listopadzie 2025 roku.<\/p>\n<p>\u017burek: Stworzy\u0142em plan utworzenia 13 nowych s\u0105d\u00f3w pracyPolsat NewsPolsat News<\/p>\n<p><a class=\"ids-undecorated-link source ids-page-info--source__link\" href=\"https:\/\/p.iplsc.com\/-\/000L0SCEGA4O3ESS.pdf\" rel=\"nofollow noopener\" target=\"_blank\"><img decoding=\"async\" class=\"ids-image-holder__img\" loading=\"lazy\" alt=\"\" title=\"\" height=\"24px\" src=\"https:\/\/www.europesays.com\/pl\/wp-content\/uploads\/2026\/01\/1767424989_457_0009A6098CYXTC6T-C202-F4.webp.webp\"\/><\/a><a class=\"ids-undecorated-link source ids-page-info--source__link\" href=\"https:\/\/www.interia.pl\" rel=\"nofollow noopener\" target=\"_blank\"><img decoding=\"async\" class=\"ids-image-holder__img\" loading=\"lazy\" alt=\"\" title=\"\" height=\"24px\" src=\"https:\/\/www.europesays.com\/pl\/wp-content\/uploads\/2026\/01\/1767782590_880_0009A60QQ5I2TYF7-C202-F4.webp.webp\"\/><\/a><\/p>\n<p>Masz sugestie, uwagi albo widzisz b\u0142\u0105d? Napisz do nas<\/p>\n","protected":false},"excerpt":{"rendered":"W skr\u00f3cie Premier W\u0119gier Viktor Orban krytykuje unijn\u0105 pomoc finansow\u0105 dla Ukrainy, podkre\u015blaj\u0105c skal\u0119 \u017c\u0105danych \u015brodk\u00f3w. Orban ostrzega,&hellip;\n","protected":false},"author":2,"featured_media":195235,"comment_status":"","ping_status":"","sticky":false,"template":"","format":"standard","meta":{"footnotes":""},"categories":[14],"tags":[32,33,27,34,35,28,31,25,40,41,80,29,30,26,82,83,84],"class_list":{"0":"post-195234","1":"post","2":"type-post","3":"status-publish","4":"format-standard","5":"has-post-thumbnail","7":"category-swiat","8":"tag-breaking-news","9":"tag-breakingnews","10":"tag-headlines","11":"tag-latest-news","12":"tag-latestnews","13":"tag-naglowki","14":"tag-najwazniejsze-artykuly","15":"tag-news","16":"tag-polish","17":"tag-polski","18":"tag-swiat","19":"tag-top-stories","20":"tag-topstories","21":"tag-wiadomosci","22":"tag-world","23":"tag-world-news","24":"tag-worldnews"},"share_on_mastodon":{"url":"https:\/\/pubeurope.com\/@pl\/115863799904843461","error":""},"_links":{"self":[{"href":"https:\/\/www.europesays.com\/pl\/wp-json\/wp\/v2\/posts\/195234","targetHints":{"allow":["GET"]}}],"collection":[{"href":"https:\/\/www.europesays.com\/pl\/wp-json\/wp\/v2\/posts"}],"about":[{"href":"https:\/\/www.europesays.com\/pl\/wp-json\/wp\/v2\/types\/post"}],"author":[{"embeddable":true,"href":"https:\/\/www.europesays.com\/pl\/wp-json\/wp\/v2\/users\/2"}],"replies":[{"embeddable":true,"href":"https:\/\/www.europesays.com\/pl\/wp-json\/wp\/v2\/comments?post=195234"}],"version-history":[{"count":0,"href":"https:\/\/www.europesays.com\/pl\/wp-json\/wp\/v2\/posts\/195234\/revisions"}],"wp:featuredmedia":[{"embeddable":true,"href":"https:\/\/www.europesays.com\/pl\/wp-json\/wp\/v2\/media\/195235"}],"wp:attachment":[{"href":"https:\/\/www.europesays.com\/pl\/wp-json\/wp\/v2\/media?parent=195234"}],"wp:term":[{"taxonomy":"category","embeddable":true,"href":"https:\/\/www.europesays.com\/pl\/wp-json\/wp\/v2\/categories?post=195234"},{"taxonomy":"post_tag","embeddable":true,"href":"https:\/\/www.europesays.com\/pl\/wp-json\/wp\/v2\/tags?post=195234"}],"curies":[{"name":"wp","href":"https:\/\/api.w.org\/{rel}","templated":true}]}}