{"id":195240,"date":"2026-01-09T06:50:07","date_gmt":"2026-01-09T06:50:07","guid":{"rendered":"https:\/\/www.europesays.com\/pl\/195240\/"},"modified":"2026-01-09T06:50:07","modified_gmt":"2026-01-09T06:50:07","slug":"mateusz-pawlowski-pierwszym-uczestnikiem-nowej-edycji-tanca-z-gwiazdami","status":"publish","type":"post","link":"https:\/\/www.europesays.com\/pl\/195240\/","title":{"rendered":"Mateusz Paw\u0142owski pierwszym uczestnikiem nowej edycji &#8222;Ta\u0144ca z Gwiazdami&#8221;"},"content":{"rendered":"<p>Mateusz Paw\u0142owski w &#8222;TzG&#8221;<\/p>\n<p class=\"typography ids-typeset-body ids-typeset-body--preset-large link paragraph ids-paragraph ids-paragraph--default\">Widzowie\u00a0i\u00a0widzki\u00a0doskonale kojarz\u0105 go z roli Kacperka\u00a0w serialu &#8222;Rodzinka.pl&#8221;, ale dzi\u015b to ju\u017c doros\u0142y m\u0119\u017cczyzna, gotowy na zupe\u0142nie nowe wyzwania. Aktor postanowi\u0142\u00a0tymczasowo\u00a0zamieni\u0107 plan zdj\u0119ciowy na sal\u0119 treningow\u0105 i sprawdzi\u0107, czy jego talent sceniczny prze\u0142o\u017cy si\u0119 na sukces na najs\u0142ynniejszym parkiecie w Polsce.\u00a0<\/p>\n<p class=\"typography ids-typeset-body ids-typeset-body--preset-large link paragraph ids-paragraph ids-paragraph--default\">Paw\u0142owski wchodzi do gry, maj\u0105c przed sob\u0105 ciekawe punkty odniesienia. W przesz\u0142o\u015bci w naszym show swoje umiej\u0119tno\u015bci szlifowali ju\u017c\u00a0mi\u0119dzy innymi\u00a0Maciej Musia\u0142\u00a0czy\u00a0Adam\u00a0Zdr\u00f3jkowski, a w ostatniej edycji r\u00f3wnie\u017c\u00a0Tomasz Karolak. Ka\u017cdy z nich zostawi\u0142 na parkiecie sporo serca. Czy Mateusz p\u00f3jdzie w ich \u015blady i zagrzeje miejsce w programie na d\u0142u\u017cej? A mo\u017ce oka\u017ce si\u0119 czarnym koniem tej edycji? Jedno jest pewne &#8211; 18. ods\u0142ona show zapowiada si\u0119 na pe\u0142n\u0105 niespodzianek i wielkich emocji.<\/p>\n<p class=\"typography ids-typeset-body ids-typeset-body--preset-large link paragraph ids-paragraph ids-paragraph--default\">Co sk\u0142oni\u0142o go\u00a0jednak\u00a0do udzia\u0142u w programie i jak ocenia swoje szanse? O tym opowie osobi\u015bcie ju\u017c w najbli\u017cszy weekend. Mateusz Paw\u0142owski b\u0119dzie\u00a0bowiem\u00a0go\u015bciem sobotniego wydania &#8222;halo tu\u00a0polsat&#8221;.\u00a0B\u0105d\u017acie z nami\u00a0&#8211;\u00a0punktualnie o 8:00!<\/p>\n<p>Masz sugestie, uwagi albo widzisz b\u0142\u0105d? Napisz do nas<\/p>\n","protected":false},"excerpt":{"rendered":"Mateusz Paw\u0142owski w &#8222;TzG&#8221; Widzowie\u00a0i\u00a0widzki\u00a0doskonale kojarz\u0105 go z roli Kacperka\u00a0w serialu &#8222;Rodzinka.pl&#8221;, ale dzi\u015b to ju\u017c doros\u0142y m\u0119\u017cczyzna,&hellip;\n","protected":false},"author":2,"featured_media":195241,"comment_status":"","ping_status":"","sticky":false,"template":"","format":"standard","meta":{"footnotes":""},"categories":[22],"tags":[122,42,38,40,39,41,123],"class_list":{"0":"post-195240","1":"post","2":"type-post","3":"status-publish","4":"format-standard","5":"has-post-thumbnail","7":"category-rozrywka","8":"tag-entertainment","9":"tag-pl","10":"tag-poland","11":"tag-polish","12":"tag-polska","13":"tag-polski","14":"tag-rozrywka"},"share_on_mastodon":{"url":"https:\/\/pubeurope.com\/@pl\/115863815648215645","error":""},"_links":{"self":[{"href":"https:\/\/www.europesays.com\/pl\/wp-json\/wp\/v2\/posts\/195240","targetHints":{"allow":["GET"]}}],"collection":[{"href":"https:\/\/www.europesays.com\/pl\/wp-json\/wp\/v2\/posts"}],"about":[{"href":"https:\/\/www.europesays.com\/pl\/wp-json\/wp\/v2\/types\/post"}],"author":[{"embeddable":true,"href":"https:\/\/www.europesays.com\/pl\/wp-json\/wp\/v2\/users\/2"}],"replies":[{"embeddable":true,"href":"https:\/\/www.europesays.com\/pl\/wp-json\/wp\/v2\/comments?post=195240"}],"version-history":[{"count":0,"href":"https:\/\/www.europesays.com\/pl\/wp-json\/wp\/v2\/posts\/195240\/revisions"}],"wp:featuredmedia":[{"embeddable":true,"href":"https:\/\/www.europesays.com\/pl\/wp-json\/wp\/v2\/media\/195241"}],"wp:attachment":[{"href":"https:\/\/www.europesays.com\/pl\/wp-json\/wp\/v2\/media?parent=195240"}],"wp:term":[{"taxonomy":"category","embeddable":true,"href":"https:\/\/www.europesays.com\/pl\/wp-json\/wp\/v2\/categories?post=195240"},{"taxonomy":"post_tag","embeddable":true,"href":"https:\/\/www.europesays.com\/pl\/wp-json\/wp\/v2\/tags?post=195240"}],"curies":[{"name":"wp","href":"https:\/\/api.w.org\/{rel}","templated":true}]}}