{"id":195242,"date":"2026-01-09T06:52:07","date_gmt":"2026-01-09T06:52:07","guid":{"rendered":"https:\/\/www.europesays.com\/pl\/195242\/"},"modified":"2026-01-09T06:52:07","modified_gmt":"2026-01-09T06:52:07","slug":"polacy-kupuja-mniej-alkoholu-eksperci-wskazuja-konkretne-przyczyny","status":"publish","type":"post","link":"https:\/\/www.europesays.com\/pl\/195242\/","title":{"rendered":"Polacy kupuj\u0105 mniej alkoholu. Eksperci wskazuj\u0105 konkretne przyczyny"},"content":{"rendered":"<p class=\"ods-c-paragraph \">Sprzeda\u017c tradycyjnych alkoholi w ci\u0105gu ostatnich 12 miesi\u0119cy zmala\u0142a o 1,7 proc. pod wzgl\u0119dem warto\u015bci i o 5,2 proc. ilo\u015bci \u2014 wynika z danych firmy badawczej NielsenIQ, kt\u00f3re &#8222;Rzeczpospolita&#8221; pozna\u0142a jako pierwsza. &#8222;Ale warianty bezalkoholowe nie poddaj\u0105 si\u0119 og\u00f3lnym trendom&#8221; \u2014 powiedzia\u0142a gazecie Anna Wagner z NielsenIQ. W ich przypadku warto\u015b\u0107 sprzeda\u017cy wzros\u0142a w ci\u0105gu minionych 12 miesi\u0119cy o 4,8 proc., do 2 mld z\u0142.<\/p>\n<p> Jakie alkohole sprzedaj\u0105 si\u0119 mniej w Polsce? <\/p>\n<p> Ile wart jest rynek alkoholi bezalkoholowych? <\/p>\n<p> Co wp\u0142ywa na zmiany w sprzeda\u017cy alkoholu? <\/p>\n<p> Jakie zmiany pokoleniowe obserwuj\u0105 eksperci? <\/p>\n<p class=\"ods-c-paragraph \">&#8222;Wp\u0142yw na to maj\u0105 m.in. zmiany pokoleniowe, rosn\u0105ca \u015bwiadomo\u015b\u0107 zdrowotna, inwestycje w nowe technologie produkcyjne, a tak\u017ce wi\u0119ksza widoczno\u015b\u0107 tej oferty w sklepach i gastronomii&#8221; \u2014 oceni\u0142 cytowany przez &#8222;Rz&#8221; Tomasz Potrzebowski, ekspert ds. rynku wina. W opinii Patrycji Kami\u0144skiej, rzeczniczki sieci Netto, trend si\u0119gania po trunki bezalkoholowe si\u0119 umacnia.<\/p>\n","protected":false},"excerpt":{"rendered":"Sprzeda\u017c tradycyjnych alkoholi w ci\u0105gu ostatnich 12 miesi\u0119cy zmala\u0142a o 1,7 proc. pod wzgl\u0119dem warto\u015bci i o 5,2&hellip;\n","protected":false},"author":2,"featured_media":195243,"comment_status":"","ping_status":"","sticky":false,"template":"","format":"standard","meta":{"footnotes":""},"categories":[16],"tags":[906,113,112,49,48,46,42,38,40,39,41,47],"class_list":{"0":"post-195242","1":"post","2":"type-post","3":"status-publish","4":"format-standard","5":"has-post-thumbnail","7":"category-biznes","8":"tag-alkohol","9":"tag-biznes","10":"tag-business","11":"tag-kraj","12":"tag-nat_styl","13":"tag-omp","14":"tag-pl","15":"tag-poland","16":"tag-polish","17":"tag-polska","18":"tag-polski","19":"tag-screening_general"},"share_on_mastodon":{"url":"https:\/\/pubeurope.com\/@pl\/115863823512225244","error":""},"_links":{"self":[{"href":"https:\/\/www.europesays.com\/pl\/wp-json\/wp\/v2\/posts\/195242","targetHints":{"allow":["GET"]}}],"collection":[{"href":"https:\/\/www.europesays.com\/pl\/wp-json\/wp\/v2\/posts"}],"about":[{"href":"https:\/\/www.europesays.com\/pl\/wp-json\/wp\/v2\/types\/post"}],"author":[{"embeddable":true,"href":"https:\/\/www.europesays.com\/pl\/wp-json\/wp\/v2\/users\/2"}],"replies":[{"embeddable":true,"href":"https:\/\/www.europesays.com\/pl\/wp-json\/wp\/v2\/comments?post=195242"}],"version-history":[{"count":0,"href":"https:\/\/www.europesays.com\/pl\/wp-json\/wp\/v2\/posts\/195242\/revisions"}],"wp:featuredmedia":[{"embeddable":true,"href":"https:\/\/www.europesays.com\/pl\/wp-json\/wp\/v2\/media\/195243"}],"wp:attachment":[{"href":"https:\/\/www.europesays.com\/pl\/wp-json\/wp\/v2\/media?parent=195242"}],"wp:term":[{"taxonomy":"category","embeddable":true,"href":"https:\/\/www.europesays.com\/pl\/wp-json\/wp\/v2\/categories?post=195242"},{"taxonomy":"post_tag","embeddable":true,"href":"https:\/\/www.europesays.com\/pl\/wp-json\/wp\/v2\/tags?post=195242"}],"curies":[{"name":"wp","href":"https:\/\/api.w.org\/{rel}","templated":true}]}}