{"id":195244,"date":"2026-01-09T06:53:11","date_gmt":"2026-01-09T06:53:11","guid":{"rendered":"https:\/\/www.europesays.com\/pl\/195244\/"},"modified":"2026-01-09T06:53:11","modified_gmt":"2026-01-09T06:53:11","slug":"seria-eksplozji-rosjanie-zaatakowali-kijow-i-lwow","status":"publish","type":"post","link":"https:\/\/www.europesays.com\/pl\/195244\/","title":{"rendered":"&#8222;Seria eksplozji&#8221;. Rosjanie zaatakowali Kij\u00f3w i Lw\u00f3w"},"content":{"rendered":"<p>Najwa\u017cniejsze informacje: <\/p>\n<ul>\n<li>Atak dron\u00f3w na Kij\u00f3w: eksplozje i\u00a0po\u017cary potwierdzi\u0142 mer Witalij Kliczko.<\/li>\n<li>We Lwowie po alarmie przeciwlotniczym s\u0142ycha\u0107 by\u0142o seri\u0119 wybuch\u00f3w, s\u0142u\u017cby ustalaj\u0105 rozmiar szk\u00f3d.<\/li>\n<li>Wo\u0142odymyr Ze\u0142enski wcze\u015bniej ostrzeg\u0142 przed mo\u017cliwym nocnym zmasowanym atakiem.<\/li>\n<\/ul>\n<p>W nocy z\u00a0czwartku na pi\u0105tek dosz\u0142o do ataku dron\u00f3w na Kij\u00f3w. Mer stolicy Witalij Kliczko przekaza\u0142, \u017ce w\u00a0mie\u015bcie odnotowano eksplozje i\u00a0kilka po\u017car\u00f3w.<\/p>\n<p>Sceny na\u00a0S19. Za\u00a0kierownic\u0105 20-letni Ukrainiec. Nagle wysiad\u0142 z\u00a0auta <\/p>\n<p> &#8222;Bezza\u0142ogowy statek powietrzny rozbi\u0142 si\u0119 na dziedzi\u0144cu budynku mieszkalnego. Sklep znajduj\u0105cy si\u0119 obok budynku zosta\u0142 cz\u0119\u015bciowo uszkodzony&#8221; &#8211;\u00a0napisa\u0142 Witalij Kliczko w\u00a0komunikatorze Telegram. Jak relacjonuj\u0105 lokalne s\u0142u\u017cby, po serii wybuch\u00f3w trwaj\u0105  dzia\u0142ania ga\u015bnicze i\u00a0rozpoznanie terenu.<\/p>\n<p> <img role=\"presentation\" class=\"absolute left-1\/2 top-1\/2 max-h-[80%] max-w-[100px] -translate-x-1\/2 -translate-y-1\/2\" src=\"https:\/\/v.wpimg.pl\/ZXJfd3AudTkrBBIAbg54LGhcRlAxHQUrPgJGH2MAeGJoSQ1eIBI_K2UHAEVuBTY5KQMMXC0RPyoVERQdMgM9ejc\" loading=\"lazy\" decoding=\"async\"\/> <\/p>\n<p>&#8222;Cztery osoby zgin\u0119\u0142y w\u00a0stolicy. 10 zosta\u0142o rannych. Pi\u0119\u0107 z\u00a0nich trafi\u0142o do szpitala, pozosta\u0142ym udzielono pomocy na miejscu&#8221; &#8211;\u00a0napisa\u0142 Kliczko w\u00a0komunikatorze Telegram. W\u0142adze obwodowe u\u015bci\u015bli\u0142y, \u017ce rannych zosta\u0142o 16 os\u00f3b.<\/p>\n<p>   <img role=\"presentation\" class=\"absolute left-1\/2 top-1\/2 max-h-[80%] max-w-[100px] -translate-x-1\/2 -translate-y-1\/2\" src=\"https:\/\/v.wpimg.pl\/ZXJfd3AudTkrBBIAbg54LGhcRlAxHQUrPgJGH2MAeGJoSQ1eIBI_K2UHAEVuBTY5KQMMXC0RPyoVERQdMgM9ejc\" loading=\"lazy\" decoding=\"async\"\/><\/p>\n<p>Co wydarzy\u0142o si\u0119 we\u00a0Lwowie? <\/p>\n<p>Ukrai\u0144skie media poda\u0142y, \u017ce alarm przeciwlotniczy obj\u0105\u0142 r\u00f3wnie\u017c Lw\u00f3w. Po jego og\u0142oszeniu mieszka\u0144cy us\u0142yszeli seri\u0119 eksplozji. <\/p>\n<p>&#8222;Po og\u0142oszeniu alarmu przeciwlotniczego we Lwowie us\u0142yszeli\u015bmy seri\u0119 eksplozji. Teraz ustalamy, co dok\u0142adnie si\u0119 sta\u0142o, czy by\u0142y to przyloty i\u00a0w\u00a0jakim rejonie. Wsp\u00f3\u0142pracujemy ze wszystkimi s\u0142u\u017cbami&#8221; &#8211;\u00a0poinformowa\u0142 mer Lwowa Andrij Sadowyj. W\u0142adze miasta zapowiedzia\u0142y weryfikacj\u0119 miejsc potencjalnych uderze\u0144.<\/p>\n<p>Reuters poinformowa\u0142, \u017ce celem ataku by\u0142a infrastruktura krytyczna w\u00a0obwodzie lwowskim \u2013\u00a0atak by\u0142 wi\u0119c tym bardziej dotkliwy ze wzgl\u0119du na surow\u0105 zim\u0119 panuj\u0105c\u0105 na Ukrainie. <\/p>\n<p> <img role=\"presentation\" class=\"absolute left-1\/2 top-1\/2 max-h-[80%] max-w-[100px] -translate-x-1\/2 -translate-y-1\/2\" src=\"https:\/\/v.wpimg.pl\/ZXJfd3AudTkrBBIAbg54LGhcRlAxHQUrPgJGH2MAeGJoSQ1eIBI_K2UHAEVuBTY5KQMMXC0RPyoVERQdMgM9ejc\" loading=\"lazy\" decoding=\"async\"\/> <\/p>\n<p>Ze\u0142enski ostrzega\u0142 przed atakami <\/p>\n<p>Prezydent Ukrainy Wo\u0142odymyr Ze\u0142enski jeszcze w\u00a0czwartek wieczorem ostrzeg\u0142 przed mo\u017cliwo\u015bci\u0105 nocnego, masowego ataku Rosji na terytorium kraju. &#8211;\u00a0Pa\u0144stwo jest przygotowane na r\u00f3\u017cne scenariusze &#8211;\u00a0przekaza\u0142 w\u00a0wieczornym wyst\u0105pieniu. <\/p>\n<p>&#8211; Rosjanie ani troch\u0119 si\u0119 nie zmienili. Pr\u00f3buj\u0105 wykorzysta\u0107 pogod\u0119. Poleci\u0142em rz\u0105dowi, aby wspar\u0142 lokalne w\u0142adze i\u00a0wszystkich zaanga\u017cowanych w\u00a0pomoc w\u00a0maksymalnym stopniu &#8211;\u00a0zapewni\u0142.<\/p>\n<p> <img role=\"presentation\" class=\"absolute left-1\/2 top-1\/2 max-h-[80%] max-w-[100px] -translate-x-1\/2 -translate-y-1\/2\" src=\"https:\/\/v.wpimg.pl\/ZXJfd3AudTkrBBIAbg54LGhcRlAxHQUrPgJGH2MAeGJoSQ1eIBI_K2UHAEVuBTY5KQMMXC0RPyoVERQdMgM9ejc\" loading=\"lazy\" decoding=\"async\"\/>  <\/p>\n<p>Amerykanie spodziewali si\u0119 du\u017cego ataku na\u00a0Ukrain\u0119 <\/p>\n<p>  <img role=\"presentation\" class=\"absolute left-1\/2 top-1\/2 max-h-[80%] max-w-[100px] -translate-x-1\/2 -translate-y-1\/2\" src=\"https:\/\/v.wpimg.pl\/ZXJfd3AudTkrBBIAbg54LGhcRlAxHQUrPgJGH2MAeGJoSQ1eIBI_K2UHAEVuBTY5KQMMXC0RPyoVERQdMgM9ejc\" loading=\"lazy\" decoding=\"async\"\/> <\/p>\n<p>&#8222;Ambasada, jak zawsze, zaleca obywatelom USA przygotowanie si\u0119 do natychmiastowego schronienia si\u0119 w\u00a0przypadku og\u0142oszenia alarmu powietrznego&#8221; &#8211;\u00a0podkre\u015blono. W komunikacie zaznaczono, \u017ce ostrze\u017cenia dotyczy wszystkich rejon\u00f3w Ukrainy.<\/p>\n","protected":false},"excerpt":{"rendered":"Najwa\u017cniejsze informacje: Atak dron\u00f3w na Kij\u00f3w: eksplozje i\u00a0po\u017cary potwierdzi\u0142 mer Witalij Kliczko. We Lwowie po alarmie przeciwlotniczym s\u0142ycha\u0107&hellip;\n","protected":false},"author":2,"featured_media":195245,"comment_status":"","ping_status":"","sticky":false,"template":"","format":"standard","meta":{"footnotes":""},"categories":[14],"tags":[32,33,27,34,35,28,31,25,40,41,80,29,30,26,82,83,84],"class_list":{"0":"post-195244","1":"post","2":"type-post","3":"status-publish","4":"format-standard","5":"has-post-thumbnail","7":"category-swiat","8":"tag-breaking-news","9":"tag-breakingnews","10":"tag-headlines","11":"tag-latest-news","12":"tag-latestnews","13":"tag-naglowki","14":"tag-najwazniejsze-artykuly","15":"tag-news","16":"tag-polish","17":"tag-polski","18":"tag-swiat","19":"tag-top-stories","20":"tag-topstories","21":"tag-wiadomosci","22":"tag-world","23":"tag-world-news","24":"tag-worldnews"},"share_on_mastodon":{"url":"https:\/\/pubeurope.com\/@pl\/115863827481229915","error":""},"_links":{"self":[{"href":"https:\/\/www.europesays.com\/pl\/wp-json\/wp\/v2\/posts\/195244","targetHints":{"allow":["GET"]}}],"collection":[{"href":"https:\/\/www.europesays.com\/pl\/wp-json\/wp\/v2\/posts"}],"about":[{"href":"https:\/\/www.europesays.com\/pl\/wp-json\/wp\/v2\/types\/post"}],"author":[{"embeddable":true,"href":"https:\/\/www.europesays.com\/pl\/wp-json\/wp\/v2\/users\/2"}],"replies":[{"embeddable":true,"href":"https:\/\/www.europesays.com\/pl\/wp-json\/wp\/v2\/comments?post=195244"}],"version-history":[{"count":0,"href":"https:\/\/www.europesays.com\/pl\/wp-json\/wp\/v2\/posts\/195244\/revisions"}],"wp:featuredmedia":[{"embeddable":true,"href":"https:\/\/www.europesays.com\/pl\/wp-json\/wp\/v2\/media\/195245"}],"wp:attachment":[{"href":"https:\/\/www.europesays.com\/pl\/wp-json\/wp\/v2\/media?parent=195244"}],"wp:term":[{"taxonomy":"category","embeddable":true,"href":"https:\/\/www.europesays.com\/pl\/wp-json\/wp\/v2\/categories?post=195244"},{"taxonomy":"post_tag","embeddable":true,"href":"https:\/\/www.europesays.com\/pl\/wp-json\/wp\/v2\/tags?post=195244"}],"curies":[{"name":"wp","href":"https:\/\/api.w.org\/{rel}","templated":true}]}}