{"id":195267,"date":"2026-01-09T07:09:22","date_gmt":"2026-01-09T07:09:22","guid":{"rendered":"https:\/\/www.europesays.com\/pl\/195267\/"},"modified":"2026-01-09T07:09:22","modified_gmt":"2026-01-09T07:09:22","slug":"109-nowych-funkcjonariuszy-w-szeregach-policji-lubelskiej-aktualnosci","status":"publish","type":"post","link":"https:\/\/www.europesays.com\/pl\/195267\/","title":{"rendered":"109 nowych funkcjonariuszy w szeregach Policji Lubelskiej &#8211; Aktualno\u015bci"},"content":{"rendered":"<p>&#13;<\/p>\n<p>    109 nowych funkcjonariuszy w szeregach Policji Lubelskiej<br \/>\n      Data publikacji  08.01.2026<\/p>\n<p class=\"intro\">Dzisiaj w Sali Konferencyjnej KWP w Lublinie wybrzmia\u0142y s\u0142owa policyjnej roty. Podczas uroczystej zbi\u00f3rki, nowo przyj\u0119ci funkcjonariusze z\u0142o\u017cyli \u015blubowanie, bior\u0105c na siebie obowi\u0105zki i trudy zwi\u0105zane z policyjn\u0105 s\u0142u\u017cb\u0105. \u015alubowanie od nowych str\u00f3\u017c\u00f3w prawa przyj\u0105\u0142 Komendant Wojew\u00f3dzki Policji w Lublinie insp.\u00a0Tomasz Gil.  W uroczysto\u015bci udzia\u0142 wzi\u0105\u0142 tak\u017ce I Wicewojewoda Lubelski Pan Wojciech Wo\u0142och. Garnizon Policji Lubelskiej \u0142\u0105cznie z przyj\u0119tymi do s\u0142u\u017cby 109 adeptami liczy obecnie 5226 funkcjonariuszy.<\/p>\n<p>   &#13;<\/p>\n<p style=\"text-align:justify\"><img decoding=\"async\" alt=\"Nowi policjanci z uniesion\u0105 praw\u0105 d\u0142oni\u0105 wypowiadaj\u0105 s\u0142owa roty.\" class=\"img-responsive\" src=\"https:\/\/www.europesays.com\/pl\/wp-content\/uploads\/2026\/01\/68-283022_g.jpg\" style=\"max-width:100%; width:640px\"\/><\/p>\n<p>To szczeg\u00f3lny dzie\u0144\u00a0wst\u0119puj\u0105cych do s\u0142u\u017cby funkcjonariuszy, kt\u00f3rzy w Sali Konferencyjnej KWP w Lublinie s\u0142owa przysi\u0119gi wypowiadali z dum\u0105 i wzruszeniem. Dla wszystkich \u015blubowanie by\u0142o zwie\u0144czeniem wielu stara\u0144 i spe\u0142nieniem zawodowych marze\u0144, a r\u00f3wnocze\u015bnie pocz\u0105tkiem niezwyk\u0142ej zawodowej drogi.<\/p>\n<p><img decoding=\"async\" alt=\"Nowi policjanci z uniesion\u0105 praw\u0105 d\u0142oni\u0105 wypowiadaj\u0105 s\u0142owa roty.\" class=\"img-responsive\" src=\"https:\/\/www.europesays.com\/pl\/wp-content\/uploads\/2026\/01\/68-283025_g.jpg\" style=\"max-width:100%; width:640px\"\/><\/p>\n<p>&#13;<br \/>\n&#13;<\/p>\n<p style=\"text-align:justify\">Nowi funkcjonariusze za Komendantem Wojew\u00f3dzkim Policji w Lublinie insp. Tomaszem Gilem wypowiedzieli s\u0142owa roty: \u201eJa obywatel Rzeczypospolitej Polskiej, \u015bwiadom podejmowanych obowi\u0105zk\u00f3w policjanta, \u015blubuj\u0119: s\u0142u\u017cy\u0107 wiernie Narodowi, chroni\u0107 ustanowiony Konstytucj\u0105 Rzeczypospolitej Polskiej porz\u0105dek prawny, strzec bezpiecze\u0144stwa Pa\u0144stwa i jego obywateli, nawet z nara\u017ceniem \u017cycia (\u2026)\u201d.<\/p>\n<p><img decoding=\"async\" alt=\"Kadra kierownicza policji lubelskiej oraz Wicewojewoda Lubelski.\" class=\"img-responsive\" src=\"https:\/\/www.europesays.com\/pl\/wp-content\/uploads\/2026\/01\/68-283033_g.jpg\" style=\"max-width:100%; width:640px\"\/><\/p>\n<p>&#13;<br \/>\n&#13;<\/p>\n<p style=\"text-align:justify\">W uroczysto\u015bci \u015blubowania udzia\u0142 wzi\u0105\u0142 r\u00f3wnie\u017c I Wicewojewoda Lubelski Pan Wojciech Wo\u0142och, komendanci miejscy i powiatowi Policji Lubelskiej, \u00a0kierownicza Komendy Wojew\u00f3dzkiej Policji w Lublinie a tak\u017ce rodziny i przyjaciele nowych str\u00f3\u017c\u00f3w prawa.<\/p>\n<p><img decoding=\"async\" alt=\"\u015alubowanie nowych policjant\u00f3w widok z g\u00f3ry.\" class=\"img-responsive\" src=\"https:\/\/www.europesays.com\/pl\/wp-content\/uploads\/2026\/01\/68-283038_g.jpg\" style=\"max-width:100%; width:640px\"\/><\/p>\n<p>&#13;<br \/>\n&#13;<\/p>\n<p style=\"text-align:justify\">Lubelski garnizon Policji zasili\u0142o 109 nowych funkcjonariuszy, kt\u00f3rzy zostali przyj\u0119ci do s\u0142u\u017cby jeszcze w grudniowym naborze. W\u015br\u00f3d nowo przyj\u0119tych mundurowych jest 62 m\u0119\u017cczyzn i 47 kobiet.\u00a0<\/p>\n<p><img decoding=\"async\" alt=\"Komendant Wojew\u00f3dzki Policji w Lublinie oraz Wicewojewoda Lubelski wr\u0119czaj\u0105 legitymacje s\u0142u\u017cbowe nowym policjantom.\" class=\"img-responsive\" src=\"https:\/\/www.europesays.com\/pl\/wp-content\/uploads\/2026\/01\/68-283026_g.jpg\" style=\"max-width:100%; width:640px\"\/><\/p>\n<p>&#13;<br \/>\n&#13;<\/p>\n<p style=\"text-align:justify\">Komendant Wojew\u00f3dzki Policji w Lublinie insp. Tomasz Gil pogratulowa\u0142 i podzi\u0119kowa\u0142 m\u0142odym funkcjonariuszom wyboru naszej formacji, podkre\u015blaj\u0105c, \u017ce s\u0142u\u017cba, jak\u0105 wybrali, nale\u017cy do jednych z najbardziej odpowiedzialnych. Jak powiedzia\u0142 \u00a0\u201e\u2026s\u0142owa roty stawiaj\u0105 przed Wami prawdziwe wyzwania. Zobowi\u0105zuj\u0105, by w chwilach trudnych pami\u0119ta\u0107 o honorze, godno\u015bci i dobrym imieniu policyjnej s\u0142u\u017cby\u2026\u201d. Szef lubelskiego garnizonu doda\u0142 r\u00f3wnie\u017c, \u017ce s\u0142u\u017cba powinna by\u0107 kojarzona z niesieniem ludziom pomocy. Na koniec przem\u00f3wienia \u017cyczy\u0142 nowym adeptom, by codzienna s\u0142u\u017cba przynosi\u0142a satysfakcj\u0119, zrozumienie i wdzi\u0119czno\u015b\u0107 tych, na rzecz kt\u00f3rych b\u0119d\u0105 j\u0105 pe\u0142ni\u0107.<\/p>\n<p><img decoding=\"async\" alt=\"Inspektro Tomasz Gil przemawia do zgromadzonych go\u015bci.\" class=\"img-responsive\" src=\"https:\/\/www.europesays.com\/pl\/wp-content\/uploads\/2026\/01\/68-283029_g.jpg\" style=\"max-width:100%; width:640px\"\/><\/p>\n<p>&#13;<br \/>\n&#13;<\/p>\n<p style=\"text-align:justify\">Do nowych funkcjonariuszy s\u0142owa skierowa\u0142 r\u00f3wnie\u017c I Wicewojewoda Lubelski Pan Wojciech Wo\u0142och, kt\u00f3ry \u017cyczy\u0142 im, aby w tej nowej drodze umie\u0107 trwale i wytrwale usta\u0107 na stra\u017cy prawa: \u201e\u2026 Aby\u015bcie umieli wytrwa\u0107 w swoich postanowieniach, w tej nie\u0142atwej s\u0142u\u017cbie, wyzwaniach\u00a0 i w trudzie oraz satysfakcji z tego co robicie &#8211; poczucia tego, \u017ce ratujecie komu\u015b, \u017cycie, zdrowie, mienie, dajecie ludziom wsparcie i takie zwyk\u0142e poczucie bezpiecze\u0144stwa\u2026\u201d<\/p>\n<p><img decoding=\"async\" alt=\"I Wicewojewoda Lubelski Pan Wojciech Wo\u0142och przemawia do zgromadzonych go\u015bci.\" class=\"img-responsive\" src=\"https:\/\/www.europesays.com\/pl\/wp-content\/uploads\/2026\/01\/68-283028_g.jpg\" style=\"max-width:100%; width:640px\"\/><\/p>\n<p>&#13;<br \/>\n&#13;<\/p>\n<p style=\"text-align:justify\">Uroczysto\u015b\u0107 \u015blubowania przypomnia\u0142a, \u017ce na barkach policjant\u00f3w spoczywa wielka odpowiedzialno\u015b\u0107. Podj\u0119cie trudu s\u0142u\u017cby b\u0119dzie nie tylko pr\u00f3b\u0105 dla nich samych, ale r\u00f3wnie\u017c dowodem oddania i determinacji w dbania o bezpiecze\u0144stwo obywateli naszego wojew\u00f3dztwa.<\/p>\n<p><img decoding=\"async\" alt=\"Wsp\u00f3lne zdj\u0119cia I Wicewojewody Lubelskiego Pana Wojciecha Wo\u0142ocha, Komendanta Wojew\u00f3dzkiego Policji w Lublinie inspektora Tomasza Gila z nowymi policjantami.\" class=\"img-responsive\" src=\"https:\/\/www.europesays.com\/pl\/wp-content\/uploads\/2026\/01\/68-283032_g.jpg\" style=\"max-width:100%; width:640px\"\/><\/p>\n<p>&#13;<br \/>\n&#13;<\/p>\n<p style=\"text-align:justify\">Tak du\u017cy nab\u00f3r do Policji Lubelskiej to dow\u00f3d na to, \u017ce Policja w naszym regionie wzmacnia swoje kadry i jest gotowa sprosta\u0107 nowym wyzwaniom w trosce o bezpiecze\u0144stwo mieszka\u0144c\u00f3w Lubelszczyzny. Jednocze\u015bnie to r\u00f3wnie\u017c dow\u00f3d rosn\u0105cego zaufania spo\u0142ecznego i atrakcyjno\u015bci zawodu policjanta. Coraz wi\u0119cej m\u0142odych os\u00f3b, w tym tak\u017ce kobiet, decyduje si\u0119 na pe\u0142nienie tej odpowiedzialnej s\u0142u\u017cby.<\/p>\n<p><img decoding=\"async\" alt=\"Wsp\u00f3lne zdj\u0119cie nowych policjant\u00f3w.\" class=\"img-responsive\" src=\"https:\/\/www.europesays.com\/pl\/wp-content\/uploads\/2026\/01\/68-283036_g.jpg\" style=\"max-width:100%; width:640px\"\/><\/p>\n<p>&#13;<br \/>\n&#13;<\/p>\n<p style=\"text-align:justify\">Wcieleni do Policji Lubelskiej nowi str\u00f3\u017ce prawa po uko\u0144czeniu szkolenia podstawowego zasil\u0105 szeregi komend\u00a0w Bia\u0142ej\u00a0Podlaskiej (6), Lublinie (25), Che\u0142mie (14), Zamo\u015bciu (9), Hrubieszowie (2), Krasnymstawie (2), Kra\u015bniku (1), \u0141\u0119cznej (5), \u0141ukowie (3), Opolu Lubelskim (1), Parczewie (1), Pu\u0142awach (5), Rykach (5), \u015awidniku (4), Tomaszowie Lubelskim (2), W\u0142odawie (3), Oddziale Prewencji Policji w Lublinie (13), KWP w Lublinie (8).<\/p>\n<p><img decoding=\"async\" alt=\"Wsp\u00f3lne zdj\u0119cie nowych policjant\u00f3w.\" class=\"img-responsive\" src=\"https:\/\/www.europesays.com\/pl\/wp-content\/uploads\/2026\/01\/68-283035_g.jpg\" style=\"max-width:100%; width:640px\"\/><\/p>\n<p>&#13;<br \/>\n&#13;<\/p>\n<p style=\"text-align:justify\">Na koniec 2025 roku w lubelskim garnizonie Policji s\u0142u\u017cb\u0119 pe\u0142ni 5226 funkcjonariuszy.(Stan wakat\u00f3w to 2,5%). Tylko w 2025 roku do Policji \u00a0Lubelskiej przyj\u0119li\u015bmy 301 nowych funkcjonariuszy. W 2025 roku podania o przyj\u0119cie z\u0142o\u017cy\u0142o ponad 2 tysi\u0105ce ch\u0119tnych!<\/p>\n<p><img decoding=\"async\" alt=\"Plakat zach\u0119caj\u0105cy do wst\u0105pienia w szeregi policji.\" class=\"img-responsive\" src=\"https:\/\/www.europesays.com\/pl\/wp-content\/uploads\/2026\/01\/68-283037_g.jpg\" style=\"max-width:100%; width:640px\"\/><\/p>\n<p>&#13;<br \/>\n&#13;<\/p>\n<p>Zach\u0119camy do wst\u0105pienia w szeregi Policji!<\/p>\n<p>&#13;<br \/>\n&#13;<\/p>\n<p>Informacje o przebiegu procedury rekrutacyjnej, warunkach, jakie trzeba spe\u0142ni\u0107, by zosta\u0107 policjantem oraz wymaganych dokumentach rozpoczynaj\u0105cych dob\u00f3r, mo\u017cna uzyska\u0107 w Sekcji Doboru Wydzia\u0142u Kadr i Szkolenia Komendy Wojew\u00f3dzkiej Policji w Lublinie przy ulicy Narutowicza 73, pod numerem 47 811-46-55.<br \/>&#13;<br \/>\n<br \/>&#13;<br \/>\n<a href=\"https:\/\/lubelska.policja.gov.pl\/lub\/aktualnosci\/galerie\/165607,109-nowych-funkcjonariuszy-w-szeregach-Policji-Lubelskiej.html?sid=2c6ecf5d82491c8bc883cde6e4977c8f\" rel=\"nofollow noopener\" target=\"_blank\">Zobacz wi\u0119cej zdj\u0119\u0107 z uroczysto\u015bci \u015blubowania nowych funkcjonariuszy.<\/a><\/p>\n<p>&#13;<br \/>\n&#13;<\/p>\n<p>nadkomisarz Anna Kamola\u00a0<\/p>\n<p>&#13;<br \/>\n          &#13;<br \/>\n  &#13;<\/p>\n","protected":false},"excerpt":{"rendered":"&#13; 109 nowych funkcjonariuszy w szeregach Policji Lubelskiej Data publikacji 08.01.2026 Dzisiaj w Sali Konferencyjnej KWP w Lublinie&hellip;\n","protected":false},"author":2,"featured_media":195268,"comment_status":"","ping_status":"","sticky":false,"template":"","format":"standard","meta":{"footnotes":""},"categories":[5],"tags":[32,33,36,37,27,34,35,28,31,25,42,38,40,39,41,29,30,26],"class_list":{"0":"post-195267","1":"post","2":"type-post","3":"status-publish","4":"format-standard","5":"has-post-thumbnail","7":"category-naglowki","8":"tag-breaking-news","9":"tag-breakingnews","10":"tag-featured-news","11":"tag-featurednews","12":"tag-headlines","13":"tag-latest-news","14":"tag-latestnews","15":"tag-naglowki","16":"tag-najwazniejsze-artykuly","17":"tag-news","18":"tag-pl","19":"tag-poland","20":"tag-polish","21":"tag-polska","22":"tag-polski","23":"tag-top-stories","24":"tag-topstories","25":"tag-wiadomosci"},"share_on_mastodon":{"url":"https:\/\/pubeurope.com\/@pl\/115863890562708891","error":""},"_links":{"self":[{"href":"https:\/\/www.europesays.com\/pl\/wp-json\/wp\/v2\/posts\/195267","targetHints":{"allow":["GET"]}}],"collection":[{"href":"https:\/\/www.europesays.com\/pl\/wp-json\/wp\/v2\/posts"}],"about":[{"href":"https:\/\/www.europesays.com\/pl\/wp-json\/wp\/v2\/types\/post"}],"author":[{"embeddable":true,"href":"https:\/\/www.europesays.com\/pl\/wp-json\/wp\/v2\/users\/2"}],"replies":[{"embeddable":true,"href":"https:\/\/www.europesays.com\/pl\/wp-json\/wp\/v2\/comments?post=195267"}],"version-history":[{"count":0,"href":"https:\/\/www.europesays.com\/pl\/wp-json\/wp\/v2\/posts\/195267\/revisions"}],"wp:featuredmedia":[{"embeddable":true,"href":"https:\/\/www.europesays.com\/pl\/wp-json\/wp\/v2\/media\/195268"}],"wp:attachment":[{"href":"https:\/\/www.europesays.com\/pl\/wp-json\/wp\/v2\/media?parent=195267"}],"wp:term":[{"taxonomy":"category","embeddable":true,"href":"https:\/\/www.europesays.com\/pl\/wp-json\/wp\/v2\/categories?post=195267"},{"taxonomy":"post_tag","embeddable":true,"href":"https:\/\/www.europesays.com\/pl\/wp-json\/wp\/v2\/tags?post=195267"}],"curies":[{"name":"wp","href":"https:\/\/api.w.org\/{rel}","templated":true}]}}