{"id":195321,"date":"2026-01-09T07:40:10","date_gmt":"2026-01-09T07:40:10","guid":{"rendered":"https:\/\/www.europesays.com\/pl\/195321\/"},"modified":"2026-01-09T07:40:10","modified_gmt":"2026-01-09T07:40:10","slug":"asrock-prezentuje-odswiezone-plyty-glowne-z-serii-challenger-i-rock-dla-procesorow-intela-i-amd-na-targach-ces-2026","status":"publish","type":"post","link":"https:\/\/www.europesays.com\/pl\/195321\/","title":{"rendered":"ASRock prezentuje od\u015bwie\u017cone p\u0142yty g\u0142\u00f3wne z serii Challenger i Rock dla procesor\u00f3w Intela i AMD na targach CES 2026"},"content":{"rendered":"<p><img decoding=\"async\" class=\"teaserfoto\" src=\"https:\/\/www.europesays.com\/pl\/wp-content\/uploads\/2026\/01\/49479.png\" alt=\"ASRock prezentuje od\u015bwie\u017cone p\u0142yty g\u0142\u00f3wne z serii Challenger i Rock dla procesor\u00f3w Intela i AMD na targach CES 2026\"\/>ASRock podczas targ\u00f3w CES 2026 zaprezentowa\u0142 kilka nowych p\u0142yt g\u0142\u00f3wnych przeznaczonych dla procesor\u00f3w AMD Ryzen 7000 i 9000 (AM5), a tak\u017ce Intel Core Ultra 200K (LGA 1851), kt\u00f3re maj\u0105 uzupe\u0142ni\u0107 dotychczasow\u0105 ofert\u0119 producenta. W\u015br\u00f3d nowo\u015bci znalaz\u0142y si\u0119 konstrukcje z serii Challenger i Rock, dost\u0119pne w formatach ATX, micro-ATX oraz E-ATX. Sprawd\u017amy, co tym razem przygotowa\u0142 tajwa\u0144ski producent elektroniki.<\/p>\n<p>ASRock podczas targ\u00f3w CES 2026 zaprezentowa\u0142 p\u0142yty g\u0142\u00f3wne z serii Challenger i Rock. Cho\u0107 ich dok\u0142adne specyfikacje nie s\u0105 jeszcze znane, to mo\u017cemy ju\u017c wst\u0119pnie przyjrze\u0107 si\u0119 ich konstrukcji.<\/p>\n<p><a class=\"colorbox\" href=\"https:\/\/www.purepc.pl\/image\/news\/2026\/01\/08_asrock_prezentuje_odswiezone_plyty_glowne_z_serii_challenger_i_rock_dla_procesorow_intela_i_amd_na_targach_ces_2026_0_b.jpg\" rel=\"nofollow noopener\" target=\"_blank\"><img decoding=\"async\" src=\"https:\/\/www.europesays.com\/pl\/wp-content\/uploads\/2026\/01\/08_asrock_prezentuje_odswiezone_plyty_glowne_z_serii_challenger_i_rock_dla_procesorow_intela_i_amd_n.jpeg\" alt=\"ASRock prezentuje od\u015bwie\u017cone p\u0142yty g\u0142\u00f3wne z serii Challenger i Rock dla procesor\u00f3w Intela i AMD na targach CES 2026 [1]\"\/><\/a><\/p>\n<p><a title=\"Chipset AMD B650 nadal pozostaje w produkcji. Wszystko przez dro\u017cej\u0105ce pami\u0119ci RAM\" href=\"https:\/\/www.purepc.pl\/amd-b650-nadal-w-produkcji\" rel=\"nofollow noopener\" target=\"_blank\">Chipset AMD B650 nadal pozostaje w produkcji. Wszystko przez dro\u017cej\u0105ce pami\u0119ci RAM<\/a><\/p>\n<p>Pierwsz\u0105 zaprezentowan\u0105 konstrukcj\u0105 jest <a href=\"https:\/\/www.purepc.pl\/tagi\/ASRock\" target=\"_blank\" rel=\"nofollow noopener\">ASRock<\/a> B850M Challenger WiFi w formacie micro-ATX, przeznaczona dla procesor\u00f3w <a href=\"https:\/\/www.purepc.pl\/tagi\/Ryzen-7000\" target=\"_blank\" rel=\"nofollow noopener\">AMD Ryzen 7000<\/a> i <a href=\"https:\/\/www.purepc.pl\/tagi\/Ryzen-9000\" target=\"_blank\" rel=\"nofollow noopener\">9000<\/a> (AM5), stanowi\u0105ca odpowiednik wersji ATX. Sekcja zasilania VRM pozosta\u0142a bez wi\u0119kszych zmian i nadal zapewnia solidn\u0105 podstaw\u0119 do zasilania procesora. Standardowo otrzymujemy obs\u0142ug\u0119 Wi-Fi 7 oraz bogaty zestaw tylnych port\u00f3w wej\u015bcia\/wyj\u015bcia. Zauwa\u017caln\u0105 zmian\u0105 jest natomiast usuni\u0119cie jednego slotu PCIe x4, przy jednoczesnym zachowaniu czteroslotowego odst\u0119pu pomi\u0119dzy pe\u0142nowymiarowymi gniazdami PCIe. Obie p\u0142yty g\u0142\u00f3wne\u00a0wyposa\u017cono r\u00f3wnie\u017c w cztery gniazda dla pami\u0119ci RAM DDR5. Produkt b\u0119dzie dost\u0119pny r\u00f3wnie\u017c w bia\u0142ej wersji kolorystycznej.<\/p>\n<p><a class=\"colorbox\" href=\"https:\/\/www.purepc.pl\/image\/news\/2026\/01\/08_asrock_prezentuje_odswiezone_plyty_glowne_z_serii_challenger_i_rock_dla_procesorow_intela_i_amd_na_targach_ces_2026_1_b.jpg\" rel=\"nofollow noopener\" target=\"_blank\"><img decoding=\"async\" src=\"https:\/\/www.europesays.com\/pl\/wp-content\/uploads\/2026\/01\/1767944409_369_08_asrock_prezentuje_odswiezone_plyty_glowne_z_serii_challenger_i_rock_dla_procesorow_intela_i_amd_n.jpeg\" alt=\"ASRock prezentuje od\u015bwie\u017cone p\u0142yty g\u0142\u00f3wne z serii Challenger i Rock dla procesor\u00f3w Intela i AMD na targach CES 2026 [2]\"\/><\/a><\/p>\n<p><a class=\"colorbox\" href=\"https:\/\/www.purepc.pl\/image\/news\/2026\/01\/08_asrock_prezentuje_odswiezone_plyty_glowne_z_serii_challenger_i_rock_dla_procesorow_intela_i_amd_na_targach_ces_2026_2_b.jpg\" rel=\"nofollow noopener\" target=\"_blank\"><img decoding=\"async\" src=\"https:\/\/www.europesays.com\/pl\/wp-content\/uploads\/2026\/01\/1767944409_818_08_asrock_prezentuje_odswiezone_plyty_glowne_z_serii_challenger_i_rock_dla_procesorow_intela_i_amd_n.jpeg\" alt=\"ASRock prezentuje od\u015bwie\u017cone p\u0142yty g\u0142\u00f3wne z serii Challenger i Rock dla procesor\u00f3w Intela i AMD na targach CES 2026 [3]\"\/><\/a><\/p>\n<p><a title=\"Gigabyte uruchamia lokaln\u0105 produkcj\u0119 w Indiach. P\u0142yty g\u0142\u00f3wne pierwszym krokiem ekspansji, potem laptopy i monitory\" href=\"https:\/\/www.purepc.pl\/gigabyte-indie-produkcja-plyty-glowne-monitory-laptopy-dywersyfikacja-lancucha-dostaw-ekspansja\" rel=\"nofollow noopener\" target=\"_blank\">Gigabyte uruchamia lokaln\u0105 produkcj\u0119 w Indiach. P\u0142yty g\u0142\u00f3wne pierwszym krokiem ekspansji, potem laptopy i monitory<\/a><\/p>\n<p>Zaprezentowano r\u00f3wnie\u017c p\u0142yty g\u0142\u00f3wne ASRock X870 Challenger WiFi oraz X870E Challenger WiFi, b\u0119d\u0105ce bardziej rozbudowanymi wersjami wcze\u015bniej wspomnianych modeli, dost\u0119pne w formatach ATX oraz E-ATX. Zastosowano w nich wyra\u017anie wi\u0119ksz\u0105 sekcj\u0119 VRM wraz z masywniejszym uk\u0142adem ch\u0142odzenia, a tak\u017ce zwi\u0119kszon\u0105 liczb\u0119 z\u0142\u0105czy USB i header\u00f3w dla wentylator\u00f3w. Za zasilanie sekcji VRM odpowiadaj\u0105 dwa 8-pinowe z\u0142\u0105cza EPS, co ma prze\u0142o\u017cy\u0107 si\u0119 na lepsz\u0105 stabilno\u015b\u0107 dostarczania mocy. Ponownie mamy do czynienia z czterema gniazdami dla <a href=\"https:\/\/www.purepc.pl\/tagi\/ddr5\" target=\"_blank\" rel=\"nofollow noopener\">pami\u0119ci RAM DDR5<\/a>. Nie s\u0105 to jednak konstrukcje flagowe, lecz modele z wy\u017cszej p\u00f3\u0142ki jako\u015bciowej, oferuj\u0105ce bardziej zr\u00f3wnowa\u017cony stosunek mo\u017cliwo\u015bci do ceny.<\/p>\n<p><a class=\"colorbox\" href=\"https:\/\/www.purepc.pl\/image\/news\/2026\/01\/08_asrock_prezentuje_odswiezone_plyty_glowne_z_serii_challenger_i_rock_dla_procesorow_intela_i_amd_na_targach_ces_2026_3_b.jpg\" rel=\"nofollow noopener\" target=\"_blank\"><img decoding=\"async\" src=\"https:\/\/www.europesays.com\/pl\/wp-content\/uploads\/2026\/01\/1767944409_587_08_asrock_prezentuje_odswiezone_plyty_glowne_z_serii_challenger_i_rock_dla_procesorow_intela_i_amd_n.jpeg\" alt=\"ASRock prezentuje od\u015bwie\u017cone p\u0142yty g\u0142\u00f3wne z serii Challenger i Rock dla procesor\u00f3w Intela i AMD na targach CES 2026 [4]\"\/><\/a><\/p>\n<p><a class=\"colorbox\" href=\"https:\/\/www.purepc.pl\/image\/news\/2026\/01\/08_asrock_prezentuje_odswiezone_plyty_glowne_z_serii_challenger_i_rock_dla_procesorow_intela_i_amd_na_targach_ces_2026_4_b.jpg\" rel=\"nofollow noopener\" target=\"_blank\"><img decoding=\"async\" src=\"https:\/\/www.europesays.com\/pl\/wp-content\/uploads\/2026\/01\/1767944410_577_08_asrock_prezentuje_odswiezone_plyty_glowne_z_serii_challenger_i_rock_dla_procesorow_intela_i_amd_n.jpeg\" alt=\"ASRock prezentuje od\u015bwie\u017cone p\u0142yty g\u0142\u00f3wne z serii Challenger i Rock dla procesor\u00f3w Intela i AMD na targach CES 2026 [5]\"\/><\/a><\/p>\n<p><a title=\"ASRock H610M COMBO - p\u0142yta g\u0142\u00f3wna mATX, kt\u00f3ra obs\u0142uguje DDR4 i DDR5. Na pok\u0142adzie gniazdo Ultra M.2 i LGA1700\" href=\"https:\/\/www.purepc.pl\/plyta-glowa-asrock-h610m-combo-ddr4-ddr5-specyfikacja-cena\" rel=\"nofollow noopener\" target=\"_blank\">ASRock H610M COMBO &#8211; p\u0142yta g\u0142\u00f3wna mATX, kt\u00f3ra obs\u0142uguje DDR4 i DDR5. Na pok\u0142adzie gniazdo Ultra M.2 i LGA1700<\/a><\/p>\n<p>Wystaw\u0119 zamykaj\u0105 dwie konstrukcje ze \u015bredniego segmentu: ASRock B860 Rock WiFi dla procesor\u00f3w Intel Core Ultra 200K (<a href=\"https:\/\/www.purepc.pl\/tagi\/LGA-1851\" target=\"_blank\" rel=\"nofollow noopener\">LGA 1851<\/a>) w formacie ATX oraz ASRock B850M Rock WiFi dla procesor\u00f3w AMD Ryzen 7000 i 9000 (<a href=\"https:\/\/www.purepc.pl\/tagi\/am5\" target=\"_blank\" rel=\"nofollow noopener\">AM5<\/a>) w formacie micro-ATX. Obie p\u0142yty g\u0142\u00f3wne oferuj\u0105 trzy gniazda M.2 dla no\u015bnik\u00f3w SSD, cho\u0107 jedno z nich prawdopodobnie jest zaj\u0119te przez wst\u0119pnie zainstalowan\u0105 kart\u0119 Wi-Fi 7, oraz dwa pe\u0142nowymiarowe sloty PCIe x16. Konstrukcje te maj\u0105 zapewni\u0107 u\u017cytkownikom wszystko, co potrzebne do stabilnej pracy, a wi\u0119c mocn\u0105 sekcje VRM, brak dodatkowych funkcji czy efekt\u00f3w RGB oraz prost\u0105, metalow\u0105 stylistyk\u0119. Ceny, dok\u0142adne specyfikacje i dost\u0119pno\u015b\u0107 wszystkich opisanych modeli nie zosta\u0142y jeszcze ujawnione.<\/p>\n<p><a class=\"colorbox\" href=\"https:\/\/www.purepc.pl\/image\/news\/2026\/01\/08_asrock_prezentuje_odswiezone_plyty_glowne_z_serii_challenger_i_rock_dla_procesorow_intela_i_amd_na_targach_ces_2026_5_b.jpg\" rel=\"nofollow noopener\" target=\"_blank\"><img decoding=\"async\" src=\"https:\/\/www.europesays.com\/pl\/wp-content\/uploads\/2026\/01\/1767944410_859_08_asrock_prezentuje_odswiezone_plyty_glowne_z_serii_challenger_i_rock_dla_procesorow_intela_i_amd_n.jpeg\" alt=\"ASRock prezentuje od\u015bwie\u017cone p\u0142yty g\u0142\u00f3wne z serii Challenger i Rock dla procesor\u00f3w Intela i AMD na targach CES 2026 [6]\"\/><\/a><\/p>\n<p><a class=\"colorbox\" href=\"https:\/\/www.purepc.pl\/image\/news\/2026\/01\/08_asrock_prezentuje_odswiezone_plyty_glowne_z_serii_challenger_i_rock_dla_procesorow_intela_i_amd_na_targach_ces_2026_6_b.jpg\" rel=\"nofollow noopener\" target=\"_blank\"><img decoding=\"async\" src=\"https:\/\/www.europesays.com\/pl\/wp-content\/uploads\/2026\/01\/1767944410_945_08_asrock_prezentuje_odswiezone_plyty_glowne_z_serii_challenger_i_rock_dla_procesorow_intela_i_amd_n.jpeg\" alt=\"ASRock prezentuje od\u015bwie\u017cone p\u0142yty g\u0142\u00f3wne z serii Challenger i Rock dla procesor\u00f3w Intela i AMD na targach CES 2026 [7]\"\/><\/a><\/p>\n<p>\u0179r\u00f3d\u0142o: ASRock, TechPowerUp<\/p>\n","protected":false},"excerpt":{"rendered":"ASRock podczas targ\u00f3w CES 2026 zaprezentowa\u0142 kilka nowych p\u0142yt g\u0142\u00f3wnych przeznaczonych dla procesor\u00f3w AMD Ryzen 7000 i 9000&hellip;\n","protected":false},"author":2,"featured_media":195322,"comment_status":"","ping_status":"","sticky":false,"template":"","format":"standard","meta":{"footnotes":""},"categories":[20],"tags":[370,323,37836,37837,37838,22153,37839,37840,399,4811,7458,120,118,119,42,27518,38,40,39,41,649,26381,37841,37842,116,114,115,121,117,37843,37844],"class_list":{"0":"post-195321","1":"post","2":"type-post","3":"status-publish","4":"format-standard","5":"has-post-thumbnail","7":"category-nauka-i-technika","8":"tag-am5","9":"tag-amd","10":"tag-asrock","11":"tag-b850","12":"tag-b860","13":"tag-ces-2026","14":"tag-challenger","15":"tag-core-ultra-200k","16":"tag-informacje","17":"tag-intel","18":"tag-lga-1851","19":"tag-nauka","20":"tag-nauka-i-technika","21":"tag-naukatechnika","22":"tag-pl","23":"tag-plyty-glowne","24":"tag-poland","25":"tag-polish","26":"tag-polska","27":"tag-polski","28":"tag-premiera","29":"tag-rock","30":"tag-ryzen-7000","31":"tag-ryzen-9000","32":"tag-science","33":"tag-science-and-technology","34":"tag-sciencetechnology","35":"tag-technika","36":"tag-technology","37":"tag-x870","38":"tag-x870e"},"share_on_mastodon":{"url":"https:\/\/pubeurope.com\/@pl\/115864012545929732","error":""},"_links":{"self":[{"href":"https:\/\/www.europesays.com\/pl\/wp-json\/wp\/v2\/posts\/195321","targetHints":{"allow":["GET"]}}],"collection":[{"href":"https:\/\/www.europesays.com\/pl\/wp-json\/wp\/v2\/posts"}],"about":[{"href":"https:\/\/www.europesays.com\/pl\/wp-json\/wp\/v2\/types\/post"}],"author":[{"embeddable":true,"href":"https:\/\/www.europesays.com\/pl\/wp-json\/wp\/v2\/users\/2"}],"replies":[{"embeddable":true,"href":"https:\/\/www.europesays.com\/pl\/wp-json\/wp\/v2\/comments?post=195321"}],"version-history":[{"count":0,"href":"https:\/\/www.europesays.com\/pl\/wp-json\/wp\/v2\/posts\/195321\/revisions"}],"wp:featuredmedia":[{"embeddable":true,"href":"https:\/\/www.europesays.com\/pl\/wp-json\/wp\/v2\/media\/195322"}],"wp:attachment":[{"href":"https:\/\/www.europesays.com\/pl\/wp-json\/wp\/v2\/media?parent=195321"}],"wp:term":[{"taxonomy":"category","embeddable":true,"href":"https:\/\/www.europesays.com\/pl\/wp-json\/wp\/v2\/categories?post=195321"},{"taxonomy":"post_tag","embeddable":true,"href":"https:\/\/www.europesays.com\/pl\/wp-json\/wp\/v2\/tags?post=195321"}],"curies":[{"name":"wp","href":"https:\/\/api.w.org\/{rel}","templated":true}]}}