{"id":195325,"date":"2026-01-09T07:42:10","date_gmt":"2026-01-09T07:42:10","guid":{"rendered":"https:\/\/www.europesays.com\/pl\/195325\/"},"modified":"2026-01-09T07:42:10","modified_gmt":"2026-01-09T07:42:10","slug":"w-ukrainie-przy-granicy-z-polska-mogla-spasc-rakieta-oresznik-leciala-z-predkoscia-13-tys-km-na-godz-onet","status":"publish","type":"post","link":"https:\/\/www.europesays.com\/pl\/195325\/","title":{"rendered":"W Ukrainie, przy granicy z Polsk\u0105, mog\u0142a spa\u015b\u0107 rakieta Oresznik. &quot;Lecia\u0142a z pr\u0119dko\u015bci\u0105 13 tys. km na godz.&quot; &#8211; Onet"},"content":{"rendered":"<ol>\n<li><a href=\"https:\/\/news.google.com\/rss\/articles\/CBMiywFBVV95cUxON3BUTzMtajFXQzdoMnFTNnVIZ1g4Uk9uV081VTlTVjUwOVZZRkRXOXE3c3M4SmItcTRHSXQ1TnJmcnhWYzBFMkNsaWtRZXVHS0hKWnhXVzFlUzI0MTkwcUJwdUNBOVlKSm1lTVhEZWxXakozakh4YmdwTHU0ZzZsOEJrMW1BTFRCeGFNajFDUEh0RU50ZVhGMzlPZ3BMOFJsRVUxMDMtblBqOWNmZ25fc3pWWnlydVhIdExKUTBWSFJ1NFEwRmRDazBTVQ?oc=5\" target=\"_blank\" rel=\"nofollow noopener\">W Ukrainie, przy granicy z Polsk\u0105, mog\u0142a spa\u015b\u0107 rakieta Oresznik. &#8222;Lecia\u0142a z pr\u0119dko\u015bci\u0105 13 tys. km na godz.&#8221;<\/a>&nbsp;&nbsp;Onet<\/li>\n<li><a href=\"https:\/\/news.google.com\/rss\/articles\/CBMivwFBVV95cUxNRF95T1ZwZGxVWjh5RVV4UVFYb0xnMjRSVUVfV0xpMzZEZDcxZS0ta1RmVnpWN1hCd0VQcjZrdURubUtLeFFvWmFGZ2J1MFZKWkcyNDdKQ2Nzb0xHdF9mclE3VVhqRjdmbEVENGxySDZFcTNpR2trbWh4VlVnUVVkSVM4UWpVTHhCMWJ4MDlaLTVlYkxsWGVwRjNIc2NTbWtlOU9hblN0RG5OLWoyX20xV0xQQWpnWWE3ZnlrT0w3QQ?oc=5\" target=\"_blank\" rel=\"nofollow noopener\">Zmasowany atak Rosjan po ostrze\u017ceniach USA. Uderzenia w Kijowie i we Lwowie<\/a>&nbsp;&nbsp;Wydarzenia w INTERIA.PL<\/li>\n<li><a href=\"https:\/\/news.google.com\/rss\/articles\/CBMiqAFBVV95cUxONTFJVE9MWXA0NjI4c19kT3ljRkV0Z05oRGpUZmFKbmdPTVBaMFQ1bXJ5eTRnbVNoWDBKNnJYUU1qT3ZWR0RhLUp4RnF2VHM1MnRCZTk2bGN6ellCTlF1YWF2bmlqbWdVRjNOVVV1RTBjZ2RWRkxZY2p3SlZjR0xqYmQ4amh3allndTV1RkNfWEszdkFLamVfQmk2TGZST0hVSGc2dC1TSzA?oc=5\" target=\"_blank\" rel=\"nofollow noopener\">W Ukrainie, niedaleko granicy z Polsk\u0105, spad\u0142a rakieta Oriesznik. Co wiemy<\/a>&nbsp;&nbsp;Onet Wiadomo\u015bci<\/li>\n<li><a href=\"https:\/\/news.google.com\/rss\/articles\/CBMimgFBVV95cUxQZXVSaERHajNaOFNNRllUMnowbHRIRHhzZjhuTkVjLVhXNGxPcTVOMlpBLUJvVzZUOWV2WU00ZHQzbVI5RnVySVdpd3UyRE5ZZnJWZU1OZXpsS1V0aW9JZEFXT0RVS3MybkJZRWNBTE96UHlzcElKcmNlQXdaMDd3S3hGWG9IbEFmNUxPeUo2U0tWTGVQMXFKZ3N3?oc=5\" target=\"_blank\" rel=\"nofollow noopener\">Rosjanie potwierdzaj\u0105. Wystrzelili rakiety Oriesznik<\/a>&nbsp;&nbsp;WP Wiadomo\u015bci<\/li>\n<li><a href=\"https:\/\/news.google.com\/rss\/articles\/CBMiugFBVV95cUxNWmNRdFl2dnFFeWhpaE8wbHgtYkVkM0tfeTI1MnJYRGE5Xzh6SjNPajFQZU8zcWJxdW8zVk5iTDlQNzlrSDZleGRlWmhsQkczSFJGTjI3UkhnVkNsVnF1Yi1NZGpiZkRQS3hEbnNqNEhpbTk0RjhHQXZBcEtaVEUtRmRkNjMzNWoyTTA4c0xleHFDc3M2Vmo3VmtUS2lOSEtUa1hYOVE2Q2l6ZGk3SjFxdzlfV2ZrNWlpVnc?oc=5\" target=\"_blank\" rel=\"nofollow noopener\">Nocny atak na Lw\u00f3w i Kij\u00f3w. Rosjanie u\u017cyli Oresznika?<\/a>&nbsp;&nbsp;RMF24<\/li>\n<\/ol>\n","protected":false},"excerpt":{"rendered":"W Ukrainie, przy granicy z Polsk\u0105, mog\u0142a spa\u015b\u0107 rakieta Oresznik. &#8222;Lecia\u0142a z pr\u0119dko\u015bci\u0105 13 tys. km na godz.&#8221;&nbsp;&nbsp;Onet&hellip;\n","protected":false},"author":2,"featured_media":195326,"comment_status":"","ping_status":"","sticky":false,"template":"","format":"standard","meta":{"footnotes":""},"categories":[14],"tags":[32,33,244,27,64,34,35,28,31,53,25,52,68,51,18049,55,40,41,62,47,1998,80,29,30,390,65,50,26,82,83,84],"class_list":{"0":"post-195325","1":"post","2":"type-post","3":"status-publish","4":"format-standard","5":"has-post-thumbnail","7":"category-swiat","8":"tag-breaking-news","9":"tag-breakingnews","10":"tag-ctr_tst","11":"tag-headlines","12":"tag-inwazja_rosji_na_ukraine_2014_","13":"tag-latest-news","14":"tag-latestnews","15":"tag-naglowki","16":"tag-najwazniejsze-artykuly","17":"tag-new_header","18":"tag-news","19":"tag-onet3","20":"tag-onet3d","21":"tag-onet3d_2i","22":"tag-oresznik","23":"tag-phx","24":"tag-polish","25":"tag-polski","26":"tag-rosja_kraj_rosjanin_rosjanie_rosjanka_rosjanki","27":"tag-screening_general","28":"tag-short_news","29":"tag-swiat","30":"tag-top-stories","31":"tag-topstories","32":"tag-ukraina_ukrainiec_ukrainka_ukraincy_ukrainki","33":"tag-update_me","34":"tag-v2021","35":"tag-wiadomosci","36":"tag-world","37":"tag-world-news","38":"tag-worldnews"},"share_on_mastodon":{"url":"","error":"Validation failed: Text character limit of 500 exceeded"},"_links":{"self":[{"href":"https:\/\/www.europesays.com\/pl\/wp-json\/wp\/v2\/posts\/195325","targetHints":{"allow":["GET"]}}],"collection":[{"href":"https:\/\/www.europesays.com\/pl\/wp-json\/wp\/v2\/posts"}],"about":[{"href":"https:\/\/www.europesays.com\/pl\/wp-json\/wp\/v2\/types\/post"}],"author":[{"embeddable":true,"href":"https:\/\/www.europesays.com\/pl\/wp-json\/wp\/v2\/users\/2"}],"replies":[{"embeddable":true,"href":"https:\/\/www.europesays.com\/pl\/wp-json\/wp\/v2\/comments?post=195325"}],"version-history":[{"count":0,"href":"https:\/\/www.europesays.com\/pl\/wp-json\/wp\/v2\/posts\/195325\/revisions"}],"wp:featuredmedia":[{"embeddable":true,"href":"https:\/\/www.europesays.com\/pl\/wp-json\/wp\/v2\/media\/195326"}],"wp:attachment":[{"href":"https:\/\/www.europesays.com\/pl\/wp-json\/wp\/v2\/media?parent=195325"}],"wp:term":[{"taxonomy":"category","embeddable":true,"href":"https:\/\/www.europesays.com\/pl\/wp-json\/wp\/v2\/categories?post=195325"},{"taxonomy":"post_tag","embeddable":true,"href":"https:\/\/www.europesays.com\/pl\/wp-json\/wp\/v2\/tags?post=195325"}],"curies":[{"name":"wp","href":"https:\/\/api.w.org\/{rel}","templated":true}]}}