{"id":195329,"date":"2026-01-09T07:44:09","date_gmt":"2026-01-09T07:44:09","guid":{"rendered":"https:\/\/www.europesays.com\/pl\/195329\/"},"modified":"2026-01-09T07:44:09","modified_gmt":"2026-01-09T07:44:09","slug":"wojciech-fibak-ma-trzy-corki-dzieli-je-duza-roznica-wieku-oto-czym-sie-zajmuja","status":"publish","type":"post","link":"https:\/\/www.europesays.com\/pl\/195329\/","title":{"rendered":"Wojciech Fibak ma trzy c\u00f3rki. Dzieli je du\u017ca r\u00f3\u017cnica wieku. Oto czym si\u0119 zajmuj\u0105"},"content":{"rendered":"<p class=\"Paragraph_desktopParagraph__Fd2e9\">Wojciech Fibak w m\u0142odo\u015bci o\u017ceni\u0142 si\u0119 z ukochan\u0105 Ew\u0105, ale ich ma\u0142\u017ce\u0144stwo po kilkunastu latach si\u0119 rozpad\u0142o. W latach 70. para doczeka\u0142a si\u0119 dw\u00f3ch c\u00f3rek. &#8222;Brakowa\u0142o mi rodzinnego domu, ale prowadzi\u0142em intensywne \u017cycie. I bardzo szybko poch\u0142on\u0119\u0142a mnie moja w\u0142asna rodzina. Z Ew\u0105, moj\u0105 pierwsz\u0105 \u017con\u0105, pobrali\u015bmy si\u0119 jako m\u0142odzi ludzie, a Agnieszka urodzi\u0142a si\u0119, kiedy mia\u0142em 23 lata. Szybko to \u017cycie p\u0142yn\u0119\u0142o&#8221; \u2014 opowiada\u0142 by\u0142y tenisista w 2012 r. w &#8222;Magazynie Sportowym&#8221;.<\/p>\n<p class=\"VideoPlayerText_videoPlayerText__zrtJk\">Dalszy ci\u0105g materia\u0142u pod wideo<\/p>\n<p>Wojciech Fibak nie zamierza\u0142 tego ukrywa\u0107. To dlatego jego c\u00f3rki nie zosta\u0142y tenisistkami<\/p>\n<p class=\"Paragraph_desktopParagraph__Fd2e9\">W tym samym wywiadzie zdradzi\u0142, czy nie chcia\u0142, by c\u00f3rki posz\u0142y w jego \u015blady i zosta\u0142y tenisistkami. &#8222;Agnieszka i Paulinka by\u0142y zbyt delikatne. [&#8230;] Uczciwie powiem \u2014 nie mia\u0142y a\u017c takiej smyka\u0142ki. Nie mia\u0142y tych ruch\u00f3w. Nie by\u0142o sensu ich zmusza\u0107. Inaczej jest, je\u017celi od ma\u0142ego ma si\u0119 wszystko, jak one mia\u0142y, a inaczej, je\u017celi co\u015b trzeba wyrwa\u0107 dla siebie. [&#8230;] Moje c\u00f3rki mieszka\u0142y w Pary\u017cu w XVIII-wiecznym domu, chodzi\u0142y do najlepszych szk\u00f3\u0142, by\u0142y wo\u017cone przez kierowc\u00f3w, w Greenwich mia\u0142y basen wewn\u0119trzny, basen zewn\u0119trzny. To os\u0142abia motywacj\u0119. Poza tym, je\u017celi nie ma iskry bo\u017cej, to z dzieckiem trzeba du\u017co pracowa\u0107, jak najwcze\u015bniej zacz\u0105\u0107. Od naszych dziewczynek nikt tego nie oczekiwa\u0142. Cz\u0119sto dzieci os\u00f3b, kt\u00f3re osi\u0105gn\u0119\u0142y sukces, wpadaj\u0105 w tarapaty: alkohol, narkotyki, z\u0142e towarzystwo. Ja jestem dumny z c\u00f3rek, bo wyros\u0142y na normalne dziewczyny&#8221; \u2014 <a href=\"https:\/\/przegladsportowy.onet.pl\/tenis\/wojciech-fibak-wiele-rzeczy-mi-sie-nie-udalo\/4kqv731\" id=\"0ed72251-0691-432e-8adc-16cfc0f8cc19\" rel=\"nofollow noopener\" target=\"_blank\">m\u00f3wi\u0142 Wojciech Fibak<\/a>.<\/p>\n<p class=\"Paragraph_desktopParagraph__Fd2e9\">C\u00f3rki by\u0142ego tenisisty z pierwszego ma\u0142\u017ce\u0144stwa od dawna mieszkaj\u0105 za granic\u0105. Przed laty obie studiowa\u0142y w Bostonie \u2014 Agnieszka uko\u0144czy\u0142a psychologi\u0119, a Paulina finanse. Pierwsza z nich \u017cyje ze swoj\u0105 rodzin\u0105 w Grecji i zajmuje si\u0119 pisaniem ksi\u0105\u017cek dla dzieci. M\u0142odsza osiedli\u0142a si\u0119 z bliskimi w Szwajcarii i jest dyrektork\u0105 inwestycyjnego banku w Genewie.<\/p>\n<p class=\"Paragraph_desktopParagraph__Fd2e9\">Obie maj\u0105 dzieci. Syn Agnieszki Lazaros odziedziczy\u0142 po dziadku pasj\u0119 do tenisa. Nastolatek trenuje w klubie Tatoi niedaleko Aten. Polacy mieli okazj\u0119 zobaczy\u0107 go w Grand Prix Wojciecha Fibaka, czyli mi\u0119dzynarodowym turnieju juniorskim rozgrywanym w ramach cyklu ITF Juniors w Poznaniu.<\/p>\n<p><img decoding=\"async\" src=\"https:\/\/www.europesays.com\/pl\/wp-content\/uploads\/2026\/01\/wojciech-fibak-z-pierwsza-zona-ewa-oraz-corkami-paulina-i-agnieszka-w-muzeum-narodowym-w-warszawie-w.jpeg\" alt=\"Wojciech Fibak z pierwsz\u0105 \u017con\u0105 Ew\u0105 oraz c\u00f3rkami Paulin\u0105 i Agnieszk\u0105 w Muzeum Narodowym w Warszawie w 1992 r. \" width=\"944\" height=\"611\" loading=\"lazy\" class=\"\" \/>Wojciech Fibak z pierwsz\u0105 \u017con\u0105 Ew\u0105 oraz c\u00f3rkami Paulin\u0105 i Agnieszk\u0105 w Muzeum Narodowym w Warszawie w 1992 r.  (Foto: Andrzej Rybczy\u0144ski \/ PAP (zdj\u0119cia) &#8211; PS.Onet.pl)By\u0142 po 50-tce, gdy po raz trzeci zosta\u0142 ojcem<\/p>\n<p class=\"Paragraph_desktopParagraph__Fd2e9\">Pod koniec lat 90. Wojciech Fibak pozna\u0142 m\u0142odsz\u0105 od niego o 23 lata Olg\u0119 Sieniawsk\u0105, kt\u00f3ra by\u0142a w\u00f3wczas studentk\u0105, a dorabia\u0142a sobie jako modelka. Gdy w 1998 r. by\u0142a na castingu, w przerwach schodzi\u0142a do kawiarni. To w\u0142a\u015bnie tam zobaczyli si\u0119 po raz pierwszy.<\/p>\n<p class=\"Paragraph_desktopParagraph__Fd2e9\">&#8222;Zobaczy\u0142em zmys\u0142ow\u0105, pi\u0119kn\u0105 dziewczyn\u0119. Ale instynktownie wyczu\u0142em w niej tak\u017ce klas\u0119 i osobowo\u015b\u0107&#8230;&#8221; \u2014 wspomina\u0142 wybitny tenisista po latach w &#8222;Vivie!&#8221;. Du\u017ca r\u00f3\u017cnica wieku im nie przeszkadza\u0142a. &#8222;Z mojego punktu widzenia Wojtek by\u0142 m\u0142ody \u2014 gdy si\u0119 poznali\u015bmy, mia\u0142 zaledwie 45 lat \u2014 i bardzo atrakcyjny. Z wielkim wzi\u0119ciem u kobiet. Mimo r\u00f3\u017cnicy wieku byli\u015bmy do siebie bardzo podobni&#8221; \u2014 opowiada\u0142a Olga. Para w 2000 r. stan\u0119\u0142a na \u015blubnym kobiercu, a trzy lata p\u00f3\u017aniej powita\u0142a na \u015bwiecie c\u00f3rk\u0119 Nin\u0119. W 2014 r. ma\u0142\u017conkowie si\u0119 rozwiedli.<\/p>\n<p class=\"Paragraph_desktopParagraph__Fd2e9\">Najm\u0142odsza pociecha Fibaka jest obecnie studentk\u0105 wydzia\u0142u zarz\u0105dzania Akademii Leona Ko\u017ami\u0144skiego w Warszawie.<\/p>\n<p><img decoding=\"async\" src=\"https:\/\/www.europesays.com\/pl\/wp-content\/uploads\/2026\/01\/wojciech-fibak-z-druga-zona-olga-i-corka-nina-w-2009-r.jpg\" alt=\"Wojciech Fibak z drug\u0105 \u017con\u0105 Olg\u0105 i c\u00f3rk\u0105 Nin\u0105 w 2009 r.\" width=\"900\" height=\"599\" loading=\"lazy\" class=\"\" \/>Wojciech Fibak z drug\u0105 \u017con\u0105 Olg\u0105 i c\u00f3rk\u0105 Nin\u0105 w 2009 r. (Foto: Kurnikowski \/ AKPA)C\u00f3rki wprost o Wojciechu Fibaku. &#8222;By\u0142 i jest bardzo nowoczesnym ojcem&#8221;<\/p>\n<p class=\"Paragraph_desktopParagraph__Fd2e9\">Agnieszka, Paulina i Nina opowiedzia\u0142y o relacjach z ojcem w ksi\u0105\u017cce &#8222;Gem, set, \u017cycie&#8221;, kt\u00f3r\u0105 Wojciech Fibak napisa\u0142 razem z Wojciechem Kuku\u0142\u0105. Wszystkie trzy wychwala\u0142y tat\u0119.<\/p>\n<p class=\"Paragraph_desktopParagraph__Fd2e9\">&#8222;Mog\u0119 zawsze do taty zadzwoni\u0107, a on odbierze gdziekolwiek i z kimkolwiek by akurat nie przebywa\u0142. Niezale\u017cnie od pory dnia czy nocy, zawsze jest dla mnie osi\u0105galny. Sprawia to, \u017ce zawsze czuj\u0119 jego blisko\u015b\u0107, mimo dziel\u0105cej nas odleg\u0142o\u015bci geograficznej&#8221; \u2014 m\u00f3wi\u0142a Paulina Fibak, zaznaczaj\u0105c, \u017ce ojciec troszczy si\u0119 o wszystkie c\u00f3rki i jest dumny z ich sukces\u00f3w.<\/p>\n<p class=\"Paragraph_desktopParagraph__Fd2e9\">&#8222;Tata jest najlepsz\u0105 osob\u0105, kt\u00f3r\u0105 mo\u017cna poprosi\u0107 o rad\u0119, poniewa\u017c jest spostrzegawczy, precyzyjny, przewiduj\u0105cy, a do tego posiada wyj\u0105tkow\u0105 intuicj\u0119&#8221; \u2014 podkre\u015bla\u0142a.<\/p>\n<p class=\"Paragraph_desktopParagraph__Fd2e9\">&#8222;By\u0142 i jest bardzo nowoczesnym ojcem, wyprzedzaj\u0105cym swoje czasy, co odczuwa\u0142am szczeg\u00f3lnie w dzieci\u0144stwie. Powtarza\u0142 nam, \u017ceby\u015bmy si\u0119 zdrowo od\u017cywia\u0142y, dbaj\u0105c o odpowiedni\u0105 ilo\u015b\u0107 owoc\u00f3w i witamin, by zniwelowa\u0107 potrzeb\u0119 faszerowania si\u0119 niepotrzebnymi lekami. [&#8230;] T\u0142umaczy\u0142, \u017ce prawdziwe pi\u0119kno dziewczyny i kobiety to naturalno\u015b\u0107, u\u015bmiech i komfort, a nie zabiegi upi\u0119kszaj\u0105ce, makija\u017c, czy buty na wysokim obcasie&#8221; \u2014 opowiada\u0142a Paulina.<\/p>\n<p><img decoding=\"async\" src=\"https:\/\/www.europesays.com\/pl\/wp-content\/uploads\/2026\/01\/wojciech-fibak-w-2024-r.jpg\" alt=\"Wojciech Fibak w 2024 r.\" width=\"944\" height=\"629\" loading=\"lazy\" class=\"\" \/>Wojciech Fibak w 2024 r. (Foto: Jarek Praszkiewicz \/ PAP (zdj\u0119cia) &#8211; PS.Onet.pl)<\/p>\n<p class=\"Paragraph_desktopParagraph__Fd2e9\">Agnieszka zaznacza z kolei, \u017ce dzi\u0119ki tacie mog\u0142y z siostr\u0105 Paulin\u0105 pozna\u0107 wyj\u0105tkowych ludzi, zobaczy\u0107 najpi\u0119kniejsze miejsca i otworzy\u0107 si\u0119 na \u015bwiat. &#8222;Mamy z moim ojcem bardzo blisk\u0105 relacj\u0119, rozmawiamy niemal ka\u017cdego dnia przez telefon. Z ca\u0142\u0105 rodzin\u0105 co roku odwiedzamy jego alpejski chalet pod Mont Blanc. Wiem, \u017ce mog\u0119 zawsze na niego liczy\u0107. Jest kochaj\u0105cym, czu\u0142ym i troskliwym ojcem oraz dziadkiem [&#8230;]&#8221; \u2014 wyzna\u0142a w ksi\u0105\u017cce.<\/p>\n<p class=\"Paragraph_desktopParagraph__Fd2e9\">Nina Fibak te\u017c ma bardzo bliskie relacje z tat\u0105, kt\u00f3rego podziwia m.in. za wytrwa\u0142o\u015b\u0107, wiar\u0119 w siebie i przebojowo\u015b\u0107. Chwali go r\u00f3wnie\u017c za to, \u017ce potrafi znale\u017a\u0107 rozwi\u0105zanie w kryzysowych sytuacjach.<\/p>\n<p class=\"Paragraph_desktopParagraph__Fd2e9\">&#8222;Tata codziennie do mnie pisze, \u017ceby \u017cyczy\u0107 mi mi\u0142ego dnia, albo powodzenia na studiach. Pami\u0119ta o ka\u017cdym egzaminie i wydarzeniu, kt\u00f3re jest dla mnie wa\u017cne. Bardzo doceniam to, \u017ce nawet gdy jest zaj\u0119ty, to zawsze ma dla mnie czas. Kiedykolwiek jest w Warszawie, przek\u0142ada swoje spotkania tylko po to, \u017ceby\u015bmy mogli sp\u0119dzi\u0107 wi\u0119cej czasu razem [&#8230;]&#8221; \u2014 wyzna\u0142a Nina Fibak.<\/p>\n","protected":false},"excerpt":{"rendered":"Wojciech Fibak w m\u0142odo\u015bci o\u017ceni\u0142 si\u0119 z ukochan\u0105 Ew\u0105, ale ich ma\u0142\u017ce\u0144stwo po kilkunastu latach si\u0119 rozpad\u0142o. W&hellip;\n","protected":false},"author":2,"featured_media":195330,"comment_status":"","ping_status":"","sticky":false,"template":"","format":"standard","meta":{"footnotes":""},"categories":[5],"tags":[32,33,36,37,27,67,34,35,28,31,25,129,42,38,40,39,41,136,128,47,655,156,29,30,26,130,9963],"class_list":{"0":"post-195329","1":"post","2":"type-post","3":"status-publish","4":"format-standard","5":"has-post-thumbnail","7":"category-naglowki","8":"tag-breaking-news","9":"tag-breakingnews","10":"tag-featured-news","11":"tag-featurednews","12":"tag-headlines","13":"tag-intextvideo_splayer","14":"tag-latest-news","15":"tag-latestnews","16":"tag-naglowki","17":"tag-najwazniejsze-artykuly","18":"tag-news","19":"tag-ofsajd","20":"tag-pl","21":"tag-poland","22":"tag-polish","23":"tag-polska","24":"tag-polski","25":"tag-ps_detal_new","26":"tag-psv2","27":"tag-screening_general","28":"tag-styl_zycia_lifestyle_","29":"tag-tenis","30":"tag-top-stories","31":"tag-topstories","32":"tag-wiadomosci","33":"tag-wiadomosci_sportowe","34":"tag-wojciech_fibak"},"share_on_mastodon":{"url":"https:\/\/pubeurope.com\/@pl\/115864028235833466","error":""},"_links":{"self":[{"href":"https:\/\/www.europesays.com\/pl\/wp-json\/wp\/v2\/posts\/195329","targetHints":{"allow":["GET"]}}],"collection":[{"href":"https:\/\/www.europesays.com\/pl\/wp-json\/wp\/v2\/posts"}],"about":[{"href":"https:\/\/www.europesays.com\/pl\/wp-json\/wp\/v2\/types\/post"}],"author":[{"embeddable":true,"href":"https:\/\/www.europesays.com\/pl\/wp-json\/wp\/v2\/users\/2"}],"replies":[{"embeddable":true,"href":"https:\/\/www.europesays.com\/pl\/wp-json\/wp\/v2\/comments?post=195329"}],"version-history":[{"count":0,"href":"https:\/\/www.europesays.com\/pl\/wp-json\/wp\/v2\/posts\/195329\/revisions"}],"wp:featuredmedia":[{"embeddable":true,"href":"https:\/\/www.europesays.com\/pl\/wp-json\/wp\/v2\/media\/195330"}],"wp:attachment":[{"href":"https:\/\/www.europesays.com\/pl\/wp-json\/wp\/v2\/media?parent=195329"}],"wp:term":[{"taxonomy":"category","embeddable":true,"href":"https:\/\/www.europesays.com\/pl\/wp-json\/wp\/v2\/categories?post=195329"},{"taxonomy":"post_tag","embeddable":true,"href":"https:\/\/www.europesays.com\/pl\/wp-json\/wp\/v2\/tags?post=195329"}],"curies":[{"name":"wp","href":"https:\/\/api.w.org\/{rel}","templated":true}]}}