{"id":195373,"date":"2026-01-09T08:11:05","date_gmt":"2026-01-09T08:11:05","guid":{"rendered":"https:\/\/www.europesays.com\/pl\/195373\/"},"modified":"2026-01-09T08:11:05","modified_gmt":"2026-01-09T08:11:05","slug":"czy-tegoroczny-snieg-zatrzyma-susze-to-dopiero-poczatek","status":"publish","type":"post","link":"https:\/\/www.europesays.com\/pl\/195373\/","title":{"rendered":"Czy tegoroczny \u015bnieg zatrzyma susz\u0119? &#8222;To dopiero pocz\u0105tek&#8221;"},"content":{"rendered":"<p class=\"ods-c-paragraph \">Odzwyczaili\u015bmy si\u0119 od mrozu i \u015bniegu. Podobnie nasze \u015brodowisko, kt\u00f3re srogiej zimy i \u015bniegu potrzebuj\u0105 do odbudowy swoich zasob\u00f3w w\u00f3d podziemnych, zasilenia rzek i zwi\u0119kszenia wilgotno\u015bci ziemi w okresie wegetacyjnym.<\/p>\n<p class=\"ods-c-paragraph \"> \u2014 Trwaj\u0105ca zima nie nale\u017cy do ekstremalnych, to nie zima stulecia, ale po prostu taka, jaka jeszcze kilkana\u015bcie lat temu by\u0142a w Polsce normalno\u015bci\u0105. Niestety coraz rzadziej obserwujemy takie warunki w naszym kraju \u2014 wskazuje Sikora-Le.<\/p>\n<p class=\"ods-c-paragraph \">\u2014 Idealna sytuacja to utrzymanie si\u0119 pokrywy przez minimum miesi\u0105c. Wtedy m\u00f3wimy o prawid\u0142owej retencji \u015bniegowej, czyli zatrzymywaniu wody w postaci \u015bniegu i oddawaniu jej do gleby, kiedy \u015brodowisko potrzebuje jej najbardziej, czyli na wiosn\u0119 \u2014 dodaje ekspert.<\/p>\n<p class=\"ods-c-paragraph \"><a href=\"https:\/\/www.onet.pl\/informacje\/onetwiadomosci\/najwieksze-uderzenie-zimy-dopiero-przed-nami-pogoda-do-konca-stycznia-mapy\/kt7kthh,79cfc278\" id=\"5d8e8ab8-9636-4de4-9873-545153ccc422\" rel=\"nofollow noopener\" target=\"_blank\">Jego zdaniem obecna sytuacja mo\u017ce napawa\u0107 nas optymizmem. Ale jest za wcze\u015bnie, \u017ceby m\u00f3wi\u0107 o tym, jaki b\u0119dzie mia\u0142o to wp\u0142yw na sytuacj\u0119 hydrologiczn\u0105 latem<\/a>.<\/p>\n<p class=\"ods-c-paragraph \">\u2014 Nasze pi\u0119ciodniowe prognozy pokazuj\u0105, \u017ce mr\u00f3z utrzyma si\u0119 do po\u0142owy przysz\u0142ego tygodnia. Ale w czwartek (15 stycznia) modele trac\u0105 jednoznaczno\u015b\u0107. Jedne z nich pokazuj\u0105 temperatur\u0119 w okolicach zera, inne sugeruj\u0105 ocieplenie do 2-3 stopni Celsjusza \u2014 przypomina.<\/p>\n<p>Dalszy ci\u0105g artyku\u0142u pod materia\u0142em wideo<\/p>\n<p> Czy tegoroczny \u015bnieg mo\u017ce zatrzyma\u0107 susz\u0119? <\/p>\n<p> Jakie s\u0105 prognozy dotycz\u0105ce utrzymania mrozu? <\/p>\n<p> Dlaczego brak \u015bniegu zim\u0105 powoduje susz\u0119 latem? <\/p>\n<p> Jakie by\u0142y przyczyny niskich stan\u00f3w wody w Wi\u015ble latem zesz\u0142ego roku? <\/p>\n<p>  Brak \u015bniegu zim\u0105 to susza latem<\/p>\n<p class=\"ods-c-paragraph \">\u2014 W ostatnich latach obserwujemy utrzymuj\u0105c\u0105 si\u0119 susz\u0119 hydrologiczn\u0105 w Polsce. Jest to zjawisko ci\u0105gn\u0105ce si\u0119 z sezonu na sezon, w dodatku ka\u017cdy kolejny okres suszy wp\u0142ywa na nast\u0119pne cykle. Jedna porz\u0105dna zima nie jest w stanie pom\u00f3c. Wydaje si\u0119, \u017ce to, co dzi\u015b obserwujemy, jest zwiastunem dobrego startu w okres letni, kt\u00f3ry daje szans\u0119 na odbudowanie zasob\u00f3w wodnych \u2014 m\u00f3wi synoptyk.<\/p>\n<p class=\"ods-c-paragraph \">\u2014 Najlepiej, \u017ceby klimat przesta\u0142 nam wariowa\u0107 i wszystkie zimy zrobi\u0142y si\u0119 zimne i \u015bnie\u017cne, ale to trudne \u2014 dodaje.<\/p>\n<p class=\"ods-c-paragraph \">Na pocz\u0105tku 2025 r. Instytut Meteorologii i Gospodarki Wodnej ostrzega\u0142,, \u017ce sytuacja hydrologiczna zwi\u0105zana z susz\u0105 w kraju sta\u0142a si\u0119 dramatyczna. Przyczyn\u0105 by\u0142y wysokie temperatury utrzymuj\u0105ce si\u0119 w grudniu i styczniu oraz brak opad\u00f3w \u015bniegu.<\/p>\n<p class=\"ods-c-paragraph \">\u2014 Rok temu prze\u017cywali\u015bmy ma\u0142o \u015bnie\u017cn\u0105 zim\u0119. Dlatego ju\u017c w marcu i kwietniu, kiedy zaczyna\u0142 si\u0119 okres wegetacyjny ro\u015blin, obserwowali\u015bmy niedob\u00f3r wilgotno\u015bci w glebie. To wszystko spowodowane by\u0142o brakiem &#8222;zastrzyku&#8221; wody z topniej\u0105cego \u015bniegu \u2014 dodaje hydrolog.<\/p>\n<p class=\"ods-c-paragraph \">Efektem tego by\u0142y rekordowo niskie stany wody w Wi\u015ble odnotowane zesz\u0142ym latem. Na warszawskiej stacji Warszawa-Bulwary poziom spad\u0142 do zaledwie 15 cm, co by\u0142o najni\u017cszym poziomem zanotowanym w tym miejscu od pocz\u0105tku prowadzenia pomiar\u00f3w.<\/p>\n<p>&#8222;Dzi\u015b wszystko si\u0119 przesun\u0119\u0142o&#8221;<\/p>\n<p class=\"ods-c-paragraph \">\u2014 Teoretycznie najwi\u0119ksze wezbrania rzek w Polsce przypadaj\u0105 na okres topnienia \u015bnieg\u00f3w. Niestety przez ostatnie lata praktycznie w og\u00f3le nie mieli\u015bmy roztopowego zasilania rzek, co bezpo\u015brednio przek\u0142ada\u0142o si\u0119 du\u017ce susze w okresie letnim \u2014 m\u00f3wi Micha\u0142 Sikora-Le.<\/p>\n<p class=\"ods-c-paragraph \">Synoptyk przypomina, \u017ce jeszcze w XX wieku w Polsce najwi\u0119cej powodzi by\u0142o powodziami roztopowymi. R\u00f3wnie\u017c historycznie w okresach wiosennych notowano najwy\u017csze stany rzek.<\/p>\n<p class=\"ods-c-paragraph \">\u2014 Dzi\u015b wszystko si\u0119 przesun\u0119\u0142o. Powodzie nawiedzaj\u0105 nasz kraj w okresie letnim, wtedy te\u017c rzeki osi\u0105gaj\u0105 swoje najwy\u017csze stany, kt\u00f3re maj\u0105 charakter opadowy, bardzo gwa\u0142towny i wezbraniowy \u2014 podsumowuje.<\/p>\n","protected":false},"excerpt":{"rendered":"Odzwyczaili\u015bmy si\u0119 od mrozu i \u015bniegu. Podobnie nasze \u015brodowisko, kt\u00f3re srogiej zimy i \u015bniegu potrzebuj\u0105 do odbudowy swoich&hellip;\n","protected":false},"author":2,"featured_media":195374,"comment_status":"","ping_status":"","sticky":false,"template":"","format":"standard","meta":{"footnotes":""},"categories":[12],"tags":[32,33,189,36,37,27,34,35,28,31,48,25,46,42,38,40,39,41,47,7312,4987,1652,29,30,26],"class_list":{"0":"post-195373","1":"post","2":"type-post","3":"status-publish","4":"format-standard","5":"has-post-thumbnail","7":"category-polska","8":"tag-breaking-news","9":"tag-breakingnews","10":"tag-europa","11":"tag-featured-news","12":"tag-featurednews","13":"tag-headlines","14":"tag-latest-news","15":"tag-latestnews","16":"tag-naglowki","17":"tag-najwazniejsze-artykuly","18":"tag-nat_styl","19":"tag-news","20":"tag-omp","21":"tag-pl","22":"tag-poland","23":"tag-polish","24":"tag-polska","25":"tag-polski","26":"tag-screening_general","27":"tag-snieg","28":"tag-susza","29":"tag-temperatura","30":"tag-top-stories","31":"tag-topstories","32":"tag-wiadomosci"},"share_on_mastodon":{"url":"https:\/\/pubeurope.com\/@pl\/115864134171644193","error":""},"_links":{"self":[{"href":"https:\/\/www.europesays.com\/pl\/wp-json\/wp\/v2\/posts\/195373","targetHints":{"allow":["GET"]}}],"collection":[{"href":"https:\/\/www.europesays.com\/pl\/wp-json\/wp\/v2\/posts"}],"about":[{"href":"https:\/\/www.europesays.com\/pl\/wp-json\/wp\/v2\/types\/post"}],"author":[{"embeddable":true,"href":"https:\/\/www.europesays.com\/pl\/wp-json\/wp\/v2\/users\/2"}],"replies":[{"embeddable":true,"href":"https:\/\/www.europesays.com\/pl\/wp-json\/wp\/v2\/comments?post=195373"}],"version-history":[{"count":0,"href":"https:\/\/www.europesays.com\/pl\/wp-json\/wp\/v2\/posts\/195373\/revisions"}],"wp:featuredmedia":[{"embeddable":true,"href":"https:\/\/www.europesays.com\/pl\/wp-json\/wp\/v2\/media\/195374"}],"wp:attachment":[{"href":"https:\/\/www.europesays.com\/pl\/wp-json\/wp\/v2\/media?parent=195373"}],"wp:term":[{"taxonomy":"category","embeddable":true,"href":"https:\/\/www.europesays.com\/pl\/wp-json\/wp\/v2\/categories?post=195373"},{"taxonomy":"post_tag","embeddable":true,"href":"https:\/\/www.europesays.com\/pl\/wp-json\/wp\/v2\/tags?post=195373"}],"curies":[{"name":"wp","href":"https:\/\/api.w.org\/{rel}","templated":true}]}}