{"id":195375,"date":"2026-01-09T08:13:12","date_gmt":"2026-01-09T08:13:12","guid":{"rendered":"https:\/\/www.europesays.com\/pl\/195375\/"},"modified":"2026-01-09T08:13:12","modified_gmt":"2026-01-09T08:13:12","slug":"tenis-nick-kyrgios-podjal-decyzje-ws-australian-open","status":"publish","type":"post","link":"https:\/\/www.europesays.com\/pl\/195375\/","title":{"rendered":"Tenis. Nick Kyrgios podj\u0105\u0142 decyzj\u0119 ws. Australian Open"},"content":{"rendered":"<p class=\"typography ids-typeset-body ids-typeset-body--preset-large link paragraph ids-paragraph ids-paragraph--default\">Pod koniec grudnia w Dubaju odby\u0142 si\u0119 pojedynek, kt\u00f3ry budzi\u0142 wiele kontrowersji w\u015br\u00f3d kibic\u00f3w. W tzw. bitwie p\u0142ci udzia\u0142 wzi\u0119li liderka rankingu WTA, <a href=\"https:\/\/sport.interia.pl\/tenis\/profil-aryna-sabalenka,sppi,678653\" target=\"_self\" rel=\"nofollow noopener\">Aryna Sabalenka<\/a> oraz finalista Wimbledonu 2022 &#8211; Nick Kyrgios. Mecz rozegrano wed\u0142ug specjalnych zasad, kt\u00f3re mia\u0142y wyr\u00f3wna\u0107 szanse uczestnik\u00f3w pojedynku, a <a href=\"https:\/\/sport.interia.pl\/tenis\/news-sabalenka-walczyla-z-kyrgiosem-pojedynek-w-dubaju-rozstrzygn,nId,22503199#google_vignette\" target=\"_self\" rel=\"nofollow noopener\">lepszy okaza\u0142 si\u0119 30-latek, kt\u00f3ry triumfowa\u0142 6:3, 6:3.<\/a><\/p>\n<p class=\"typography ids-typeset-body ids-typeset-body--preset-large link paragraph ids-paragraph ids-paragraph--default\">Z kolei Kyrgios wr\u00f3ci\u0142 do zawodowych rozgrywek po blisko rocznej przerwie spowodowanej kolejnymi urazami. Australijczyk wyst\u0105pi\u0142 w turnieju ATP 250 w Brisbane, ale ju\u017c w pierwszej rundzie uleg\u0142 Aleksanderowi Kovacevicowi 3:6, 4:6.<\/p>\n<p>Kyrgios podj\u0105\u0142 decyzj\u0119 ws. wyst\u0119pu w Australian Open<\/p>\n<p class=\"typography ids-typeset-body ids-typeset-body--preset-large link paragraph ids-paragraph ids-paragraph--default\">Wyst\u0119p w Brisbane mia\u0142 by\u0107 przetarciem dla Kyrgiosa przed gr\u0105 w Australian Open. 30-latek jest dopiero na 670. miejscu w rankingu ATP, ale m\u00f3g\u0142 liczy\u0107 na dzik\u0105 kart\u0119 od organizator\u00f3w. W nocy z czwartku na pi\u0105tek przekaza\u0142 jednak wa\u017cny komunikat.<\/p>\n<blockquote role=\"blockquote\" class=\"quote ids-quote ids-quote--nosurface--short--medium\"><p>Po kilku dobrych rozmowach z Tennis Australia, podj\u0105\u0142em decyzj\u0119, \u017ce skupi\u0119 si\u0119 na deblu podczas tegorocznego Australian Open. Jestem zdrowy i wr\u00f3ci\u0142em na kort, ale granie mecz\u00f3w do trzech wygranych set\u00f3w to zupe\u0142nie inna bajka i nie jestem jeszcze gotowy na granie na tak d\u0142ugim dystansie\u00a0napisa\u0142 w swoich mediach spo\u0142eczno\u015bciowych.<\/p><\/blockquote>\n<p class=\"typography ids-typeset-body ids-typeset-body--preset-large link paragraph ids-paragraph ids-paragraph--default\">30-latek doda\u0142, \u017ce woli odda\u0107 miejsce komu\u015b, kto jest gotowy i zapowiedzia\u0142, \u017ce wr\u00f3ci w przysz\u0142ym roku, aby rywalizowa\u0107 w singlu z najlepszymi.<\/p>\n<p class=\"typography ids-typeset-body ids-typeset-body--preset-large link paragraph ids-paragraph ids-paragraph--default\">Australian Open 2026 startuje 18 stycznia.<\/p>\n<p>Raphael Collignon &#8211; Grigor Dimitrov. Skr\u00f3t meczu. WIDEOPolsat SportPolsat Sport<\/p>\n<p><img decoding=\"async\" class=\"ids-image-holder__img\" loading=\"lazy\" alt=\"Dwie osoby stoj\u0105 naprzeciw siebie i patrz\u0105 sobie w oczy, mi\u0119dzy nimi ustawiony jest du\u017cy, srebrny puchar na tle nowoczesnego budynku.\" title=\"Aryna Sabalenka, Nick Kyrgios\" width=\"2000\" height=\"1333\" src=\"https:\/\/www.europesays.com\/pl\/wp-content\/uploads\/2026\/01\/000M4HNNRYL073UY-C323-F4.webp.webp\"\/><\/p>\n<p>Aryna Sabalenka, Nick KyrgiosFADEL SENNAAFP<\/p>\n<p><img decoding=\"async\" class=\"ids-image-holder__img\" loading=\"lazy\" alt=\"Dwoje sportowc\u00f3w wyra\u017caj\u0105cych silne emocje, po lewej stronie m\u0119\u017cczyzna w czapce z daszkiem i sportowej odzie\u017cy z napi\u0119tym wyrazem twarzy, po prawej stronie kobieta z zaci\u015bni\u0119t\u0105 pi\u0119\u015bci\u0105 i okrzykiem triumfu w sportowym stroju.\" title=\"Aryna Sabalenka i Nick Kyrgios rywalizowali ze sob\u0105 w Dubaju\" width=\"3000\" height=\"2000\" src=\"https:\/\/www.europesays.com\/pl\/wp-content\/uploads\/2026\/01\/000M4KCKS0JPXL50-C323-F4.webp.webp\"\/><\/p>\n<p>Aryna Sabalenka i Nick Kyrgios rywalizowali ze sob\u0105 w DubajuWILLIAM WEST \/ AFP \/ CLIVE BRUNSKILL \/ GETTY IMAGES NORTH AMERICA \/ Getty Images via AFPAFP<\/p>\n<p><img decoding=\"async\" class=\"ids-image-holder__img\" loading=\"lazy\" alt=\"Kobieta z emocjonalnym wyrazem twarzy, wzruszona, trzyma d\u0142onie przy policzkach, w tle niewyra\u017ana publiczno\u015b\u0107. Wstawka w lewym g\u00f3rnym rogu pokazuje m\u0119\u017cczyzn\u0119 w sportowej koszulce i czapce, wyra\u017caj\u0105cego zaskoczenie lub intensywne emocje.\" title=\"Aryna Sabalenka i Nick Kyrgios rywalizowali ze sob\u0105 w Dubaju\" width=\"3000\" height=\"2000\" src=\"https:\/\/www.europesays.com\/pl\/wp-content\/uploads\/2026\/01\/000M4K98BDXL76C6-C323-F4.webp.webp\"\/><\/p>\n<p>Aryna Sabalenka i Nick Kyrgios rywalizowali ze sob\u0105 w DubajuWILLIAM WEST \/ AFP \/ AL BELLO \/ GETTY IMAGES NORTH AMERICA \/ Getty Images via AFPAFP<\/p>\n<p><a class=\"ids-undecorated-link source ids-page-info--source__link\" href=\"https:\/\/www.interia.pl\" rel=\"nofollow noopener\" target=\"_blank\"><img decoding=\"async\" class=\"ids-image-holder__img\" loading=\"lazy\" alt=\"\" title=\"\" height=\"24px\" src=\"https:\/\/www.europesays.com\/pl\/wp-content\/uploads\/2026\/01\/1767782590_880_0009A60QQ5I2TYF7-C202-F4.webp.webp\"\/><\/a><\/p>\n<p>Masz sugestie, uwagi albo widzisz b\u0142\u0105d? Napisz do nas<\/p>\n","protected":false},"excerpt":{"rendered":"Pod koniec grudnia w Dubaju odby\u0142 si\u0119 pojedynek, kt\u00f3ry budzi\u0142 wiele kontrowersji w\u015br\u00f3d kibic\u00f3w. W tzw. bitwie p\u0142ci&hellip;\n","protected":false},"author":2,"featured_media":195376,"comment_status":"","ping_status":"","sticky":false,"template":"","format":"standard","meta":{"footnotes":""},"categories":[24],"tags":[42,38,40,39,41,127,126],"class_list":{"0":"post-195375","1":"post","2":"type-post","3":"status-publish","4":"format-standard","5":"has-post-thumbnail","7":"category-sport","8":"tag-pl","9":"tag-poland","10":"tag-polish","11":"tag-polska","12":"tag-polski","13":"tag-sport","14":"tag-sports"},"share_on_mastodon":{"url":"https:\/\/pubeurope.com\/@pl\/115864142305914028","error":""},"_links":{"self":[{"href":"https:\/\/www.europesays.com\/pl\/wp-json\/wp\/v2\/posts\/195375","targetHints":{"allow":["GET"]}}],"collection":[{"href":"https:\/\/www.europesays.com\/pl\/wp-json\/wp\/v2\/posts"}],"about":[{"href":"https:\/\/www.europesays.com\/pl\/wp-json\/wp\/v2\/types\/post"}],"author":[{"embeddable":true,"href":"https:\/\/www.europesays.com\/pl\/wp-json\/wp\/v2\/users\/2"}],"replies":[{"embeddable":true,"href":"https:\/\/www.europesays.com\/pl\/wp-json\/wp\/v2\/comments?post=195375"}],"version-history":[{"count":0,"href":"https:\/\/www.europesays.com\/pl\/wp-json\/wp\/v2\/posts\/195375\/revisions"}],"wp:featuredmedia":[{"embeddable":true,"href":"https:\/\/www.europesays.com\/pl\/wp-json\/wp\/v2\/media\/195376"}],"wp:attachment":[{"href":"https:\/\/www.europesays.com\/pl\/wp-json\/wp\/v2\/media?parent=195375"}],"wp:term":[{"taxonomy":"category","embeddable":true,"href":"https:\/\/www.europesays.com\/pl\/wp-json\/wp\/v2\/categories?post=195375"},{"taxonomy":"post_tag","embeddable":true,"href":"https:\/\/www.europesays.com\/pl\/wp-json\/wp\/v2\/tags?post=195375"}],"curies":[{"name":"wp","href":"https:\/\/api.w.org\/{rel}","templated":true}]}}