{"id":195383,"date":"2026-01-09T08:17:12","date_gmt":"2026-01-09T08:17:12","guid":{"rendered":"https:\/\/www.europesays.com\/pl\/195383\/"},"modified":"2026-01-09T08:17:12","modified_gmt":"2026-01-09T08:17:12","slug":"zaognia-sie-sytuacja-w-syrii-kleby-dymu-nad-aleppo","status":"publish","type":"post","link":"https:\/\/www.europesays.com\/pl\/195383\/","title":{"rendered":"Zaognia si\u0119 sytuacja w Syrii. K\u0142\u0119by dymu nad Aleppo"},"content":{"rendered":"<p class=\"ods-c-paragraph \">Odg\u0142osy eksplozji wstrz\u0105sn\u0119\u0142y w czwartek Aleppo na p\u00f3\u0142nocy Syrii. Nasili\u0142y si\u0119 tam trwaj\u0105ce od kilku dni walki mi\u0119dzy si\u0142ami rz\u0105dowymi a kurdyjskimi bojownikami, kt\u00f3rzy kontroluj\u0105 cz\u0119\u015b\u0107 miasta.<\/p>\n<p class=\"ods-c-paragraph \">Sp\u00f3r mo\u017ce stanowi\u0107 powa\u017cne wyzwanie dla prezydenta Syrii Ahmeda al-Sharaa, kt\u00f3ry zadeklarowa\u0142 zjednoczenie kraju po 14 latach wojny domowej \u2014 wskazuje Agencja Reutera.<\/p>\n<p>Dalszy ci\u0105g artyku\u0142u pod materia\u0142em wideo<\/p>\n<p> Jakie walki trwaj\u0105 w Aleppo? <\/p>\n<p> Ile os\u00f3b musia\u0142o opu\u015bci\u0107 swoje domy? <\/p>\n<p> Kto kontroluje cz\u0119\u015b\u0107 miasta Aleppo? <\/p>\n<p> Jakie s\u0105 obecne intencje strony kurdyjskiej? <\/p>\n<p>  Starcia w Aleppo. &#8222;Niwecz\u0105 szanse na osi\u0105gniecie porozumienia&#8221;<\/p>\n<p class=\"ods-c-paragraph \">Armia syryjska da\u0142a w czwartek mieszka\u0144com Aleppo czas na ewakuacj\u0119 z dzielnic kontrolowanych przez si\u0142y kurdyjskie. W sumie domy opu\u015bci\u0107 musia\u0142o 140 tys. os\u00f3b. Zgin\u0119\u0142o dotychczas siedmiu cywili.<\/p>\n<p class=\"ods-c-paragraph \">Strona kurdyjska, na kt\u00f3r\u0105 sk\u0142adaj\u0105 si\u0119 m.in. Syryjskie Si\u0142y Demokratyczne (SDF), poinformowa\u0142a, \u017ce odpar\u0142a wojska syryjskie. \u2014 Ataki si\u0142 rz\u0105dowych i rozmieszczenie czo\u0142g\u00f3w niwecz\u0105 szanse na osi\u0105gni\u0119cie porozumienia \u2014 powiedzia\u0142 dow\u00f3dca SDF Mazloum Abdi, cytowany przez Agencj\u0119 Reutera.<\/p>\n<p class=\"ods-c-paragraph \">Strona rz\u0105dowa zaznacza, \u017ce jednocze\u015bnie ca\u0142y czas trwaj\u0105 negocjacje, a wysi\u0142kom pokojowym przewodzi\u0107 maj\u0105 Stany Zjednoczone.<\/p>\n<p>Strona kurdyjska nie chce podporz\u0105dkowa\u0107 si\u0119 rz\u0105dowi Syrii   <\/p>\n<p class=\"ods-c-paragraph \">Turcja przekaza\u0142a, \u017ce na pro\u015bb\u0119 w\u0142adz w Damaszku jest gotowa pom\u00f3c Syrii w procesie pokojowym. \u2014 Ataki na ludno\u015b\u0107 cywiln\u0105 w Aleppo przynosz\u0105 obawy dotycz\u0105ce prawdziwych intencji SDF i tworzy\u0142y pesymistyczny obraz sytuacji \u2014 oceni\u0142 na konferencji minister spraw zagranicznych Turcji Hakan Fidan.<\/p>\n<p><img decoding=\"async\" src=\"https:\/\/www.europesays.com\/pl\/wp-content\/uploads\/2026\/01\/vD7k9lGaHR0cHM6Ly9vY2RuLmV1L3B1bHNjbXMvTURBXy83NzRlY2I3My01MDcxLTRhMDAtYjIxYy1mMzMwNWZlM2E5ZTEuanBlZ.jpeg\" height=\"529\" width=\"940\" alt=\"Aleppo w Syrii\" loading=\"lazy\" class=\"ods-c-image__img ods-c-image__img--viewport-width\"\/><\/p>\n<p>Aleppo w SyriiPAP\/EPA\/AHMAD FALLAHA<\/p>\n<p class=\"ods-c-paragraph \">Premier rz\u0105du regionalnego Kurdystanu Masrour Barzani wyrazi\u0142 natomiast g\u0142\u0119bokie zaniepokojenie atakami na kurdyjskie dzielnice w Aleppo, ostrzegaj\u0105c, \u017ce &#8222;ataki na ludno\u015b\u0107 cywiln\u0105 i pr\u00f3by zmiany demografii tego obszaru stanowi\u0105 czystki etniczne&#8221;.<\/p>\n<p class=\"ods-c-paragraph \">W\u0142adze kurdyjskie ustanowi\u0142y p\u00f3\u0142autonomiczn\u0105 administracj\u0119 w p\u00f3\u0142nocno-wschodniej Syrii i cz\u0119\u015bci Aleppo w czasie 14-letniej wojny domowej w Syrii. Sprzeciwiaj\u0105 si\u0119 pe\u0142nej integracji z rz\u0105dem kierowanym przez islamist\u00f3w, kt\u00f3ry przej\u0105\u0142 w\u0142adz\u0119 po obaleniu prezydenta Baszszara al-Asada pod koniec 2024 r.<\/p>\n","protected":false},"excerpt":{"rendered":"Odg\u0142osy eksplozji wstrz\u0105sn\u0119\u0142y w czwartek Aleppo na p\u00f3\u0142nocy Syrii. Nasili\u0142y si\u0119 tam trwaj\u0105ce od kilku dni walki mi\u0119dzy&hellip;\n","protected":false},"author":2,"featured_media":195384,"comment_status":"","ping_status":"","sticky":false,"template":"","format":"standard","meta":{"footnotes":""},"categories":[14],"tags":[37849,9908,32,33,27,49,26874,34,35,28,31,48,25,46,40,41,47,12772,80,8468,29,30,26,82,83,84],"class_list":{"0":"post-195383","1":"post","2":"type-post","3":"status-publish","4":"format-standard","5":"has-post-thumbnail","7":"category-swiat","8":"tag-aleppo","9":"tag-ataki","10":"tag-breaking-news","11":"tag-breakingnews","12":"tag-headlines","13":"tag-kraj","14":"tag-kurdowie","15":"tag-latest-news","16":"tag-latestnews","17":"tag-naglowki","18":"tag-najwazniejsze-artykuly","19":"tag-nat_styl","20":"tag-news","21":"tag-omp","22":"tag-polish","23":"tag-polski","24":"tag-screening_general","25":"tag-starcia","26":"tag-swiat","27":"tag-syria","28":"tag-top-stories","29":"tag-topstories","30":"tag-wiadomosci","31":"tag-world","32":"tag-world-news","33":"tag-worldnews"},"share_on_mastodon":{"url":"https:\/\/pubeurope.com\/@pl\/115864157695965884","error":""},"_links":{"self":[{"href":"https:\/\/www.europesays.com\/pl\/wp-json\/wp\/v2\/posts\/195383","targetHints":{"allow":["GET"]}}],"collection":[{"href":"https:\/\/www.europesays.com\/pl\/wp-json\/wp\/v2\/posts"}],"about":[{"href":"https:\/\/www.europesays.com\/pl\/wp-json\/wp\/v2\/types\/post"}],"author":[{"embeddable":true,"href":"https:\/\/www.europesays.com\/pl\/wp-json\/wp\/v2\/users\/2"}],"replies":[{"embeddable":true,"href":"https:\/\/www.europesays.com\/pl\/wp-json\/wp\/v2\/comments?post=195383"}],"version-history":[{"count":0,"href":"https:\/\/www.europesays.com\/pl\/wp-json\/wp\/v2\/posts\/195383\/revisions"}],"wp:featuredmedia":[{"embeddable":true,"href":"https:\/\/www.europesays.com\/pl\/wp-json\/wp\/v2\/media\/195384"}],"wp:attachment":[{"href":"https:\/\/www.europesays.com\/pl\/wp-json\/wp\/v2\/media?parent=195383"}],"wp:term":[{"taxonomy":"category","embeddable":true,"href":"https:\/\/www.europesays.com\/pl\/wp-json\/wp\/v2\/categories?post=195383"},{"taxonomy":"post_tag","embeddable":true,"href":"https:\/\/www.europesays.com\/pl\/wp-json\/wp\/v2\/tags?post=195383"}],"curies":[{"name":"wp","href":"https:\/\/api.w.org\/{rel}","templated":true}]}}