{"id":195411,"date":"2026-01-09T08:36:12","date_gmt":"2026-01-09T08:36:12","guid":{"rendered":"https:\/\/www.europesays.com\/pl\/195411\/"},"modified":"2026-01-09T08:36:12","modified_gmt":"2026-01-09T08:36:12","slug":"jaraliscie-sie-nowym-jorkiem-w-the-division-szykujcie-sie-na-the-division-3-ktore-bedzie-potworem","status":"publish","type":"post","link":"https:\/\/www.europesays.com\/pl\/195411\/","title":{"rendered":"Jarali\u015bcie si\u0119 Nowym Jorkiem w The Division? Szykujcie si\u0119 na The Division 3, kt\u00f3re b\u0119dzie &#8222;potworem&#8221;"},"content":{"rendered":"<p>Podczas najnowszej prezentacji New Game+ Showcase, Julian Gerighty, producent wykonawczy serii, podzieli\u0142 si\u0119 niezwykle obiecuj\u0105cymi wie\u015bciami na temat nadchodz\u0105cego The Division 3.<\/p>\n<p>Cho\u0107 o istnieniu projektu wiemy oficjalnie od 2023 roku, deweloperzy do tej pory oszcz\u0119dnie dawkowali informacje. Tym razem Gerighty nie gryz\u0142 si\u0119 w j\u0119zyk, stwierdzaj\u0105c wprost, \u017ce nowa ods\u0142ona zapowiada si\u0119 na prawdziwego potwora. Sugeruje to, \u017ce Massive Entertainment celuje w znacznie wi\u0119ksz\u0105 skal\u0119 i konkretniejsz\u0105 zawarto\u015b\u0107 ni\u017c ta, kt\u00f3r\u0105 oferowa\u0142y pierwsza i druga cz\u0119\u015b\u0107 cyklu.<\/p>\n<p>    Dalsza cz\u0119\u015b\u0107 tekstu pod wideo<\/p>\n<p>Ambicje tw\u00f3rc\u00f3w wynikaj\u0105 z pe\u0142nego zaanga\u017cowania kluczowych postaci studia &#8211; sam Gerighty w 2024 roku porzuci\u0142 prac\u0119 nad Star Wars Outlaws, aby ca\u0142kowicie skupi\u0107 si\u0119 na rozwoju trzeciej ods\u0142ony. Cho\u0107 na ten moment szczeg\u00f3\u0142y techniczne pozostaj\u0105 tajemnic\u0105, okre\u015blenie gry mianem potwora daje jasny sygna\u0142: studio chce stworzy\u0107 tytu\u0142, kt\u00f3ry zdefiniuje na nowo standardy gatunku looter-shooter\u00f3w, wyci\u0105gaj\u0105c wnioski z lat wspierania poprzednich gier.<\/p>\n<p>        <img loading=\"lazy\" decoding=\"async\" src=\"https:\/\/www.europesays.com\/pl\/wp-content\/uploads\/2026\/01\/1767809589_489_B32963402.414688363;dc_trk_aid=607216972;dc_trk_cid=228291445;ord=[timestamp];dc_lat=;dc_rdid=;tag_f.gif\" attributionsrc=\"\" border=\"0\" height=\"1\" width=\"1\" alt=\"Advertisement\"\/><\/p>\n<p>Zanim jednak doczekamy si\u0119 premiery tr\u00f3jki, uniwersum wzbogaci si\u0119 o dwa istotne projekty. Pierwszym z nich jest The Division 2: Survivors &#8211; tryb inspirowany kultowym Survivalem z pierwszej cz\u0119\u015bci, nad kt\u00f3rym czuwa sam Magnus Jans\u00e9n. Ma on kompletnie odmieni\u0107 Waszyngton, wprowadzaj\u0105c niszczycielsk\u0105 burz\u0119 \u015bnie\u017cn\u0105, kt\u00f3ra realnie wp\u0142ynie na mechanik\u0119 przetrwania. Fani grania mobilnego mog\u0105 natomiast wyczekiwa\u0107 The Division Resurgence, kt\u00f3re ma zadebiutowa\u0107 do 31 marca 2026 roku.\u00a0<\/p>\n<p>W materiale poni\u017cej mogli\u015bmy zobaczy\u0107 materia\u0142y z dodatku Survivors do dw\u00f3jki oraz urywki gameplayu z mobilnego The Division.<\/p>\n","protected":false},"excerpt":{"rendered":"Podczas najnowszej prezentacji New Game+ Showcase, Julian Gerighty, producent wykonawczy serii, podzieli\u0142 si\u0119 niezwykle obiecuj\u0105cymi wie\u015bciami na temat&hellip;\n","protected":false},"author":2,"featured_media":195412,"comment_status":"","ping_status":"","sticky":false,"template":"","format":"standard","meta":{"footnotes":""},"categories":[20],"tags":[120,118,119,42,38,40,39,41,116,114,115,121,117],"class_list":{"0":"post-195411","1":"post","2":"type-post","3":"status-publish","4":"format-standard","5":"has-post-thumbnail","7":"category-nauka-i-technika","8":"tag-nauka","9":"tag-nauka-i-technika","10":"tag-naukatechnika","11":"tag-pl","12":"tag-poland","13":"tag-polish","14":"tag-polska","15":"tag-polski","16":"tag-science","17":"tag-science-and-technology","18":"tag-sciencetechnology","19":"tag-technika","20":"tag-technology"},"share_on_mastodon":{"url":"https:\/\/pubeurope.com\/@pl\/115864232532423451","error":""},"_links":{"self":[{"href":"https:\/\/www.europesays.com\/pl\/wp-json\/wp\/v2\/posts\/195411","targetHints":{"allow":["GET"]}}],"collection":[{"href":"https:\/\/www.europesays.com\/pl\/wp-json\/wp\/v2\/posts"}],"about":[{"href":"https:\/\/www.europesays.com\/pl\/wp-json\/wp\/v2\/types\/post"}],"author":[{"embeddable":true,"href":"https:\/\/www.europesays.com\/pl\/wp-json\/wp\/v2\/users\/2"}],"replies":[{"embeddable":true,"href":"https:\/\/www.europesays.com\/pl\/wp-json\/wp\/v2\/comments?post=195411"}],"version-history":[{"count":0,"href":"https:\/\/www.europesays.com\/pl\/wp-json\/wp\/v2\/posts\/195411\/revisions"}],"wp:featuredmedia":[{"embeddable":true,"href":"https:\/\/www.europesays.com\/pl\/wp-json\/wp\/v2\/media\/195412"}],"wp:attachment":[{"href":"https:\/\/www.europesays.com\/pl\/wp-json\/wp\/v2\/media?parent=195411"}],"wp:term":[{"taxonomy":"category","embeddable":true,"href":"https:\/\/www.europesays.com\/pl\/wp-json\/wp\/v2\/categories?post=195411"},{"taxonomy":"post_tag","embeddable":true,"href":"https:\/\/www.europesays.com\/pl\/wp-json\/wp\/v2\/tags?post=195411"}],"curies":[{"name":"wp","href":"https:\/\/api.w.org\/{rel}","templated":true}]}}