{"id":195450,"date":"2026-01-09T08:56:10","date_gmt":"2026-01-09T08:56:10","guid":{"rendered":"https:\/\/www.europesays.com\/pl\/195450\/"},"modified":"2026-01-09T08:56:10","modified_gmt":"2026-01-09T08:56:10","slug":"kocham-cie-polsko-wiosna-w-tvp2-w-planach-powrot-marzeny-rogalskiej","status":"publish","type":"post","link":"https:\/\/www.europesays.com\/pl\/195450\/","title":{"rendered":"&#8222;Kocham Ci\u0119, Polsko!&#8221; wiosn\u0105 w TVP2. W planach powr\u00f3t Marzeny Rogalskiej"},"content":{"rendered":"\n<p>O powrocie show pierwszy napisa\u0142 Presserwis. Jak wynika z\u00a0naszych informacji, format \u2013\u00a0po liftingu \u2013\u00a0mia\u0142by trafi\u0107 do wiosennej ram\u00f3wki. &#8222;Kocham Ci\u0119, Polsko!&#8221; mia\u0142oby by\u0107 propozycj\u0105 Dw\u00f3jki na pi\u0105tkowe wieczory.<\/p>\n<p>Wed\u0142ug naszych ustale\u0144 program mia\u0142aby prowadzi\u0107 Marzena Rogalska zwi\u0105zana z\u00a0formatem w\u00a0latach 2009-2011, kiedy obok Katarzyny Zieli\u0144skiej pe\u0142ni\u0142a rol\u0119 kapitana jednej z\u00a0dru\u017cyn. Kto tym razem poprowadzi rywalizuj\u0105ce zespo\u0142y jeszcze nie wiadomo. Rogalska latem ub.r. wr\u00f3ci\u0142a do TVP2, gdzie prowadzi &#8222;Pytanie na \u015bniadanie&#8221;.  <\/p>\n<p>Zmieni si\u0119 te\u017c producent wykonawczy. Jak ustalili\u015bmy, nie b\u0119dzie nim ju\u017c Rochstar, ale Jake Vision, odpowiedzialny obecnie za produkcj\u0119 &#8222;Ta\u0144ca z\u00a0Gwiazdami&#8221; dla Polsatu czy &#8222;The Traitors. Zdrajcy&#8221; dla TVN.<\/p>\n<p>Program <a href=\"https:\/\/www.wirtualnemedia.pl\/marzena-rogalska-poprowadzi-pytanie-na-sniadanie,7190986123053185a\" rel=\"noopener noreferrer nofollow\" target=\"_blank\">&#8222;Kocham Ci\u0119, Polsko!&#8221;<\/a>, oparty na holenderskim formacie &#8222;I Love My Country&#8221; na licencji Talpa Media, by\u0142 emitowany na antenie TVP2 w\u00a0latach 2009\u20132012, w\u00f3wczas prowadzi\u0142 go Maciej Kurzajewski, oraz w\u00a0latach 2016\u20132018. Wtedy gospodyni\u0105 &#8222;Kocham Ci\u0119, Polsko!&#8221; by\u0142a <a href=\"https:\/\/www.wirtualnemedia.pl\/zaraz-wracam-od-dwoch-tygodni-na-antenie-ilu-widzow-ma-nowy-serial-z-barbara-kurdej-szatan,7200534162516608a\" rel=\"noopener noreferrer nofollow\" target=\"_blank\">Barbara Kurdej-Szatan<\/a>, a\u00a0kapitanami dru\u017cyn, kt\u00f3re rywalizowa\u0142y na wiedz\u0119 o\u00a0Polsce i\u00a0Polakach byli Maciej Musia\u0142 i\u00a0Tomasz Kammel.<\/p>\n<p> <img decoding=\"async\" src=\"https:\/\/www.europesays.com\/pl\/wp-content\/uploads\/2025\/12\/newsletter-widget-bg-desktop.png\" alt=\"\" class=\"wm-newsletter-article-bg\"\/><\/p>\n<p>  Codziennie rano<\/p>\n<p>  Oferty pracy<\/p>\n<p>  50 tysi\u0119cy subskrybent\u00f3w<\/p>\n<p> Dzi\u0119kujemy za zapisanie si\u0119 do newsletteraWirtualne Media<\/p>\n<p class=\"wm-newsletter-success-banner-text\">Sprawd\u017a swoj\u0105 skrzynk\u0119 odbiorcz\u0105. <\/p>\n<p> <img role=\"presentation\" class=\"absolute left-1\/2 top-1\/2 max-h-[80%] max-w-[100px] -translate-x-1\/2 -translate-y-1\/2\" src=\"https:\/\/www.europesays.com\/pl\/wp-content\/uploads\/2025\/12\/wm-placeholder.png\" loading=\"lazy\" decoding=\"async\"\/> <a href=\"https:\/\/www.wirtualnemedia.pl\/w-tvp-info-nieco-mniej-reklam-niz-przed-rokiem-najaktywniejszy-media-expert,7238434915253216a\" class=\"teaser-inline\" rel=\"nofollow noopener\" target=\"_blank\">  <img decoding=\"async\" src=\"https:\/\/www.europesays.com\/pl\/wp-content\/uploads\/2026\/01\/MzliYjBlYhsNCy9ZbRdvDk5TewMrTmFYGUtjSG1df0JcEXYMKwAoCAkZNkQlHjgKDR4pRDIAYhscAHYcc0MpEx8ZNQs7QygXDgw9.jpeg\" width=\"0\" height=\"0\" loading=\"lazy\" class=\"wp-media-image cropped\" alt=\"W TVP Info nieco mniej reklam ni\u017c przed rokiem. Najaktywniejszy Media Expert\"\/><\/p>\n<p>W TVP Info nieco mniej reklam ni\u017c przed rokiem. Najaktywniejszy Media Expert<\/p>\n<p><\/a> <\/p>\n<p>Emitowan\u0105 wiosn\u0105 2018 roku 11. seri\u0119 programu &#8222;Kocham Ci\u0119, Polsko!&#8221; nadawan\u0105 w\u00a0TVP2 w\u00a0soboty o\u00a0godz. 20:05  <a href=\"https:\/\/www.wirtualnemedia.pl\/ogladalnosc-kocham-cie-polsko-sezon-11,7171450385688705a\" rel=\"noopener noreferrer nofollow\" target=\"_blank\">ogl\u0105da\u0142o \u015brednio 1,77 mln widz\u00f3w<\/a>, co prze\u0142o\u017cy\u0142o si\u0119 na 12,87 proc. udzia\u0142u w\u015br\u00f3d wszystkich widz\u00f3w, 11,64 proc. w\u00a0grupie komercyjnej 16-49 oraz 10,85 proc. w\u00a0grupie 16-59 &#8211;\u00a0wed\u0142ug danych Nielsena. <\/p>\n","protected":false},"excerpt":{"rendered":"O powrocie show pierwszy napisa\u0142 Presserwis. Jak wynika z\u00a0naszych informacji, format \u2013\u00a0po liftingu \u2013\u00a0mia\u0142by trafi\u0107 do wiosennej ram\u00f3wki.&hellip;\n","protected":false},"author":2,"featured_media":195451,"comment_status":"","ping_status":"","sticky":false,"template":"","format":"standard","meta":{"footnotes":""},"categories":[22],"tags":[122,42,38,40,39,41,123],"class_list":{"0":"post-195450","1":"post","2":"type-post","3":"status-publish","4":"format-standard","5":"has-post-thumbnail","7":"category-rozrywka","8":"tag-entertainment","9":"tag-pl","10":"tag-poland","11":"tag-polish","12":"tag-polska","13":"tag-polski","14":"tag-rozrywka"},"share_on_mastodon":{"url":"https:\/\/pubeurope.com\/@pl\/115864311103363977","error":""},"_links":{"self":[{"href":"https:\/\/www.europesays.com\/pl\/wp-json\/wp\/v2\/posts\/195450","targetHints":{"allow":["GET"]}}],"collection":[{"href":"https:\/\/www.europesays.com\/pl\/wp-json\/wp\/v2\/posts"}],"about":[{"href":"https:\/\/www.europesays.com\/pl\/wp-json\/wp\/v2\/types\/post"}],"author":[{"embeddable":true,"href":"https:\/\/www.europesays.com\/pl\/wp-json\/wp\/v2\/users\/2"}],"replies":[{"embeddable":true,"href":"https:\/\/www.europesays.com\/pl\/wp-json\/wp\/v2\/comments?post=195450"}],"version-history":[{"count":0,"href":"https:\/\/www.europesays.com\/pl\/wp-json\/wp\/v2\/posts\/195450\/revisions"}],"wp:featuredmedia":[{"embeddable":true,"href":"https:\/\/www.europesays.com\/pl\/wp-json\/wp\/v2\/media\/195451"}],"wp:attachment":[{"href":"https:\/\/www.europesays.com\/pl\/wp-json\/wp\/v2\/media?parent=195450"}],"wp:term":[{"taxonomy":"category","embeddable":true,"href":"https:\/\/www.europesays.com\/pl\/wp-json\/wp\/v2\/categories?post=195450"},{"taxonomy":"post_tag","embeddable":true,"href":"https:\/\/www.europesays.com\/pl\/wp-json\/wp\/v2\/tags?post=195450"}],"curies":[{"name":"wp","href":"https:\/\/api.w.org\/{rel}","templated":true}]}}