{"id":195454,"date":"2026-01-09T08:59:09","date_gmt":"2026-01-09T08:59:09","guid":{"rendered":"https:\/\/www.europesays.com\/pl\/195454\/"},"modified":"2026-01-09T08:59:09","modified_gmt":"2026-01-09T08:59:09","slug":"wenezuela-wypuszcza-wiezniow-politycznych-to-poklosie-akcji-usa","status":"publish","type":"post","link":"https:\/\/www.europesays.com\/pl\/195454\/","title":{"rendered":"Wenezuela wypuszcza wi\u0119\u017ani\u00f3w politycznych. To pok\u0142osie akcji USA"},"content":{"rendered":"<p class=\"ods-c-paragraph \">Decyzja o zwolnieniu wi\u0119\u017ani\u00f3w zosta\u0142a og\u0142oszona kilka dni po obaleniu przez si\u0142y zbrojne USA dotychczasowego przyw\u00f3dcy Wenezueli Nicolasa Maduro. Po jego schwytaniu i wywiezieniu z kraju w\u0142adz\u0119 utrzymali jego stronnicy, a obowi\u0105zki prezydenta przej\u0119\u0142a wiceprezydentka Delcy Rodriguez.<\/p>\n<p>Dalszy ci\u0105g artyku\u0142u pod materia\u0142em wideo<\/p>\n<p> Ilu wi\u0119\u017ani\u00f3w politycznych uwolniono w Wenezueli? <\/p>\n<p> Kto og\u0142osi\u0142 decyzj\u0119 o zwolnieniu wi\u0119\u017ani\u00f3w? <\/p>\n<p> Jaka organizacja poinformowa\u0142a o zwolnieniu Roc\u00edo San Miguel? <\/p>\n<p> Jakie przest\u0119pstwa zarzucaj\u0105 w\u0142adze Wenezueli zatrzymanym osobom? <\/p>\n<p class=\"ods-c-paragraph \">W wenezuelskich zak\u0142adach karnych przebywaj\u0105 setki os\u00f3b uznawanych za wi\u0119\u017ani\u00f3w politycznych. Uwolnienie Roc\u00edo San Miguel, ekspertki w dziedzinie bezpiecze\u0144stwa i obrony, by\u0142o pierwszym potwierdzonym przypadkiem. Pozarz\u0105dowa organizacja praw cz\u0142owieka Foro Penal poinformowa\u0142a, \u017ce w czwartek zwolnionych zosta\u0142o dw\u00f3ch czo\u0142owych przedstawicieli wenezuelskiej opozycji politycznej. Z wi\u0119zienia wyszed\u0142 62-letni polityk Enrique Marquez, kt\u00f3ry opowiedzia\u0142 si\u0119 za zwyci\u0119stwem kandydata opozycji Edmundo Gonzaleza w wyborach prezydenckich w 2024 r.<\/p>\n<p class=\"ods-c-paragraph \">Wraz z Marquezem na wolno\u015b\u0107 wyszed\u0142 Biagio Pilierim, lider partii opozycyjnej i deputowany, kt\u00f3ry krytycznie odnosi\u0142 si\u0119 do rz\u0105du.<\/p>\n<p class=\"ods-c-paragraph \">Wenezuelska opozycja oraz organizacje broni\u0105ce praw cz\u0142owieka od lat podkre\u015blaj\u0105, \u017ce w\u0142adze stosuj\u0105 aresztowania jako narz\u0119dzie t\u0142umienia sprzeciwu i uciszania krytyk\u00f3w. Po kontrowersyjnych wyborach w 2024 r. opozycja alarmuje, \u017ce liczba post\u0119powa\u0144 przeciwko aktywistom, dziennikarzom i przeciwnikom politycznym wzros\u0142a. Liderka opozycji Maria Corina Machado, laureatka Pokojowej Nagrody Nobla, wielokrotnie apelowa\u0142a o uwolnienie swoich bliskich wsp\u00f3\u0142pracownik\u00f3w, kt\u00f3rzy wci\u0105\u017c przebywaj\u0105 w wi\u0119zieniu.<\/p>\n<p class=\"ods-c-paragraph \">W\u0142adze Wenezueli konsekwentnie odrzucaj\u0105 zarzuty dotycz\u0105ce przetrzymywania wi\u0119\u017ani\u00f3w politycznych. Prokurator generalny Tarek Saab oraz inni przedstawiciele rz\u0105du utrzymuj\u0105, \u017ce osoby te zosta\u0142y zatrzymane za powa\u017cne przest\u0119pstwa, a nie z powod\u00f3w politycznych.<\/p>\n<p>Tortury, pobicia i ra\u017cenie pr\u0105dem. Z\u0142a s\u0142awa El Helicoide<\/p>\n<p class=\"ods-c-paragraph \">Jednym z najbardziej znanych miejsc przetrzymywania wi\u0119\u017ani\u00f3w politycznych w Wenezueli jest wi\u0119zienie El Helicoide. Wed\u0142ug szacunk\u00f3w, po schwytaniu Maduro i og\u0142oszeniu przez prezydenta USA Donalda Trumpa zamkni\u0119cia tego zak\u0142adu, wci\u0105\u017c mo\u017ce tam przebywa\u0107 od 50 do 80 os\u00f3b. El Helicoide zyska\u0142o mi\u0119dzynarodow\u0105 rozpoznawalno\u015b\u0107 jako miejsce, gdzie przetrzymywano domniemanych przeciwnik\u00f3w politycznych. Organizacje praw cz\u0142owieka wielokrotnie informowa\u0142y o stosowaniu tam tortur, w tym pobi\u0107 i ra\u017cenia pr\u0105dem.<\/p>\n<p class=\"ods-c-paragraph \">Prezydent USA Donald Trump og\u0142osi\u0142, \u017ce wyda\u0142 rozkaz zamkni\u0119cia El Helicoide, kt\u00f3re sta\u0142o si\u0119 jednym z najbardziej rozpoznawalnych symboli politycznych represji w kraju. Wenezuelska organizacja Provea ostrzeg\u0142a jednak, \u017ce zamkni\u0119cie tego wi\u0119zienia nie powinno odwraca\u0107 uwagi od innych o\u015brodk\u00f3w detencyjnych, kt\u00f3re nadal funkcjonuj\u0105 w ca\u0142ym kraju.<\/p>\n<p class=\"ods-c-paragraph \">Z danych organizacji pozarz\u0105dowej Foro Penal wynika, \u017ce w Wenezueli by\u0142o pod koniec grudnia ponad 800 wi\u0119\u017ani\u00f3w politycznych. <\/p>\n","protected":false},"excerpt":{"rendered":"Decyzja o zwolnieniu wi\u0119\u017ani\u00f3w zosta\u0142a og\u0142oszona kilka dni po obaleniu przez si\u0142y zbrojne USA dotychczasowego przyw\u00f3dcy Wenezueli Nicolasa&hellip;\n","protected":false},"author":2,"featured_media":195455,"comment_status":"","ping_status":"","sticky":false,"template":"","format":"standard","meta":{"footnotes":""},"categories":[14],"tags":[32,33,27,34,35,28,31,48,25,46,40,41,47,80,29,30,71,3008,26,37858,82,83,84],"class_list":{"0":"post-195454","1":"post","2":"type-post","3":"status-publish","4":"format-standard","5":"has-post-thumbnail","7":"category-swiat","8":"tag-breaking-news","9":"tag-breakingnews","10":"tag-headlines","11":"tag-latest-news","12":"tag-latestnews","13":"tag-naglowki","14":"tag-najwazniejsze-artykuly","15":"tag-nat_styl","16":"tag-news","17":"tag-omp","18":"tag-polish","19":"tag-polski","20":"tag-screening_general","21":"tag-swiat","22":"tag-top-stories","23":"tag-topstories","24":"tag-usa","25":"tag-wenezuela","26":"tag-wiadomosci","27":"tag-wiezniowie_polityczni","28":"tag-world","29":"tag-world-news","30":"tag-worldnews"},"share_on_mastodon":{"url":"https:\/\/pubeurope.com\/@pl\/115864323218785784","error":""},"_links":{"self":[{"href":"https:\/\/www.europesays.com\/pl\/wp-json\/wp\/v2\/posts\/195454","targetHints":{"allow":["GET"]}}],"collection":[{"href":"https:\/\/www.europesays.com\/pl\/wp-json\/wp\/v2\/posts"}],"about":[{"href":"https:\/\/www.europesays.com\/pl\/wp-json\/wp\/v2\/types\/post"}],"author":[{"embeddable":true,"href":"https:\/\/www.europesays.com\/pl\/wp-json\/wp\/v2\/users\/2"}],"replies":[{"embeddable":true,"href":"https:\/\/www.europesays.com\/pl\/wp-json\/wp\/v2\/comments?post=195454"}],"version-history":[{"count":0,"href":"https:\/\/www.europesays.com\/pl\/wp-json\/wp\/v2\/posts\/195454\/revisions"}],"wp:featuredmedia":[{"embeddable":true,"href":"https:\/\/www.europesays.com\/pl\/wp-json\/wp\/v2\/media\/195455"}],"wp:attachment":[{"href":"https:\/\/www.europesays.com\/pl\/wp-json\/wp\/v2\/media?parent=195454"}],"wp:term":[{"taxonomy":"category","embeddable":true,"href":"https:\/\/www.europesays.com\/pl\/wp-json\/wp\/v2\/categories?post=195454"},{"taxonomy":"post_tag","embeddable":true,"href":"https:\/\/www.europesays.com\/pl\/wp-json\/wp\/v2\/tags?post=195454"}],"curies":[{"name":"wp","href":"https:\/\/api.w.org\/{rel}","templated":true}]}}